{"id":21145,"date":"2023-09-11T17:28:16","date_gmt":"2023-09-11T16:28:16","guid":{"rendered":"https:\/\/www.agradocosmetic.com\/?p=21145"},"modified":"2023-11-18T17:00:39","modified_gmt":"2023-11-18T17:00:39","slug":"de-vuelta-a-la-rutina-facial-guia-para-una-piel-radiante","status":"publish","type":"post","link":"https:\/\/agradocosmetic.com\/pt\/de-vuelta-a-la-rutina-facial-guia-para-una-piel-radiante\/","title":{"rendered":"De volta \u00e0 rotina (facial): seu guia para uma pele radiante"},"content":{"rendered":"<p>Com o ver\u00e3o chegando ao fim, \u00e9 hora de voltar \u00e0 rotina e dar \u00e0 nossa pele o amor que ela merece. Pronto para descobrir como manter a pele radiante no meio da correria do dia a dia? Prepare o seu espelho porque aqui est\u00e3o as nossas melhores dicas para o conseguir.<\/p>\r\n\r\n\r\n\r\n<h2 class=\"wp-block-heading\">Limpeza: O primeiro passo para uma pele radiante<\/h2>\r\n\r\n\r\n\r\n<p>O segredo para uma pele radiante come\u00e7a com uma limpeza adequada. Livre-se da sujeira, maquiagem e impurezas do dia a dia com o <a href=\"\/pt\/?p=457\"><strong>Leite de Limpeza Cosm\u00e9tico Agrado<\/strong><\/a>. Esta f\u00f3rmula suave ir\u00e1 remover todos os vest\u00edgios de sujeira e maquiagem sem deixar a pele esticada, preparando-a para os pr\u00f3ximos passos da sua rotina facial.<\/p>\r\n\r\n\r\n\r\n<h2 class=\"wp-block-heading\">Tonifica e refresca: o toque m\u00e1gico da t\u00f4nica<\/h2>\r\n\r\n\r\n\r\n<p>O toner \u00e9 como um abra\u00e7o refrescante para a sua pele. Opte pelo <a href=\"\/pt\/?p=463\"><strong>T\u00f4nico Cosm\u00e9tico Agrado<\/strong><\/a> para equilibrar e tonificar a pele ap\u00f3s a limpeza. Al\u00e9m de refrescar, ajudar\u00e1 a fechar os poros e a criar uma base perfeita para a aplica\u00e7\u00e3o dos seguintes produtos.<\/p>\r\n\r\n\r\n\r\n<h2 class=\"wp-block-heading\">\u00c1gua Micelar: Sua aliada na hidrata\u00e7\u00e3o<\/h2>\r\n\r\n\r\n\r\n<p>Nunca subestime o poder da \u00e1gua micelar, principalmente na sua rotina noturna. Use o <a href=\"\/pt\/?p=469\"><strong>\u00c1gua Micelar Agrado Cosm\u00e9tica<\/strong><\/a> para remover qualquer res\u00edduo e maquiagem teimosa deixada para tr\u00e1s. Al\u00e9m disso, sua f\u00f3rmula hidratante deixar\u00e1 sua pele pronta para receber todos os benef\u00edcios dos seus tratamentos noturnos.<\/p>\r\n\r\n\r\n\r\n<h2 class=\"wp-block-heading\">Hidrata\u00e7\u00e3o: O segredo para uma pele radiante<\/h2>\r\n\r\n\r\n\r\n<p>A hidrata\u00e7\u00e3o \u00e9 a chave para uma pele radiante e saud\u00e1vel. Lembre-se de escolher um creme hidratante de acordo com as necessidades da sua pele (pele sens\u00edvel, mista, oleosa, normal...). Se sua pele tende a ficar seca, procure um creme rico em ingredientes hidratantes, como \u00e1cido hialur\u00f4nico ou glicerina. Se voc\u00ea tem pele oleosa, opte por um creme leve e sem \u00f3leo. A pele sens\u00edvel geralmente se beneficia de ingredientes calmantes, como aveia ou camomila. E se procura luminosidade extra, procure ingredientes como a vitamina C.<\/p>\r\n\r\n\r\n\r\n<h2 class=\"wp-block-heading\">Prote\u00e7\u00e3o solar: Sim e durante todo o ano<\/h2>\r\n\r\n\r\n\r\n<p>O uso do protetor solar n\u00e3o termina com o ver\u00e3o. Embora os dias possam ser mais frios, os raios solares ainda est\u00e3o presentes. A chave para uma pele radiante e saud\u00e1vel \u00e9 a prote\u00e7\u00e3o constante. E a\u00ed vem o seu aliado favorito: o <a href=\"\/pt\/?p=3558\"><strong>N\u00e9voa Facial Solar FPS50 da Agrado Cosmetic<\/strong><\/a>. Al\u00e9m de oferecer alta prote\u00e7\u00e3o contra os raios solares, tamb\u00e9m d\u00e1 um toque refrescante \u00e0 sua rotina. Pulverize na pele como \u00faltimo passo antes de sair e pronto!<\/p>\r\n\r\n\r\n\r\n<p>Lembre-se que sua rotina facial \u00e9 o seu momento especial de autocuidado. <strong>Reserve alguns minutos por dia para cuidar de voc\u00ea e da sua pele com Agrado Cosmetic.<\/strong> E deixe sua pele radiante!<\/p>","protected":false},"excerpt":{"rendered":"<p>Con el verano llegando a su fin, es hora de volver a la rutina y darle a nuestra piel el amor que se merece. \u00bfListx para descubrir c\u00f3mo mantener tu piel radiante en medio del ajetreo diario? Prepara tu espejo porque aqu\u00ed van nuestros mejores consejos para lograrlo. Limpieza: El primer paso hacia una piel [&hellip;]<\/p>\n","protected":false},"author":9,"featured_media":21168,"comment_status":"open","ping_status":"closed","sticky":false,"template":"","format":"standard","meta":{"footnotes":"","_wp_rev_ctl_limit":""},"categories":[519,1],"tags":[521,523,525,527,529],"class_list":["post-21145","post","type-post","status-publish","format-standard","has-post-thumbnail","hentry","category-facial-en-todos","category-todos","tag-guia-facial-en","tag-orden-productos-faciales-en","tag-piel-radiante-en","tag-rutina-facial-en","tag-vuelta-a-la-rutina-en"],"yoast_head":"<!-- This site is optimized with the Yoast SEO plugin v27.4 - https:\/\/yoast.com\/product\/yoast-seo-wordpress\/ -->\n<title>De vuelta a la rutina (facial): Tu gu\u00eda para una piel radiante - Agrado<\/title>\n<meta name=\"description\" content=\"\u00bfC\u00f3mo mantener tu piel radiante en medio del ajetreo del d\u00eda a d\u00eda? Prepara tu espejo porque aqu\u00ed van nuestros mejores consejos.\" \/>\n<meta name=\"robots\" content=\"index, follow, max-snippet:-1, max-image-preview:large, max-video-preview:-1\" \/>\n<link rel=\"canonical\" href=\"https:\/\/agradocosmetic.com\/pt\/de-vuelta-a-la-rutina-facial-guia-para-una-piel-radiante\/\" \/>\n<meta property=\"og:locale\" content=\"pt_PT\" \/>\n<meta property=\"og:type\" content=\"article\" \/>\n<meta property=\"og:title\" content=\"De vuelta a la rutina (facial): Tu gu\u00eda para una piel radiante - Agrado\" \/>\n<meta property=\"og:description\" content=\"\u00bfC\u00f3mo mantener tu piel radiante en medio del ajetreo del d\u00eda a d\u00eda? Prepara tu espejo porque aqu\u00ed van nuestros mejores consejos.\" \/>\n<meta property=\"og:url\" content=\"https:\/\/agradocosmetic.com\/pt\/de-vuelta-a-la-rutina-facial-guia-para-una-piel-radiante\/\" \/>\n<meta property=\"og:site_name\" content=\"Agrado\" \/>\n<meta property=\"article:published_time\" content=\"2023-09-11T16:28:16+00:00\" \/>\n<meta property=\"article:modified_time\" content=\"2023-11-18T17:00:39+00:00\" \/>\n<meta property=\"og:image\" content=\"https:\/\/agradocosmetic.com\/wp-content\/uploads\/2023\/09\/rutina-facial-agrado.jpg\" \/>\n\t<meta property=\"og:image:width\" content=\"1200\" \/>\n\t<meta property=\"og:image:height\" content=\"800\" \/>\n\t<meta property=\"og:image:type\" content=\"image\/jpeg\" \/>\n<meta name=\"author\" content=\"agradocosmetic\" \/>\n<meta name=\"twitter:card\" content=\"summary_large_image\" \/>\n<meta name=\"twitter:label1\" content=\"Escrito por\" \/>\n\t<meta name=\"twitter:data1\" content=\"agradocosmetic\" \/>\n\t<meta name=\"twitter:label2\" content=\"Tempo estimado de leitura\" \/>\n\t<meta name=\"twitter:data2\" content=\"3 minutos\" \/>\n<script type=\"application\/ld+json\" class=\"yoast-schema-graph\">{\"@context\":\"https:\\\/\\\/schema.org\",\"@graph\":[{\"@type\":\"Article\",\"@id\":\"https:\\\/\\\/agradocosmetic.com\\\/de-vuelta-a-la-rutina-facial-guia-para-una-piel-radiante\\\/#article\",\"isPartOf\":{\"@id\":\"https:\\\/\\\/agradocosmetic.com\\\/de-vuelta-a-la-rutina-facial-guia-para-una-piel-radiante\\\/\"},\"author\":{\"name\":\"agradocosmetic\",\"@id\":\"https:\\\/\\\/agradocosmetic.com\\\/#\\\/schema\\\/person\\\/732e8d396022e25f9340196f83d6789d\"},\"headline\":\"De vuelta a la rutina (facial): Tu gu\u00eda para una piel radiante\",\"datePublished\":\"2023-09-11T16:28:16+00:00\",\"dateModified\":\"2023-11-18T17:00:39+00:00\",\"mainEntityOfPage\":{\"@id\":\"https:\\\/\\\/agradocosmetic.com\\\/de-vuelta-a-la-rutina-facial-guia-para-una-piel-radiante\\\/\"},\"wordCount\":480,\"commentCount\":0,\"publisher\":{\"@id\":\"https:\\\/\\\/agradocosmetic.com\\\/#organization\"},\"image\":{\"@id\":\"https:\\\/\\\/agradocosmetic.com\\\/de-vuelta-a-la-rutina-facial-guia-para-una-piel-radiante\\\/#primaryimage\"},\"thumbnailUrl\":\"https:\\\/\\\/agradocosmetic.com\\\/wp-content\\\/uploads\\\/2023\\\/09\\\/rutina-facial-agrado.jpg\",\"keywords\":[\"gu\u00eda facial\",\"orden productos faciales\",\"piel radiante\",\"rutina facial\",\"vuelta a la rutina\"],\"articleSection\":[\"Facial\",\"Todos\"],\"inLanguage\":\"pt-PT\",\"potentialAction\":[{\"@type\":\"CommentAction\",\"name\":\"Comment\",\"target\":[\"https:\\\/\\\/agradocosmetic.com\\\/de-vuelta-a-la-rutina-facial-guia-para-una-piel-radiante\\\/#respond\"]}]},{\"@type\":\"WebPage\",\"@id\":\"https:\\\/\\\/agradocosmetic.com\\\/de-vuelta-a-la-rutina-facial-guia-para-una-piel-radiante\\\/\",\"url\":\"https:\\\/\\\/agradocosmetic.com\\\/de-vuelta-a-la-rutina-facial-guia-para-una-piel-radiante\\\/\",\"name\":\"De vuelta a la rutina (facial): Tu gu\u00eda para una piel radiante - Agrado\",\"isPartOf\":{\"@id\":\"https:\\\/\\\/agradocosmetic.com\\\/#website\"},\"primaryImageOfPage\":{\"@id\":\"https:\\\/\\\/agradocosmetic.com\\\/de-vuelta-a-la-rutina-facial-guia-para-una-piel-radiante\\\/#primaryimage\"},\"image\":{\"@id\":\"https:\\\/\\\/agradocosmetic.com\\\/de-vuelta-a-la-rutina-facial-guia-para-una-piel-radiante\\\/#primaryimage\"},\"thumbnailUrl\":\"https:\\\/\\\/agradocosmetic.com\\\/wp-content\\\/uploads\\\/2023\\\/09\\\/rutina-facial-agrado.jpg\",\"datePublished\":\"2023-09-11T16:28:16+00:00\",\"dateModified\":\"2023-11-18T17:00:39+00:00\",\"description\":\"\u00bfC\u00f3mo mantener tu piel radiante en medio del ajetreo del d\u00eda a d\u00eda? Prepara tu espejo porque aqu\u00ed van nuestros mejores consejos.\",\"breadcrumb\":{\"@id\":\"https:\\\/\\\/agradocosmetic.com\\\/de-vuelta-a-la-rutina-facial-guia-para-una-piel-radiante\\\/#breadcrumb\"},\"inLanguage\":\"pt-PT\",\"potentialAction\":[{\"@type\":\"ReadAction\",\"target\":[\"https:\\\/\\\/agradocosmetic.com\\\/de-vuelta-a-la-rutina-facial-guia-para-una-piel-radiante\\\/\"]}]},{\"@type\":\"ImageObject\",\"inLanguage\":\"pt-PT\",\"@id\":\"https:\\\/\\\/agradocosmetic.com\\\/de-vuelta-a-la-rutina-facial-guia-para-una-piel-radiante\\\/#primaryimage\",\"url\":\"https:\\\/\\\/agradocosmetic.com\\\/wp-content\\\/uploads\\\/2023\\\/09\\\/rutina-facial-agrado.jpg\",\"contentUrl\":\"https:\\\/\\\/agradocosmetic.com\\\/wp-content\\\/uploads\\\/2023\\\/09\\\/rutina-facial-agrado.jpg\",\"width\":1200,\"height\":800},{\"@type\":\"BreadcrumbList\",\"@id\":\"https:\\\/\\\/agradocosmetic.com\\\/de-vuelta-a-la-rutina-facial-guia-para-una-piel-radiante\\\/#breadcrumb\",\"itemListElement\":[{\"@type\":\"ListItem\",\"position\":1,\"name\":\"Portada\",\"item\":\"https:\\\/\\\/agradocosmetic.com\\\/\"},{\"@type\":\"ListItem\",\"position\":2,\"name\":\"De vuelta a la rutina (facial): Tu gu\u00eda para una piel radiante\"}]},{\"@type\":\"WebSite\",\"@id\":\"https:\\\/\\\/agradocosmetic.com\\\/#website\",\"url\":\"https:\\\/\\\/agradocosmetic.com\\\/\",\"name\":\"Agrado\",\"description\":\"Cosmetic\",\"publisher\":{\"@id\":\"https:\\\/\\\/agradocosmetic.com\\\/#organization\"},\"potentialAction\":[{\"@type\":\"SearchAction\",\"target\":{\"@type\":\"EntryPoint\",\"urlTemplate\":\"https:\\\/\\\/agradocosmetic.com\\\/?s={search_term_string}\"},\"query-input\":{\"@type\":\"PropertyValueSpecification\",\"valueRequired\":true,\"valueName\":\"search_term_string\"}}],\"inLanguage\":\"pt-PT\"},{\"@type\":\"Organization\",\"@id\":\"https:\\\/\\\/agradocosmetic.com\\\/#organization\",\"name\":\"Agrado\",\"url\":\"https:\\\/\\\/agradocosmetic.com\\\/\",\"logo\":{\"@type\":\"ImageObject\",\"inLanguage\":\"pt-PT\",\"@id\":\"https:\\\/\\\/agradocosmetic.com\\\/#\\\/schema\\\/logo\\\/image\\\/\",\"url\":\"https:\\\/\\\/agradocosmetic.com\\\/wp-content\\\/uploads\\\/2023\\\/07\\\/LOGO-AGRADO-WEB-01.png\",\"contentUrl\":\"https:\\\/\\\/agradocosmetic.com\\\/wp-content\\\/uploads\\\/2023\\\/07\\\/LOGO-AGRADO-WEB-01.png\",\"width\":1632,\"height\":300,\"caption\":\"Agrado\"},\"image\":{\"@id\":\"https:\\\/\\\/agradocosmetic.com\\\/#\\\/schema\\\/logo\\\/image\\\/\"}},{\"@type\":\"Person\",\"@id\":\"https:\\\/\\\/agradocosmetic.com\\\/#\\\/schema\\\/person\\\/732e8d396022e25f9340196f83d6789d\",\"name\":\"agradocosmetic\",\"image\":{\"@type\":\"ImageObject\",\"inLanguage\":\"pt-PT\",\"@id\":\"https:\\\/\\\/secure.gravatar.com\\\/avatar\\\/c6003e45301182b7e125463fcbec403b1980909c12edf09098526b9a15e779c0?s=96&d=mm&r=g\",\"url\":\"https:\\\/\\\/secure.gravatar.com\\\/avatar\\\/c6003e45301182b7e125463fcbec403b1980909c12edf09098526b9a15e779c0?s=96&d=mm&r=g\",\"contentUrl\":\"https:\\\/\\\/secure.gravatar.com\\\/avatar\\\/c6003e45301182b7e125463fcbec403b1980909c12edf09098526b9a15e779c0?s=96&d=mm&r=g\",\"caption\":\"agradocosmetic\"}}]}<\/script>\n<!-- \/ Yoast SEO plugin. -->","yoast_head_json":{"title":"De vuelta a la rutina (facial): Tu gu\u00eda para una piel radiante - Agrado","description":"\u00bfC\u00f3mo mantener tu piel radiante en medio del ajetreo del d\u00eda a d\u00eda? Prepara tu espejo porque aqu\u00ed van nuestros mejores consejos.","robots":{"index":"index","follow":"follow","max-snippet":"max-snippet:-1","max-image-preview":"max-image-preview:large","max-video-preview":"max-video-preview:-1"},"canonical":"https:\/\/agradocosmetic.com\/pt\/de-vuelta-a-la-rutina-facial-guia-para-una-piel-radiante\/","og_locale":"pt_PT","og_type":"article","og_title":"De vuelta a la rutina (facial): Tu gu\u00eda para una piel radiante - Agrado","og_description":"\u00bfC\u00f3mo mantener tu piel radiante en medio del ajetreo del d\u00eda a d\u00eda? Prepara tu espejo porque aqu\u00ed van nuestros mejores consejos.","og_url":"https:\/\/agradocosmetic.com\/pt\/de-vuelta-a-la-rutina-facial-guia-para-una-piel-radiante\/","og_site_name":"Agrado","article_published_time":"2023-09-11T16:28:16+00:00","article_modified_time":"2023-11-18T17:00:39+00:00","og_image":[{"width":1200,"height":800,"url":"https:\/\/agradocosmetic.com\/wp-content\/uploads\/2023\/09\/rutina-facial-agrado.jpg","type":"image\/jpeg"}],"author":"agradocosmetic","twitter_card":"summary_large_image","twitter_misc":{"Escrito por":"agradocosmetic","Tempo estimado de leitura":"3 minutos"},"schema":{"@context":"https:\/\/schema.org","@graph":[{"@type":"Article","@id":"https:\/\/agradocosmetic.com\/de-vuelta-a-la-rutina-facial-guia-para-una-piel-radiante\/#article","isPartOf":{"@id":"https:\/\/agradocosmetic.com\/de-vuelta-a-la-rutina-facial-guia-para-una-piel-radiante\/"},"author":{"name":"agradocosmetic","@id":"https:\/\/agradocosmetic.com\/#\/schema\/person\/732e8d396022e25f9340196f83d6789d"},"headline":"De vuelta a la rutina (facial): Tu gu\u00eda para una piel radiante","datePublished":"2023-09-11T16:28:16+00:00","dateModified":"2023-11-18T17:00:39+00:00","mainEntityOfPage":{"@id":"https:\/\/agradocosmetic.com\/de-vuelta-a-la-rutina-facial-guia-para-una-piel-radiante\/"},"wordCount":480,"commentCount":0,"publisher":{"@id":"https:\/\/agradocosmetic.com\/#organization"},"image":{"@id":"https:\/\/agradocosmetic.com\/de-vuelta-a-la-rutina-facial-guia-para-una-piel-radiante\/#primaryimage"},"thumbnailUrl":"https:\/\/agradocosmetic.com\/wp-content\/uploads\/2023\/09\/rutina-facial-agrado.jpg","keywords":["gu\u00eda facial","orden productos faciales","piel radiante","rutina facial","vuelta a la rutina"],"articleSection":["Facial","Todos"],"inLanguage":"pt-PT","potentialAction":[{"@type":"CommentAction","name":"Comment","target":["https:\/\/agradocosmetic.com\/de-vuelta-a-la-rutina-facial-guia-para-una-piel-radiante\/#respond"]}]},{"@type":"WebPage","@id":"https:\/\/agradocosmetic.com\/de-vuelta-a-la-rutina-facial-guia-para-una-piel-radiante\/","url":"https:\/\/agradocosmetic.com\/de-vuelta-a-la-rutina-facial-guia-para-una-piel-radiante\/","name":"De vuelta a la rutina (facial): Tu gu\u00eda para una piel radiante - Agrado","isPartOf":{"@id":"https:\/\/agradocosmetic.com\/#website"},"primaryImageOfPage":{"@id":"https:\/\/agradocosmetic.com\/de-vuelta-a-la-rutina-facial-guia-para-una-piel-radiante\/#primaryimage"},"image":{"@id":"https:\/\/agradocosmetic.com\/de-vuelta-a-la-rutina-facial-guia-para-una-piel-radiante\/#primaryimage"},"thumbnailUrl":"https:\/\/agradocosmetic.com\/wp-content\/uploads\/2023\/09\/rutina-facial-agrado.jpg","datePublished":"2023-09-11T16:28:16+00:00","dateModified":"2023-11-18T17:00:39+00:00","description":"\u00bfC\u00f3mo mantener tu piel radiante en medio del ajetreo del d\u00eda a d\u00eda? Prepara tu espejo porque aqu\u00ed van nuestros mejores consejos.","breadcrumb":{"@id":"https:\/\/agradocosmetic.com\/de-vuelta-a-la-rutina-facial-guia-para-una-piel-radiante\/#breadcrumb"},"inLanguage":"pt-PT","potentialAction":[{"@type":"ReadAction","target":["https:\/\/agradocosmetic.com\/de-vuelta-a-la-rutina-facial-guia-para-una-piel-radiante\/"]}]},{"@type":"ImageObject","inLanguage":"pt-PT","@id":"https:\/\/agradocosmetic.com\/de-vuelta-a-la-rutina-facial-guia-para-una-piel-radiante\/#primaryimage","url":"https:\/\/agradocosmetic.com\/wp-content\/uploads\/2023\/09\/rutina-facial-agrado.jpg","contentUrl":"https:\/\/agradocosmetic.com\/wp-content\/uploads\/2023\/09\/rutina-facial-agrado.jpg","width":1200,"height":800},{"@type":"BreadcrumbList","@id":"https:\/\/agradocosmetic.com\/de-vuelta-a-la-rutina-facial-guia-para-una-piel-radiante\/#breadcrumb","itemListElement":[{"@type":"ListItem","position":1,"name":"Portada","item":"https:\/\/agradocosmetic.com\/"},{"@type":"ListItem","position":2,"name":"De vuelta a la rutina (facial): Tu gu\u00eda para una piel radiante"}]},{"@type":"WebSite","@id":"https:\/\/agradocosmetic.com\/#website","url":"https:\/\/agradocosmetic.com\/","name":"Gosto","description":"Cosm\u00e9tico","publisher":{"@id":"https:\/\/agradocosmetic.com\/#organization"},"potentialAction":[{"@type":"SearchAction","target":{"@type":"EntryPoint","urlTemplate":"https:\/\/agradocosmetic.com\/?s={search_term_string}"},"query-input":{"@type":"PropertyValueSpecification","valueRequired":true,"valueName":"search_term_string"}}],"inLanguage":"pt-PT"},{"@type":"Organization","@id":"https:\/\/agradocosmetic.com\/#organization","name":"Gosto","url":"https:\/\/agradocosmetic.com\/","logo":{"@type":"ImageObject","inLanguage":"pt-PT","@id":"https:\/\/agradocosmetic.com\/#\/schema\/logo\/image\/","url":"https:\/\/agradocosmetic.com\/wp-content\/uploads\/2023\/07\/LOGO-AGRADO-WEB-01.png","contentUrl":"https:\/\/agradocosmetic.com\/wp-content\/uploads\/2023\/07\/LOGO-AGRADO-WEB-01.png","width":1632,"height":300,"caption":"Agrado"},"image":{"@id":"https:\/\/agradocosmetic.com\/#\/schema\/logo\/image\/"}},{"@type":"Person","@id":"https:\/\/agradocosmetic.com\/#\/schema\/person\/732e8d396022e25f9340196f83d6789d","name":"agradocosm\u00e9tico","image":{"@type":"ImageObject","inLanguage":"pt-PT","@id":"https:\/\/secure.gravatar.com\/avatar\/c6003e45301182b7e125463fcbec403b1980909c12edf09098526b9a15e779c0?s=96&d=mm&r=g","url":"https:\/\/secure.gravatar.com\/avatar\/c6003e45301182b7e125463fcbec403b1980909c12edf09098526b9a15e779c0?s=96&d=mm&r=g","contentUrl":"https:\/\/secure.gravatar.com\/avatar\/c6003e45301182b7e125463fcbec403b1980909c12edf09098526b9a15e779c0?s=96&d=mm&r=g","caption":"agradocosmetic"}}]}},"_links":{"self":[{"href":"https:\/\/agradocosmetic.com\/pt\/wp-json\/wp\/v2\/posts\/21145","targetHints":{"allow":["GET"]}}],"collection":[{"href":"https:\/\/agradocosmetic.com\/pt\/wp-json\/wp\/v2\/posts"}],"about":[{"href":"https:\/\/agradocosmetic.com\/pt\/wp-json\/wp\/v2\/types\/post"}],"author":[{"embeddable":true,"href":"https:\/\/agradocosmetic.com\/pt\/wp-json\/wp\/v2\/users\/9"}],"replies":[{"embeddable":true,"href":"https:\/\/agradocosmetic.com\/pt\/wp-json\/wp\/v2\/comments?post=21145"}],"version-history":[{"count":1,"href":"https:\/\/agradocosmetic.com\/pt\/wp-json\/wp\/v2\/posts\/21145\/revisions"}],"predecessor-version":[{"id":21170,"href":"https:\/\/agradocosmetic.com\/pt\/wp-json\/wp\/v2\/posts\/21145\/revisions\/21170"}],"wp:featuredmedia":[{"embeddable":true,"href":"https:\/\/agradocosmetic.com\/pt\/wp-json\/wp\/v2\/media\/21168"}],"wp:attachment":[{"href":"https:\/\/agradocosmetic.com\/pt\/wp-json\/wp\/v2\/media?parent=21145"}],"wp:term":[{"taxonomy":"category","embeddable":true,"href":"https:\/\/agradocosmetic.com\/pt\/wp-json\/wp\/v2\/categories?post=21145"},{"taxonomy":"post_tag","embeddable":true,"href":"https:\/\/agradocosmetic.com\/pt\/wp-json\/wp\/v2\/tags?post=21145"}],"curies":[{"name":"wp","href":"https:\/\/api.w.org\/{rel}","templated":true}]}}