{"id":2246,"date":"2018-06-26T11:21:03","date_gmt":"2018-06-26T10:21:03","guid":{"rendered":"https:\/\/www.agradocosmetic.com\/?p=2246"},"modified":"2023-11-18T16:58:56","modified_gmt":"2023-11-18T16:58:56","slug":"conoce-las-razones-por-las-que-debes-usar-after-sun-en-verano","status":"publish","type":"post","link":"https:\/\/agradocosmetic.com\/pt\/conoce-las-razones-por-las-que-debes-usar-after-sun-en-verano\/","title":{"rendered":"Aprenda os motivos pelos quais voc\u00ea deve usar o After Sun no ver\u00e3o."},"content":{"rendered":"<p>O after sun \u00e9 mais importante do que pensamos e deve ser usado sempre que estamos expostos ao sol, e n\u00e3o apenas nos dias em que notamos irrita\u00e7\u00e3o ap\u00f3s um longo dia de praia.<\/p>\n<p>N\u00e3o s\u00f3 o sol pode ter um efeito indesejado, como a pr\u00f3pria \u00e1gua e o vento podem ressecar a pele, tornando-a mais sens\u00edvel e vulner\u00e1vel. Um dos seus melhores aliados para combater esses sintomas \u00e9 justamente um bom p\u00f3s-sol. Preste aten\u00e7\u00e3o, pois neste post vamos mostrar suas propriedades, seus benef\u00edcios e outros aspectos gerais deste produto. Vamos la!<\/p>\n<h2><strong>Que propriedades deve ter um bom p\u00f3s-sol?<\/strong><\/h2>\n<p>After sun \u00e9 uma lo\u00e7\u00e3o corporal cuja f\u00f3rmula deve conter agentes hidratantes, al\u00e9m de agentes calmantes, refrescantes e regeneradores da pele. Esta composi\u00e7\u00e3o \u00e9 o que o tornar\u00e1 \u00fatil depois de estar ao ar livre e exposto ao sol.<\/p>\n<p>Quando recorremos ao p\u00f3s-sol, a nossa pele fica danificada e necessita de regenera\u00e7\u00e3o celular para que a nova pele cres\u00e7a rapidamente, por isso necessitamos que o nosso produto tenha os princ\u00edpios activos necess\u00e1rios para reparar a pele de forma adequada e eficaz.<\/p>\n<p>O Hidrocalmante P\u00f3s-Solar que voc\u00ea encontra na nova linha solar Agrado Cosmetic cont\u00e9m esses agentes, al\u00e9m do Extrato de Gengibre. Al\u00e9m disso, seu formato spray o torna confort\u00e1vel e muito pr\u00e1tico na hora de aplic\u00e1-lo a qualquer momento. Porque \u00e0s vezes a pregui\u00e7a \u00e9 a pior inimiga dos cuidados com o corpo, certo?<\/p>\n<p><img fetchpriority=\"high\" decoding=\"async\" class=\"alignnone size-large wp-image-2266\" src=\"https:\/\/www.agradocosmetic.com\/wp-content\/uploads\/2018\/06\/foto-producto-1024x731.jpg\" alt=\"producto- after sun efecto hidrocalmante\" width=\"848\" height=\"605\" \/><\/p>\n<h2><strong>Quais s\u00e3o os benef\u00edcios que isso traz?<\/strong><\/h2>\n<p>Se voc\u00ea se acostumar a usar depois do sol, notar\u00e1 que sua pele ficar\u00e1 bem hidratada e com bem-estar e conforto extra. Outra coisa que voc\u00ea notar\u00e1 com um bom p\u00f3s-sol \u00e9 a sensa\u00e7\u00e3o de queda na temperatura da pele, deixando nela um efeito imediato de frescor.<\/p>\n<h2><strong>Quando devo aplicar depois do sol? <\/strong><\/h2>\n<p>Como o pr\u00f3prio nome indica, o after sun deve ser aplicado depois de ter sido exposto ao sol. O ideal \u00e9 usar uma camada generosa em todo o corpo ap\u00f3s o banho, como faria com outros tipos de lo\u00e7\u00f5es.<\/p>\n<p>Um p\u00f3s-sol pode ser aplicado novamente quantas vezes achar necess\u00e1rio, ser\u00e1 um extra para hidratar e reparar sua pele! Claro, lembre-se que se a irrita\u00e7\u00e3o ou queimadura for pronunciada e n\u00e3o desaparecer, \u00e9 aconselh\u00e1vel consultar um dermatologista para avaliar os danos.<\/p>\n<p><img decoding=\"async\" class=\"alignnone size-large wp-image-2063\" src=\"https:\/\/www.agradocosmetic.com\/wp-content\/uploads\/2018\/04\/ni\u00f1os-jugando-en-la-playa-1024x731.jpg\" alt=\"ni\u00f1os-playa-proteccion-solar\" width=\"848\" height=\"605\" \/><\/p>\n<h2><strong>Posso us\u00e1-lo depois do ver\u00e3o?<\/strong><\/h2>\n<p>Claro que sim! Podemos continuar usando depois do sol mesmo que j\u00e1 tenha passado o ver\u00e3o, quando vamos \u00e0 praia ou \u00e0 piscina tomar sol.<\/p>\n<p>Cont\u00e9m agentes hidratantes, regeneradores e calmantes, por isso faz bem \u00e0 pele em qualquer \u00e9poca do ano.<\/p>\n<p>&nbsp;<\/p>\n<p>E lembre-se que voc\u00ea deve SEMPRE usar um protetor de fator adequado para n\u00e3o agredir tanto a pele se for passar o dia no sol. Procure fazer com que sofra o m\u00ednimo poss\u00edvel e ajude a hidrat\u00e1-lo ap\u00f3s a exposi\u00e7\u00e3o com o p\u00f3s-sol.<\/p>\n<p>At\u00e9 aqui o post de hoje! Esperamos que voc\u00ea tenha conhecido um pouco melhor o que \u00e9 um p\u00f3s-sol, suas propriedades e benef\u00edcios. #Proteja e repare a sua pele neste ver\u00e3o. O que achou desse post? Deixe seus coment\u00e1rios aqui no blog.<\/p>","protected":false},"excerpt":{"rendered":"<p>El after sun es m\u00e1s importante de lo que pensamos y se deber\u00eda utilizar siempre que nos exponemos al sol, y no solo los d\u00edas en los que notamos irritaci\u00f3n despu\u00e9s de un largo d\u00eda en la playa. No s\u00f3lo el sol puede tener un efecto no deseado, el agua y el viento mismo pueden [&hellip;]<\/p>\n","protected":false},"author":9,"featured_media":21426,"comment_status":"open","ping_status":"closed","sticky":false,"template":"","format":"standard","meta":{"footnotes":"","_wp_rev_ctl_limit":""},"categories":[116,1],"tags":[270,271,126,137,150,151,205,272,273,225,145],"class_list":["post-2246","post","type-post","status-publish","format-standard","has-post-thumbnail","hentry","category-solar","category-todos","tag-aerosol","tag-aftersun","tag-agrado","tag-agradocosmetic","tag-cosmetica","tag-crema","tag-hidratacion","tag-hidrocalmante","tag-locion","tag-proteccion","tag-spray"],"yoast_head":"<!-- This site is optimized with the Yoast SEO plugin v27.4 - https:\/\/yoast.com\/product\/yoast-seo-wordpress\/ -->\n<title>Conoce las razones por las que debes usar After Sun en verano. - Agrado<\/title>\n<meta name=\"robots\" content=\"index, follow, max-snippet:-1, max-image-preview:large, max-video-preview:-1\" \/>\n<link rel=\"canonical\" href=\"https:\/\/agradocosmetic.com\/pt\/conoce-las-razones-por-las-que-debes-usar-after-sun-en-verano\/\" \/>\n<meta property=\"og:locale\" content=\"pt_PT\" \/>\n<meta property=\"og:type\" content=\"article\" \/>\n<meta property=\"og:title\" content=\"Conoce las razones por las que debes usar After Sun en verano. - Agrado\" \/>\n<meta property=\"og:description\" content=\"El after sun es m\u00e1s importante de lo que pensamos y se deber\u00eda utilizar siempre que nos exponemos al sol, y no solo los d\u00edas en los que notamos irritaci\u00f3n despu\u00e9s de un largo d\u00eda en la playa. No s\u00f3lo el sol puede tener un efecto no deseado, el agua y el viento mismo pueden [&hellip;]\" \/>\n<meta property=\"og:url\" content=\"https:\/\/agradocosmetic.com\/pt\/conoce-las-razones-por-las-que-debes-usar-after-sun-en-verano\/\" \/>\n<meta property=\"og:site_name\" content=\"Agrado\" \/>\n<meta property=\"article:published_time\" content=\"2018-06-26T10:21:03+00:00\" \/>\n<meta property=\"article:modified_time\" content=\"2023-11-18T16:58:56+00:00\" \/>\n<meta property=\"og:image\" content=\"https:\/\/agradocosmetic.com\/wp-content\/uploads\/2018\/06\/after-sun-agrado.jpg\" \/>\n\t<meta property=\"og:image:width\" content=\"1200\" \/>\n\t<meta property=\"og:image:height\" content=\"800\" \/>\n\t<meta property=\"og:image:type\" content=\"image\/jpeg\" \/>\n<meta name=\"author\" content=\"agradocosmetic\" \/>\n<meta name=\"twitter:card\" content=\"summary_large_image\" \/>\n<meta name=\"twitter:label1\" content=\"Escrito por\" \/>\n\t<meta name=\"twitter:data1\" content=\"agradocosmetic\" \/>\n\t<meta name=\"twitter:label2\" content=\"Tempo estimado de leitura\" \/>\n\t<meta name=\"twitter:data2\" content=\"3 minutos\" \/>\n<script type=\"application\/ld+json\" class=\"yoast-schema-graph\">{\"@context\":\"https:\\\/\\\/schema.org\",\"@graph\":[{\"@type\":\"Article\",\"@id\":\"https:\\\/\\\/agradocosmetic.com\\\/conoce-las-razones-por-las-que-debes-usar-after-sun-en-verano\\\/#article\",\"isPartOf\":{\"@id\":\"https:\\\/\\\/agradocosmetic.com\\\/conoce-las-razones-por-las-que-debes-usar-after-sun-en-verano\\\/\"},\"author\":{\"name\":\"agradocosmetic\",\"@id\":\"https:\\\/\\\/agradocosmetic.com\\\/#\\\/schema\\\/person\\\/732e8d396022e25f9340196f83d6789d\"},\"headline\":\"Conoce las razones por las que debes usar After Sun en verano.\",\"datePublished\":\"2018-06-26T10:21:03+00:00\",\"dateModified\":\"2023-11-18T16:58:56+00:00\",\"mainEntityOfPage\":{\"@id\":\"https:\\\/\\\/agradocosmetic.com\\\/conoce-las-razones-por-las-que-debes-usar-after-sun-en-verano\\\/\"},\"wordCount\":594,\"commentCount\":0,\"publisher\":{\"@id\":\"https:\\\/\\\/agradocosmetic.com\\\/#organization\"},\"image\":{\"@id\":\"https:\\\/\\\/agradocosmetic.com\\\/conoce-las-razones-por-las-que-debes-usar-after-sun-en-verano\\\/#primaryimage\"},\"thumbnailUrl\":\"https:\\\/\\\/agradocosmetic.com\\\/wp-content\\\/uploads\\\/2018\\\/06\\\/after-sun-agrado.jpg\",\"keywords\":[\"aerosol\",\"aftersun\",\"agrado\",\"agradocosmetic\",\"cosmetica\",\"crema\",\"hidrataci\u00f3n\",\"hidrocalmante\",\"locion\",\"proteccion\",\"spray\"],\"articleSection\":[\"Solar\",\"Todos\"],\"inLanguage\":\"pt-PT\",\"potentialAction\":[{\"@type\":\"CommentAction\",\"name\":\"Comment\",\"target\":[\"https:\\\/\\\/agradocosmetic.com\\\/conoce-las-razones-por-las-que-debes-usar-after-sun-en-verano\\\/#respond\"]}]},{\"@type\":\"WebPage\",\"@id\":\"https:\\\/\\\/agradocosmetic.com\\\/conoce-las-razones-por-las-que-debes-usar-after-sun-en-verano\\\/\",\"url\":\"https:\\\/\\\/agradocosmetic.com\\\/conoce-las-razones-por-las-que-debes-usar-after-sun-en-verano\\\/\",\"name\":\"Conoce las razones por las que debes usar After Sun en verano. - Agrado\",\"isPartOf\":{\"@id\":\"https:\\\/\\\/agradocosmetic.com\\\/#website\"},\"primaryImageOfPage\":{\"@id\":\"https:\\\/\\\/agradocosmetic.com\\\/conoce-las-razones-por-las-que-debes-usar-after-sun-en-verano\\\/#primaryimage\"},\"image\":{\"@id\":\"https:\\\/\\\/agradocosmetic.com\\\/conoce-las-razones-por-las-que-debes-usar-after-sun-en-verano\\\/#primaryimage\"},\"thumbnailUrl\":\"https:\\\/\\\/agradocosmetic.com\\\/wp-content\\\/uploads\\\/2018\\\/06\\\/after-sun-agrado.jpg\",\"datePublished\":\"2018-06-26T10:21:03+00:00\",\"dateModified\":\"2023-11-18T16:58:56+00:00\",\"breadcrumb\":{\"@id\":\"https:\\\/\\\/agradocosmetic.com\\\/conoce-las-razones-por-las-que-debes-usar-after-sun-en-verano\\\/#breadcrumb\"},\"inLanguage\":\"pt-PT\",\"potentialAction\":[{\"@type\":\"ReadAction\",\"target\":[\"https:\\\/\\\/agradocosmetic.com\\\/conoce-las-razones-por-las-que-debes-usar-after-sun-en-verano\\\/\"]}]},{\"@type\":\"ImageObject\",\"inLanguage\":\"pt-PT\",\"@id\":\"https:\\\/\\\/agradocosmetic.com\\\/conoce-las-razones-por-las-que-debes-usar-after-sun-en-verano\\\/#primaryimage\",\"url\":\"https:\\\/\\\/agradocosmetic.com\\\/wp-content\\\/uploads\\\/2018\\\/06\\\/after-sun-agrado.jpg\",\"contentUrl\":\"https:\\\/\\\/agradocosmetic.com\\\/wp-content\\\/uploads\\\/2018\\\/06\\\/after-sun-agrado.jpg\",\"width\":1200,\"height\":800},{\"@type\":\"BreadcrumbList\",\"@id\":\"https:\\\/\\\/agradocosmetic.com\\\/conoce-las-razones-por-las-que-debes-usar-after-sun-en-verano\\\/#breadcrumb\",\"itemListElement\":[{\"@type\":\"ListItem\",\"position\":1,\"name\":\"Portada\",\"item\":\"https:\\\/\\\/agradocosmetic.com\\\/\"},{\"@type\":\"ListItem\",\"position\":2,\"name\":\"Conoce las razones por las que debes usar After Sun en verano.\"}]},{\"@type\":\"WebSite\",\"@id\":\"https:\\\/\\\/agradocosmetic.com\\\/#website\",\"url\":\"https:\\\/\\\/agradocosmetic.com\\\/\",\"name\":\"Agrado\",\"description\":\"Cosmetic\",\"publisher\":{\"@id\":\"https:\\\/\\\/agradocosmetic.com\\\/#organization\"},\"potentialAction\":[{\"@type\":\"SearchAction\",\"target\":{\"@type\":\"EntryPoint\",\"urlTemplate\":\"https:\\\/\\\/agradocosmetic.com\\\/?s={search_term_string}\"},\"query-input\":{\"@type\":\"PropertyValueSpecification\",\"valueRequired\":true,\"valueName\":\"search_term_string\"}}],\"inLanguage\":\"pt-PT\"},{\"@type\":\"Organization\",\"@id\":\"https:\\\/\\\/agradocosmetic.com\\\/#organization\",\"name\":\"Agrado\",\"url\":\"https:\\\/\\\/agradocosmetic.com\\\/\",\"logo\":{\"@type\":\"ImageObject\",\"inLanguage\":\"pt-PT\",\"@id\":\"https:\\\/\\\/agradocosmetic.com\\\/#\\\/schema\\\/logo\\\/image\\\/\",\"url\":\"https:\\\/\\\/agradocosmetic.com\\\/wp-content\\\/uploads\\\/2023\\\/07\\\/LOGO-AGRADO-WEB-01.png\",\"contentUrl\":\"https:\\\/\\\/agradocosmetic.com\\\/wp-content\\\/uploads\\\/2023\\\/07\\\/LOGO-AGRADO-WEB-01.png\",\"width\":1632,\"height\":300,\"caption\":\"Agrado\"},\"image\":{\"@id\":\"https:\\\/\\\/agradocosmetic.com\\\/#\\\/schema\\\/logo\\\/image\\\/\"}},{\"@type\":\"Person\",\"@id\":\"https:\\\/\\\/agradocosmetic.com\\\/#\\\/schema\\\/person\\\/732e8d396022e25f9340196f83d6789d\",\"name\":\"agradocosmetic\",\"image\":{\"@type\":\"ImageObject\",\"inLanguage\":\"pt-PT\",\"@id\":\"https:\\\/\\\/secure.gravatar.com\\\/avatar\\\/c6003e45301182b7e125463fcbec403b1980909c12edf09098526b9a15e779c0?s=96&d=mm&r=g\",\"url\":\"https:\\\/\\\/secure.gravatar.com\\\/avatar\\\/c6003e45301182b7e125463fcbec403b1980909c12edf09098526b9a15e779c0?s=96&d=mm&r=g\",\"contentUrl\":\"https:\\\/\\\/secure.gravatar.com\\\/avatar\\\/c6003e45301182b7e125463fcbec403b1980909c12edf09098526b9a15e779c0?s=96&d=mm&r=g\",\"caption\":\"agradocosmetic\"}}]}<\/script>\n<!-- \/ Yoast SEO plugin. -->","yoast_head_json":{"title":"Conoce las razones por las que debes usar After Sun en verano. - Agrado","robots":{"index":"index","follow":"follow","max-snippet":"max-snippet:-1","max-image-preview":"max-image-preview:large","max-video-preview":"max-video-preview:-1"},"canonical":"https:\/\/agradocosmetic.com\/pt\/conoce-las-razones-por-las-que-debes-usar-after-sun-en-verano\/","og_locale":"pt_PT","og_type":"article","og_title":"Conoce las razones por las que debes usar After Sun en verano. - Agrado","og_description":"El after sun es m\u00e1s importante de lo que pensamos y se deber\u00eda utilizar siempre que nos exponemos al sol, y no solo los d\u00edas en los que notamos irritaci\u00f3n despu\u00e9s de un largo d\u00eda en la playa. No s\u00f3lo el sol puede tener un efecto no deseado, el agua y el viento mismo pueden [&hellip;]","og_url":"https:\/\/agradocosmetic.com\/pt\/conoce-las-razones-por-las-que-debes-usar-after-sun-en-verano\/","og_site_name":"Agrado","article_published_time":"2018-06-26T10:21:03+00:00","article_modified_time":"2023-11-18T16:58:56+00:00","og_image":[{"width":1200,"height":800,"url":"https:\/\/agradocosmetic.com\/wp-content\/uploads\/2018\/06\/after-sun-agrado.jpg","type":"image\/jpeg"}],"author":"agradocosmetic","twitter_card":"summary_large_image","twitter_misc":{"Escrito por":"agradocosmetic","Tempo estimado de leitura":"3 minutos"},"schema":{"@context":"https:\/\/schema.org","@graph":[{"@type":"Article","@id":"https:\/\/agradocosmetic.com\/conoce-las-razones-por-las-que-debes-usar-after-sun-en-verano\/#article","isPartOf":{"@id":"https:\/\/agradocosmetic.com\/conoce-las-razones-por-las-que-debes-usar-after-sun-en-verano\/"},"author":{"name":"agradocosmetic","@id":"https:\/\/agradocosmetic.com\/#\/schema\/person\/732e8d396022e25f9340196f83d6789d"},"headline":"Conoce las razones por las que debes usar After Sun en verano.","datePublished":"2018-06-26T10:21:03+00:00","dateModified":"2023-11-18T16:58:56+00:00","mainEntityOfPage":{"@id":"https:\/\/agradocosmetic.com\/conoce-las-razones-por-las-que-debes-usar-after-sun-en-verano\/"},"wordCount":594,"commentCount":0,"publisher":{"@id":"https:\/\/agradocosmetic.com\/#organization"},"image":{"@id":"https:\/\/agradocosmetic.com\/conoce-las-razones-por-las-que-debes-usar-after-sun-en-verano\/#primaryimage"},"thumbnailUrl":"https:\/\/agradocosmetic.com\/wp-content\/uploads\/2018\/06\/after-sun-agrado.jpg","keywords":["aerosol","aftersun","agrado","agradocosmetic","cosmetica","crema","hidrataci\u00f3n","hidrocalmante","locion","proteccion","spray"],"articleSection":["Solar","Todos"],"inLanguage":"pt-PT","potentialAction":[{"@type":"CommentAction","name":"Comment","target":["https:\/\/agradocosmetic.com\/conoce-las-razones-por-las-que-debes-usar-after-sun-en-verano\/#respond"]}]},{"@type":"WebPage","@id":"https:\/\/agradocosmetic.com\/conoce-las-razones-por-las-que-debes-usar-after-sun-en-verano\/","url":"https:\/\/agradocosmetic.com\/conoce-las-razones-por-las-que-debes-usar-after-sun-en-verano\/","name":"Conoce las razones por las que debes usar After Sun en verano. - Agrado","isPartOf":{"@id":"https:\/\/agradocosmetic.com\/#website"},"primaryImageOfPage":{"@id":"https:\/\/agradocosmetic.com\/conoce-las-razones-por-las-que-debes-usar-after-sun-en-verano\/#primaryimage"},"image":{"@id":"https:\/\/agradocosmetic.com\/conoce-las-razones-por-las-que-debes-usar-after-sun-en-verano\/#primaryimage"},"thumbnailUrl":"https:\/\/agradocosmetic.com\/wp-content\/uploads\/2018\/06\/after-sun-agrado.jpg","datePublished":"2018-06-26T10:21:03+00:00","dateModified":"2023-11-18T16:58:56+00:00","breadcrumb":{"@id":"https:\/\/agradocosmetic.com\/conoce-las-razones-por-las-que-debes-usar-after-sun-en-verano\/#breadcrumb"},"inLanguage":"pt-PT","potentialAction":[{"@type":"ReadAction","target":["https:\/\/agradocosmetic.com\/conoce-las-razones-por-las-que-debes-usar-after-sun-en-verano\/"]}]},{"@type":"ImageObject","inLanguage":"pt-PT","@id":"https:\/\/agradocosmetic.com\/conoce-las-razones-por-las-que-debes-usar-after-sun-en-verano\/#primaryimage","url":"https:\/\/agradocosmetic.com\/wp-content\/uploads\/2018\/06\/after-sun-agrado.jpg","contentUrl":"https:\/\/agradocosmetic.com\/wp-content\/uploads\/2018\/06\/after-sun-agrado.jpg","width":1200,"height":800},{"@type":"BreadcrumbList","@id":"https:\/\/agradocosmetic.com\/conoce-las-razones-por-las-que-debes-usar-after-sun-en-verano\/#breadcrumb","itemListElement":[{"@type":"ListItem","position":1,"name":"Portada","item":"https:\/\/agradocosmetic.com\/"},{"@type":"ListItem","position":2,"name":"Conoce las razones por las que debes usar After Sun en verano."}]},{"@type":"WebSite","@id":"https:\/\/agradocosmetic.com\/#website","url":"https:\/\/agradocosmetic.com\/","name":"Gosto","description":"Cosm\u00e9tico","publisher":{"@id":"https:\/\/agradocosmetic.com\/#organization"},"potentialAction":[{"@type":"SearchAction","target":{"@type":"EntryPoint","urlTemplate":"https:\/\/agradocosmetic.com\/?s={search_term_string}"},"query-input":{"@type":"PropertyValueSpecification","valueRequired":true,"valueName":"search_term_string"}}],"inLanguage":"pt-PT"},{"@type":"Organization","@id":"https:\/\/agradocosmetic.com\/#organization","name":"Gosto","url":"https:\/\/agradocosmetic.com\/","logo":{"@type":"ImageObject","inLanguage":"pt-PT","@id":"https:\/\/agradocosmetic.com\/#\/schema\/logo\/image\/","url":"https:\/\/agradocosmetic.com\/wp-content\/uploads\/2023\/07\/LOGO-AGRADO-WEB-01.png","contentUrl":"https:\/\/agradocosmetic.com\/wp-content\/uploads\/2023\/07\/LOGO-AGRADO-WEB-01.png","width":1632,"height":300,"caption":"Agrado"},"image":{"@id":"https:\/\/agradocosmetic.com\/#\/schema\/logo\/image\/"}},{"@type":"Person","@id":"https:\/\/agradocosmetic.com\/#\/schema\/person\/732e8d396022e25f9340196f83d6789d","name":"agradocosm\u00e9tico","image":{"@type":"ImageObject","inLanguage":"pt-PT","@id":"https:\/\/secure.gravatar.com\/avatar\/c6003e45301182b7e125463fcbec403b1980909c12edf09098526b9a15e779c0?s=96&d=mm&r=g","url":"https:\/\/secure.gravatar.com\/avatar\/c6003e45301182b7e125463fcbec403b1980909c12edf09098526b9a15e779c0?s=96&d=mm&r=g","contentUrl":"https:\/\/secure.gravatar.com\/avatar\/c6003e45301182b7e125463fcbec403b1980909c12edf09098526b9a15e779c0?s=96&d=mm&r=g","caption":"agradocosmetic"}}]}},"_links":{"self":[{"href":"https:\/\/agradocosmetic.com\/pt\/wp-json\/wp\/v2\/posts\/2246","targetHints":{"allow":["GET"]}}],"collection":[{"href":"https:\/\/agradocosmetic.com\/pt\/wp-json\/wp\/v2\/posts"}],"about":[{"href":"https:\/\/agradocosmetic.com\/pt\/wp-json\/wp\/v2\/types\/post"}],"author":[{"embeddable":true,"href":"https:\/\/agradocosmetic.com\/pt\/wp-json\/wp\/v2\/users\/9"}],"replies":[{"embeddable":true,"href":"https:\/\/agradocosmetic.com\/pt\/wp-json\/wp\/v2\/comments?post=2246"}],"version-history":[{"count":1,"href":"https:\/\/agradocosmetic.com\/pt\/wp-json\/wp\/v2\/posts\/2246\/revisions"}],"predecessor-version":[{"id":21427,"href":"https:\/\/agradocosmetic.com\/pt\/wp-json\/wp\/v2\/posts\/2246\/revisions\/21427"}],"wp:featuredmedia":[{"embeddable":true,"href":"https:\/\/agradocosmetic.com\/pt\/wp-json\/wp\/v2\/media\/21426"}],"wp:attachment":[{"href":"https:\/\/agradocosmetic.com\/pt\/wp-json\/wp\/v2\/media?parent=2246"}],"wp:term":[{"taxonomy":"category","embeddable":true,"href":"https:\/\/agradocosmetic.com\/pt\/wp-json\/wp\/v2\/categories?post=2246"},{"taxonomy":"post_tag","embeddable":true,"href":"https:\/\/agradocosmetic.com\/pt\/wp-json\/wp\/v2\/tags?post=2246"}],"curies":[{"name":"wp","href":"https:\/\/api.w.org\/{rel}","templated":true}]}}