{"id":24975,"date":"2024-02-11T11:41:09","date_gmt":"2024-02-11T11:41:09","guid":{"rendered":"https:\/\/agradocosmetic.com\/?p=24975"},"modified":"2024-02-15T11:41:45","modified_gmt":"2024-02-15T11:41:45","slug":"el-secreto-de-un-pelo-fantasia-duradero-la-linea-colorterapia","status":"publish","type":"post","link":"https:\/\/agradocosmetic.com\/pt\/el-secreto-de-un-pelo-fantasia-duradero-la-linea-colorterapia\/","title":{"rendered":"O segredo para um cabelo fantasia duradouro: a Linha Colortherapy"},"content":{"rendered":"<p><span style=\"font-weight: 400\">Para as amantes de cores vibrantes e ousadas nos cabelos, sabemos que manter aquele tom sonhador pode se tornar um grande desafio. Mas n\u00e3o tenha medo, porque hoje partilhamos consigo o segredo para um cabelo de fantasia duradouro: <\/span><a href=\"https:\/\/agradocosmetic.com\/pt\/categoria-de-producto\/cabbellos-tenido\/\"><b>Linha Profissional de Coloroterapia Agrado<\/b><\/a><span style=\"font-weight: 400\">.<\/span><\/p>\n<p><span style=\"font-weight: 400\">Quando decidimos dar um toque de cor ao nosso cabelo, procuramos uma forma de expressar a nossa personalidade e criatividade. No entanto, esses tons vibrantes e \u00fanicos muitas vezes desaparecem rapidamente se n\u00e3o receberem os devidos cuidados. \u00c9 a\u00ed que entra em a\u00e7\u00e3o a Linha Agrado Professional Colortherapy, um trio de produtos composto por Shampoo, Condicionador e M\u00e1scara desenvolvidos especificamente para cabelos tingidos com cores fantasia.<\/span><\/p>\n<h2><span style=\"font-weight: 400\">Caracter\u00edsticas da Linha Profissional de Colorterapia.<\/span><\/h2>\n<p><b>Filtro UV.<\/b><\/p>\n<p><span style=\"font-weight: 400\">Proteja seus cabelos dos danos e desbotamento causados pelos raios solares, mantendo a cor vibrante por mais tempo.<\/span><\/p>\n<p><b>Provitamina B5.<\/b><\/p>\n<p><span style=\"font-weight: 400\">Cuida e suaviza os cabelos, proporcionando hidrata\u00e7\u00e3o e brilho sem desbotar a cor.<\/span><\/p>\n<h3><span style=\"font-weight: 400\">Dicas para cabelos de fantasia duradouros.<\/span><\/h3>\n<ol>\n<li><span style=\"font-weight: 400\"> Evite lavagens frequentes: A \u00e1gua pode ser a maior inimiga da sua cor. Tente espa\u00e7ar as lavagens e use \u00e1gua fria ao faz\u00ea-lo.<\/span><\/li>\n<li><span style=\"font-weight: 400\"> Prote\u00e7\u00e3o t\u00e9rmica: Antes de usar ferramentas t\u00e9rmicas, aplique sempre um protetor t\u00e9rmico para evitar danos e desbotamento da cor.<\/span><\/li>\n<li><span style=\"font-weight: 400\"> Nutri\u00e7\u00e3o profunda: Uma vez por semana, reserve um tempo para nutrir os cabelos com uma m\u00e1scara hidratante. A hidrata\u00e7\u00e3o \u00e9 fundamental para manter a cor vibrante.<\/span><\/li>\n<\/ol>\n<p><span style=\"font-weight: 400\">Com essas dicas e a ajuda do <\/span><a href=\"https:\/\/agradocosmetic.com\/pt\/categoria-de-producto\/cabbellos-tenido\/\"><b>Linha Profissional de Coloroterapia Agrado<\/b><\/a><span style=\"font-weight: 400\">, dizer adeus \u00e0s cores opacas e sem vida ser\u00e1 coisa do passado. Cuide do seu cabelo com amor e desfrute de cabelos de fantasia deslumbrantes e duradouros. Atreva-se a brilhar com a cor dos seus sonhos!<\/span><\/p>","protected":false},"excerpt":{"rendered":"<p>Para lxs amantes de los colores vibrantes y atrevidos en su melena, sabemos que mantener ese tono de ensue\u00f1o puede convertirse en todo un desaf\u00edo. Pero no tem\u00e1is, porque hoy compartimos con vosotrxs el secreto para un pelo fantas\u00eda duradero: la L\u00ednea Profesional Colorterapia de Agrado. Cuando decidimos a\u00f1adir un pop de color a nuestro [&hellip;]<\/p>\n","protected":false},"author":11,"featured_media":24976,"comment_status":"open","ping_status":"closed","sticky":false,"template":"","format":"standard","meta":{"footnotes":"","_wp_rev_ctl_limit":""},"categories":[509],"tags":[126,274,693,698,699,307,691,387,695,696,281,700,697,694,690],"class_list":["post-24975","post","type-post","status-publish","format-standard","has-post-thumbnail","hentry","category-capilar-en","tag-agrado","tag-agrado-cosmetic","tag-cabello-fantasia","tag-cabello-fantasia-duradero","tag-como-hacer-que-el-tinte-dure-mas","tag-consejos","tag-cuida-tu-pelo","tag-cuidado-capilar","tag-cuidado-de-mechas","tag-cuidado-de-tinte","tag-linea-colorterapia","tag-pelo-cuidado","tag-pelo-fantasia","tag-pelo-tenido","tag-rutina-de-cuidado-capilar"],"yoast_head":"<!-- This site is optimized with the Yoast SEO plugin v27.4 - https:\/\/yoast.com\/product\/yoast-seo-wordpress\/ -->\n<title>El secreto de un pelo fantas\u00eda duradero: la L\u00ednea Colorterapia - Agrado<\/title>\n<meta name=\"description\" content=\"Sabemos que mantener tonos vibrantes en tu cabello puede ser todo un desaf\u00edo. Pero tenemos el secreto para un pelo fantas\u00eda duradero.\" \/>\n<meta name=\"robots\" content=\"index, follow, max-snippet:-1, max-image-preview:large, max-video-preview:-1\" \/>\n<link rel=\"canonical\" href=\"https:\/\/agradocosmetic.com\/pt\/el-secreto-de-un-pelo-fantasia-duradero-la-linea-colorterapia\/\" \/>\n<meta property=\"og:locale\" content=\"pt_PT\" \/>\n<meta property=\"og:type\" content=\"article\" \/>\n<meta property=\"og:title\" content=\"El secreto de un pelo fantas\u00eda duradero: la L\u00ednea Colorterapia - Agrado\" \/>\n<meta property=\"og:description\" content=\"Sabemos que mantener tonos vibrantes en tu cabello puede ser todo un desaf\u00edo. Pero tenemos el secreto para un pelo fantas\u00eda duradero.\" \/>\n<meta property=\"og:url\" content=\"https:\/\/agradocosmetic.com\/pt\/el-secreto-de-un-pelo-fantasia-duradero-la-linea-colorterapia\/\" \/>\n<meta property=\"og:site_name\" content=\"Agrado\" \/>\n<meta property=\"article:published_time\" content=\"2024-02-11T11:41:09+00:00\" \/>\n<meta property=\"article:modified_time\" content=\"2024-02-15T11:41:45+00:00\" \/>\n<meta property=\"og:image\" content=\"https:\/\/agradocosmetic.com\/wp-content\/uploads\/2024\/02\/8.02-blog-colorterapia.png\" \/>\n\t<meta property=\"og:image:width\" content=\"1140\" \/>\n\t<meta property=\"og:image:height\" content=\"600\" \/>\n\t<meta property=\"og:image:type\" content=\"image\/png\" \/>\n<meta name=\"author\" content=\"carmen\" \/>\n<meta name=\"twitter:card\" content=\"summary_large_image\" \/>\n<meta name=\"twitter:label1\" content=\"Escrito por\" \/>\n\t<meta name=\"twitter:data1\" content=\"carmen\" \/>\n\t<meta name=\"twitter:label2\" content=\"Tempo estimado de leitura\" \/>\n\t<meta name=\"twitter:data2\" content=\"2 minutos\" \/>\n<script type=\"application\/ld+json\" class=\"yoast-schema-graph\">{\"@context\":\"https:\\\/\\\/schema.org\",\"@graph\":[{\"@type\":\"Article\",\"@id\":\"https:\\\/\\\/agradocosmetic.com\\\/el-secreto-de-un-pelo-fantasia-duradero-la-linea-colorterapia\\\/#article\",\"isPartOf\":{\"@id\":\"https:\\\/\\\/agradocosmetic.com\\\/el-secreto-de-un-pelo-fantasia-duradero-la-linea-colorterapia\\\/\"},\"author\":{\"name\":\"carmen\",\"@id\":\"https:\\\/\\\/agradocosmetic.com\\\/#\\\/schema\\\/person\\\/59124921013b50f80959d84fc7219096\"},\"headline\":\"El secreto de un pelo fantas\u00eda duradero: la L\u00ednea Colorterapia\",\"datePublished\":\"2024-02-11T11:41:09+00:00\",\"dateModified\":\"2024-02-15T11:41:45+00:00\",\"mainEntityOfPage\":{\"@id\":\"https:\\\/\\\/agradocosmetic.com\\\/el-secreto-de-un-pelo-fantasia-duradero-la-linea-colorterapia\\\/\"},\"wordCount\":327,\"commentCount\":0,\"publisher\":{\"@id\":\"https:\\\/\\\/agradocosmetic.com\\\/#organization\"},\"image\":{\"@id\":\"https:\\\/\\\/agradocosmetic.com\\\/el-secreto-de-un-pelo-fantasia-duradero-la-linea-colorterapia\\\/#primaryimage\"},\"thumbnailUrl\":\"https:\\\/\\\/agradocosmetic.com\\\/wp-content\\\/uploads\\\/2024\\\/02\\\/8.02-blog-colorterapia.png\",\"keywords\":[\"agrado\",\"agrado cosmetic\",\"cabello fantas\u00eda\",\"cabello fantas\u00eda duradero\",\"c\u00f3mo hacer que el tinte dure m\u00e1s\",\"consejos\",\"cuida tu pelo\",\"cuidado capilar\",\"cuidado de mechas\",\"cuidado de tinte\",\"linea colorterapia\",\"pelo cuidado\",\"pelo fantas\u00eda\",\"pelo te\u00f1ido\",\"rutina de cuidado capilar\"],\"articleSection\":[\"Capilar\"],\"inLanguage\":\"pt-PT\",\"potentialAction\":[{\"@type\":\"CommentAction\",\"name\":\"Comment\",\"target\":[\"https:\\\/\\\/agradocosmetic.com\\\/el-secreto-de-un-pelo-fantasia-duradero-la-linea-colorterapia\\\/#respond\"]}]},{\"@type\":\"WebPage\",\"@id\":\"https:\\\/\\\/agradocosmetic.com\\\/el-secreto-de-un-pelo-fantasia-duradero-la-linea-colorterapia\\\/\",\"url\":\"https:\\\/\\\/agradocosmetic.com\\\/el-secreto-de-un-pelo-fantasia-duradero-la-linea-colorterapia\\\/\",\"name\":\"El secreto de un pelo fantas\u00eda duradero: la L\u00ednea Colorterapia - Agrado\",\"isPartOf\":{\"@id\":\"https:\\\/\\\/agradocosmetic.com\\\/#website\"},\"primaryImageOfPage\":{\"@id\":\"https:\\\/\\\/agradocosmetic.com\\\/el-secreto-de-un-pelo-fantasia-duradero-la-linea-colorterapia\\\/#primaryimage\"},\"image\":{\"@id\":\"https:\\\/\\\/agradocosmetic.com\\\/el-secreto-de-un-pelo-fantasia-duradero-la-linea-colorterapia\\\/#primaryimage\"},\"thumbnailUrl\":\"https:\\\/\\\/agradocosmetic.com\\\/wp-content\\\/uploads\\\/2024\\\/02\\\/8.02-blog-colorterapia.png\",\"datePublished\":\"2024-02-11T11:41:09+00:00\",\"dateModified\":\"2024-02-15T11:41:45+00:00\",\"description\":\"Sabemos que mantener tonos vibrantes en tu cabello puede ser todo un desaf\u00edo. Pero tenemos el secreto para un pelo fantas\u00eda duradero.\",\"breadcrumb\":{\"@id\":\"https:\\\/\\\/agradocosmetic.com\\\/el-secreto-de-un-pelo-fantasia-duradero-la-linea-colorterapia\\\/#breadcrumb\"},\"inLanguage\":\"pt-PT\",\"potentialAction\":[{\"@type\":\"ReadAction\",\"target\":[\"https:\\\/\\\/agradocosmetic.com\\\/el-secreto-de-un-pelo-fantasia-duradero-la-linea-colorterapia\\\/\"]}]},{\"@type\":\"ImageObject\",\"inLanguage\":\"pt-PT\",\"@id\":\"https:\\\/\\\/agradocosmetic.com\\\/el-secreto-de-un-pelo-fantasia-duradero-la-linea-colorterapia\\\/#primaryimage\",\"url\":\"https:\\\/\\\/agradocosmetic.com\\\/wp-content\\\/uploads\\\/2024\\\/02\\\/8.02-blog-colorterapia.png\",\"contentUrl\":\"https:\\\/\\\/agradocosmetic.com\\\/wp-content\\\/uploads\\\/2024\\\/02\\\/8.02-blog-colorterapia.png\",\"width\":1140,\"height\":600,\"caption\":\"pelo fantas\u00eda duradero\"},{\"@type\":\"BreadcrumbList\",\"@id\":\"https:\\\/\\\/agradocosmetic.com\\\/el-secreto-de-un-pelo-fantasia-duradero-la-linea-colorterapia\\\/#breadcrumb\",\"itemListElement\":[{\"@type\":\"ListItem\",\"position\":1,\"name\":\"Portada\",\"item\":\"https:\\\/\\\/agradocosmetic.com\\\/\"},{\"@type\":\"ListItem\",\"position\":2,\"name\":\"El secreto de un pelo fantas\u00eda duradero: la L\u00ednea Colorterapia\"}]},{\"@type\":\"WebSite\",\"@id\":\"https:\\\/\\\/agradocosmetic.com\\\/#website\",\"url\":\"https:\\\/\\\/agradocosmetic.com\\\/\",\"name\":\"Agrado\",\"description\":\"Cosmetic\",\"publisher\":{\"@id\":\"https:\\\/\\\/agradocosmetic.com\\\/#organization\"},\"potentialAction\":[{\"@type\":\"SearchAction\",\"target\":{\"@type\":\"EntryPoint\",\"urlTemplate\":\"https:\\\/\\\/agradocosmetic.com\\\/?s={search_term_string}\"},\"query-input\":{\"@type\":\"PropertyValueSpecification\",\"valueRequired\":true,\"valueName\":\"search_term_string\"}}],\"inLanguage\":\"pt-PT\"},{\"@type\":\"Organization\",\"@id\":\"https:\\\/\\\/agradocosmetic.com\\\/#organization\",\"name\":\"Agrado\",\"url\":\"https:\\\/\\\/agradocosmetic.com\\\/\",\"logo\":{\"@type\":\"ImageObject\",\"inLanguage\":\"pt-PT\",\"@id\":\"https:\\\/\\\/agradocosmetic.com\\\/#\\\/schema\\\/logo\\\/image\\\/\",\"url\":\"https:\\\/\\\/agradocosmetic.com\\\/wp-content\\\/uploads\\\/2023\\\/07\\\/LOGO-AGRADO-WEB-01.png\",\"contentUrl\":\"https:\\\/\\\/agradocosmetic.com\\\/wp-content\\\/uploads\\\/2023\\\/07\\\/LOGO-AGRADO-WEB-01.png\",\"width\":1632,\"height\":300,\"caption\":\"Agrado\"},\"image\":{\"@id\":\"https:\\\/\\\/agradocosmetic.com\\\/#\\\/schema\\\/logo\\\/image\\\/\"}},{\"@type\":\"Person\",\"@id\":\"https:\\\/\\\/agradocosmetic.com\\\/#\\\/schema\\\/person\\\/59124921013b50f80959d84fc7219096\",\"name\":\"carmen\",\"image\":{\"@type\":\"ImageObject\",\"inLanguage\":\"pt-PT\",\"@id\":\"https:\\\/\\\/secure.gravatar.com\\\/avatar\\\/2036bf58c019bb0a3f94937a2ed7cab76ae6ebe239f705f7c62ea5c48f93531f?s=96&d=mm&r=g\",\"url\":\"https:\\\/\\\/secure.gravatar.com\\\/avatar\\\/2036bf58c019bb0a3f94937a2ed7cab76ae6ebe239f705f7c62ea5c48f93531f?s=96&d=mm&r=g\",\"contentUrl\":\"https:\\\/\\\/secure.gravatar.com\\\/avatar\\\/2036bf58c019bb0a3f94937a2ed7cab76ae6ebe239f705f7c62ea5c48f93531f?s=96&d=mm&r=g\",\"caption\":\"carmen\"}}]}<\/script>\n<!-- \/ Yoast SEO plugin. -->","yoast_head_json":{"title":"El secreto de un pelo fantas\u00eda duradero: la L\u00ednea Colorterapia - Agrado","description":"Sabemos que mantener tonos vibrantes en tu cabello puede ser todo un desaf\u00edo. Pero tenemos el secreto para un pelo fantas\u00eda duradero.","robots":{"index":"index","follow":"follow","max-snippet":"max-snippet:-1","max-image-preview":"max-image-preview:large","max-video-preview":"max-video-preview:-1"},"canonical":"https:\/\/agradocosmetic.com\/pt\/el-secreto-de-un-pelo-fantasia-duradero-la-linea-colorterapia\/","og_locale":"pt_PT","og_type":"article","og_title":"El secreto de un pelo fantas\u00eda duradero: la L\u00ednea Colorterapia - Agrado","og_description":"Sabemos que mantener tonos vibrantes en tu cabello puede ser todo un desaf\u00edo. Pero tenemos el secreto para un pelo fantas\u00eda duradero.","og_url":"https:\/\/agradocosmetic.com\/pt\/el-secreto-de-un-pelo-fantasia-duradero-la-linea-colorterapia\/","og_site_name":"Agrado","article_published_time":"2024-02-11T11:41:09+00:00","article_modified_time":"2024-02-15T11:41:45+00:00","og_image":[{"width":1140,"height":600,"url":"https:\/\/agradocosmetic.com\/wp-content\/uploads\/2024\/02\/8.02-blog-colorterapia.png","type":"image\/png"}],"author":"carmen","twitter_card":"summary_large_image","twitter_misc":{"Escrito por":"carmen","Tempo estimado de leitura":"2 minutos"},"schema":{"@context":"https:\/\/schema.org","@graph":[{"@type":"Article","@id":"https:\/\/agradocosmetic.com\/el-secreto-de-un-pelo-fantasia-duradero-la-linea-colorterapia\/#article","isPartOf":{"@id":"https:\/\/agradocosmetic.com\/el-secreto-de-un-pelo-fantasia-duradero-la-linea-colorterapia\/"},"author":{"name":"carmen","@id":"https:\/\/agradocosmetic.com\/#\/schema\/person\/59124921013b50f80959d84fc7219096"},"headline":"El secreto de un pelo fantas\u00eda duradero: la L\u00ednea Colorterapia","datePublished":"2024-02-11T11:41:09+00:00","dateModified":"2024-02-15T11:41:45+00:00","mainEntityOfPage":{"@id":"https:\/\/agradocosmetic.com\/el-secreto-de-un-pelo-fantasia-duradero-la-linea-colorterapia\/"},"wordCount":327,"commentCount":0,"publisher":{"@id":"https:\/\/agradocosmetic.com\/#organization"},"image":{"@id":"https:\/\/agradocosmetic.com\/el-secreto-de-un-pelo-fantasia-duradero-la-linea-colorterapia\/#primaryimage"},"thumbnailUrl":"https:\/\/agradocosmetic.com\/wp-content\/uploads\/2024\/02\/8.02-blog-colorterapia.png","keywords":["agrado","agrado cosmetic","cabello fantas\u00eda","cabello fantas\u00eda duradero","c\u00f3mo hacer que el tinte dure m\u00e1s","consejos","cuida tu pelo","cuidado capilar","cuidado de mechas","cuidado de tinte","linea colorterapia","pelo cuidado","pelo fantas\u00eda","pelo te\u00f1ido","rutina de cuidado capilar"],"articleSection":["Capilar"],"inLanguage":"pt-PT","potentialAction":[{"@type":"CommentAction","name":"Comment","target":["https:\/\/agradocosmetic.com\/el-secreto-de-un-pelo-fantasia-duradero-la-linea-colorterapia\/#respond"]}]},{"@type":"WebPage","@id":"https:\/\/agradocosmetic.com\/el-secreto-de-un-pelo-fantasia-duradero-la-linea-colorterapia\/","url":"https:\/\/agradocosmetic.com\/el-secreto-de-un-pelo-fantasia-duradero-la-linea-colorterapia\/","name":"El secreto de un pelo fantas\u00eda duradero: la L\u00ednea Colorterapia - Agrado","isPartOf":{"@id":"https:\/\/agradocosmetic.com\/#website"},"primaryImageOfPage":{"@id":"https:\/\/agradocosmetic.com\/el-secreto-de-un-pelo-fantasia-duradero-la-linea-colorterapia\/#primaryimage"},"image":{"@id":"https:\/\/agradocosmetic.com\/el-secreto-de-un-pelo-fantasia-duradero-la-linea-colorterapia\/#primaryimage"},"thumbnailUrl":"https:\/\/agradocosmetic.com\/wp-content\/uploads\/2024\/02\/8.02-blog-colorterapia.png","datePublished":"2024-02-11T11:41:09+00:00","dateModified":"2024-02-15T11:41:45+00:00","description":"Sabemos que mantener tonos vibrantes en tu cabello puede ser todo un desaf\u00edo. Pero tenemos el secreto para un pelo fantas\u00eda duradero.","breadcrumb":{"@id":"https:\/\/agradocosmetic.com\/el-secreto-de-un-pelo-fantasia-duradero-la-linea-colorterapia\/#breadcrumb"},"inLanguage":"pt-PT","potentialAction":[{"@type":"ReadAction","target":["https:\/\/agradocosmetic.com\/el-secreto-de-un-pelo-fantasia-duradero-la-linea-colorterapia\/"]}]},{"@type":"ImageObject","inLanguage":"pt-PT","@id":"https:\/\/agradocosmetic.com\/el-secreto-de-un-pelo-fantasia-duradero-la-linea-colorterapia\/#primaryimage","url":"https:\/\/agradocosmetic.com\/wp-content\/uploads\/2024\/02\/8.02-blog-colorterapia.png","contentUrl":"https:\/\/agradocosmetic.com\/wp-content\/uploads\/2024\/02\/8.02-blog-colorterapia.png","width":1140,"height":600,"caption":"pelo fantas\u00eda duradero"},{"@type":"BreadcrumbList","@id":"https:\/\/agradocosmetic.com\/el-secreto-de-un-pelo-fantasia-duradero-la-linea-colorterapia\/#breadcrumb","itemListElement":[{"@type":"ListItem","position":1,"name":"Portada","item":"https:\/\/agradocosmetic.com\/"},{"@type":"ListItem","position":2,"name":"El secreto de un pelo fantas\u00eda duradero: la L\u00ednea Colorterapia"}]},{"@type":"WebSite","@id":"https:\/\/agradocosmetic.com\/#website","url":"https:\/\/agradocosmetic.com\/","name":"Gosto","description":"Cosm\u00e9tico","publisher":{"@id":"https:\/\/agradocosmetic.com\/#organization"},"potentialAction":[{"@type":"SearchAction","target":{"@type":"EntryPoint","urlTemplate":"https:\/\/agradocosmetic.com\/?s={search_term_string}"},"query-input":{"@type":"PropertyValueSpecification","valueRequired":true,"valueName":"search_term_string"}}],"inLanguage":"pt-PT"},{"@type":"Organization","@id":"https:\/\/agradocosmetic.com\/#organization","name":"Gosto","url":"https:\/\/agradocosmetic.com\/","logo":{"@type":"ImageObject","inLanguage":"pt-PT","@id":"https:\/\/agradocosmetic.com\/#\/schema\/logo\/image\/","url":"https:\/\/agradocosmetic.com\/wp-content\/uploads\/2023\/07\/LOGO-AGRADO-WEB-01.png","contentUrl":"https:\/\/agradocosmetic.com\/wp-content\/uploads\/2023\/07\/LOGO-AGRADO-WEB-01.png","width":1632,"height":300,"caption":"Agrado"},"image":{"@id":"https:\/\/agradocosmetic.com\/#\/schema\/logo\/image\/"}},{"@type":"Person","@id":"https:\/\/agradocosmetic.com\/#\/schema\/person\/59124921013b50f80959d84fc7219096","name":"Carmem","image":{"@type":"ImageObject","inLanguage":"pt-PT","@id":"https:\/\/secure.gravatar.com\/avatar\/2036bf58c019bb0a3f94937a2ed7cab76ae6ebe239f705f7c62ea5c48f93531f?s=96&d=mm&r=g","url":"https:\/\/secure.gravatar.com\/avatar\/2036bf58c019bb0a3f94937a2ed7cab76ae6ebe239f705f7c62ea5c48f93531f?s=96&d=mm&r=g","contentUrl":"https:\/\/secure.gravatar.com\/avatar\/2036bf58c019bb0a3f94937a2ed7cab76ae6ebe239f705f7c62ea5c48f93531f?s=96&d=mm&r=g","caption":"carmen"}}]}},"_links":{"self":[{"href":"https:\/\/agradocosmetic.com\/pt\/wp-json\/wp\/v2\/posts\/24975","targetHints":{"allow":["GET"]}}],"collection":[{"href":"https:\/\/agradocosmetic.com\/pt\/wp-json\/wp\/v2\/posts"}],"about":[{"href":"https:\/\/agradocosmetic.com\/pt\/wp-json\/wp\/v2\/types\/post"}],"author":[{"embeddable":true,"href":"https:\/\/agradocosmetic.com\/pt\/wp-json\/wp\/v2\/users\/11"}],"replies":[{"embeddable":true,"href":"https:\/\/agradocosmetic.com\/pt\/wp-json\/wp\/v2\/comments?post=24975"}],"version-history":[{"count":1,"href":"https:\/\/agradocosmetic.com\/pt\/wp-json\/wp\/v2\/posts\/24975\/revisions"}],"predecessor-version":[{"id":24977,"href":"https:\/\/agradocosmetic.com\/pt\/wp-json\/wp\/v2\/posts\/24975\/revisions\/24977"}],"wp:featuredmedia":[{"embeddable":true,"href":"https:\/\/agradocosmetic.com\/pt\/wp-json\/wp\/v2\/media\/24976"}],"wp:attachment":[{"href":"https:\/\/agradocosmetic.com\/pt\/wp-json\/wp\/v2\/media?parent=24975"}],"wp:term":[{"taxonomy":"category","embeddable":true,"href":"https:\/\/agradocosmetic.com\/pt\/wp-json\/wp\/v2\/categories?post=24975"},{"taxonomy":"post_tag","embeddable":true,"href":"https:\/\/agradocosmetic.com\/pt\/wp-json\/wp\/v2\/tags?post=24975"}],"curies":[{"name":"wp","href":"https:\/\/api.w.org\/{rel}","templated":true}]}}