{"id":25569,"date":"2024-02-20T09:02:05","date_gmt":"2024-02-20T09:02:05","guid":{"rendered":"https:\/\/agradocosmetic.com\/?p=25569"},"modified":"2024-03-05T09:02:17","modified_gmt":"2024-03-05T09:02:17","slug":"no-no-solo-se-usa-el-agua-micelar-como-desmaquillante","status":"publish","type":"post","link":"https:\/\/agradocosmetic.com\/pt\/no-no-solo-se-usa-el-agua-micelar-como-desmaquillante\/","title":{"rendered":"N\u00e3o, a \u00c1gua Micelar n\u00e3o \u00e9 usada apenas como desmaquilhante."},"content":{"rendered":"<p><span style=\"font-weight: 400\">Quando pensamos em \u00c1gua Micelar, nossa mente a associa quase automaticamente ao processo de remo\u00e7\u00e3o de maquiagem, mas voc\u00ea sabia que esse maravilhoso produto tem muito mais utilidades? \u00c9 verdade que se tornou essencial nos nossos rituais de beleza, e n\u00e3o apenas para tirar a maquilhagem no final do dia. Hoje contamos como <\/span><a href=\"https:\/\/agradocosmetic.com\/pt\/producto\/agua-micelar-desmaquillante-400ml\/\"><b>\u00c1gua Micelar que eu gosto<\/b><\/a><span style=\"font-weight: 400\"> Pode transformar sua rotina de cuidados faciais, tornando-se muito mais do que apenas um removedor de maquiagem.<\/span><\/p>\n<h3><span style=\"font-weight: 400\">Primeiramente, vamos falar sobre seu poder de limpeza. <\/span><\/h3>\n<p><span style=\"font-weight: 400\">A \u00c1gua Micelar Agrado n\u00e3o s\u00f3 remove a maquiagem, mas tamb\u00e9m limpa profundamente as impurezas e sujeiras que o meio ambiente deposita em nosso rosto ao longo do dia. Seu uso di\u00e1rio garante uma pele mais limpa e fresca, preparando-a para absorver melhor os produtos da sua rotina de cuidados.<\/span><\/p>\n<p><span style=\"font-weight: 400\">Mas isso n\u00e3o \u00e9 tudo. Gra\u00e7as \u00e0 sua f\u00f3rmula enriquecida com extrato de Camomila e Aloe Vera, este produto oferece um efeito calmante e tonificante para a pele. Isso o torna um produto perfeito para aquelas manh\u00e3s em que voc\u00ea precisa revitalizar o rosto e dar-lhe uma apar\u00eancia mais saud\u00e1vel e radiante. Al\u00e9m disso, a sua capacidade de tonificar faz com que a sua pele pare\u00e7a mais firme e el\u00e1stica.<\/span><\/p>\n<h3><span style=\"font-weight: 400\">Ideal para peles sens\u00edveis.<\/span><\/h3>\n<p><span style=\"font-weight: 400\">Para quem tem pele sens\u00edvel, encontrar produtos adequados pode ser um desafio. \u00c9 aqui que brilha a \u00c1gua Micelar Agrado. A sua f\u00f3rmula foi testada dermatol\u00f3gica e oftalmologicamente, garantindo uma limpeza suave mas eficaz, mesmo na delicada zona dos olhos.<\/span><\/p>\n<p><span style=\"font-weight: 400\">Em resumo, o <\/span><a href=\"https:\/\/agradocosmetic.com\/pt\/producto\/agua-micelar-desmaquillante-400ml\/\"><b>\u00c1gua Micelar que eu gosto<\/b><\/a><span style=\"font-weight: 400\"> \u00c9 muito mais que um removedor de maquiagem. \u00c9 um aliado multifuncional da beleza que limpa, acalma, tonifica e cuida da pele, tudo num s\u00f3 gesto. Incorpor\u00e1-lo na sua rotina di\u00e1ria de cuidados faciais ir\u00e1 simplificar os seus h\u00e1bitos de beleza, ao mesmo tempo que garante os melhores cuidados para a sua pele. Pronto para dar \u00e0 sua pele os mimos que ela merece com a \u00c1gua Micelar Agrado?<\/span><\/p>","protected":false},"excerpt":{"rendered":"<p>Cuando pensamos en Agua Micelar, casi autom\u00e1ticamente nuestra mente lo asocia con el proceso de desmaquillar, pero, \u00bfsab\u00edas que este maravilloso producto tiene muchas m\u00e1s utilidades? Es cierto que se ha convertido en un imprescindible en nuestros rituales de belleza, y no solo para eliminar el maquillaje al final del d\u00eda. Hoy te contamos c\u00f3mo [&hellip;]<\/p>\n","protected":false},"author":11,"featured_media":25570,"comment_status":"open","ping_status":"closed","sticky":false,"template":"","format":"standard","meta":{"footnotes":"","_wp_rev_ctl_limit":""},"categories":[122],"tags":[126,274,682,706,444,708,297,679,381,704,705,235,680,707],"class_list":["post-25569","post","type-post","status-publish","format-standard","has-post-thumbnail","hentry","category-facial-en","tag-agrado","tag-agrado-cosmetic","tag-agua-micelar","tag-agua-micelar-agrado","tag-cuidado-facial","tag-desmaquillante","tag-facial","tag-higiene-facial","tag-limpieza-facial","tag-productos-faciales","tag-rutina","tag-skincare","tag-skincare-routine","tag-usos-del-agua-micelar"],"yoast_head":"<!-- This site is optimized with the Yoast SEO plugin v27.4 - https:\/\/yoast.com\/product\/yoast-seo-wordpress\/ -->\n<title>No, no solo se usa el Agua Micelar como desmaquillante - Agrado<\/title>\n<meta name=\"description\" content=\"El Agua Micelar Agrado puede transformar tu rutina de cuidado facial, convirti\u00e9ndose en mucho m\u00e1s que un simple desmaquillante.\" \/>\n<meta name=\"robots\" content=\"index, follow, max-snippet:-1, max-image-preview:large, max-video-preview:-1\" \/>\n<link rel=\"canonical\" href=\"https:\/\/agradocosmetic.com\/pt\/no-no-solo-se-usa-el-agua-micelar-como-desmaquillante\/\" \/>\n<meta property=\"og:locale\" content=\"pt_PT\" \/>\n<meta property=\"og:type\" content=\"article\" \/>\n<meta property=\"og:title\" content=\"No, no solo se usa el Agua Micelar como desmaquillante - Agrado\" \/>\n<meta property=\"og:description\" content=\"El Agua Micelar Agrado puede transformar tu rutina de cuidado facial, convirti\u00e9ndose en mucho m\u00e1s que un simple desmaquillante.\" \/>\n<meta property=\"og:url\" content=\"https:\/\/agradocosmetic.com\/pt\/no-no-solo-se-usa-el-agua-micelar-como-desmaquillante\/\" \/>\n<meta property=\"og:site_name\" content=\"Agrado\" \/>\n<meta property=\"article:published_time\" content=\"2024-02-20T09:02:05+00:00\" \/>\n<meta property=\"article:modified_time\" content=\"2024-03-05T09:02:17+00:00\" \/>\n<meta property=\"og:image\" content=\"https:\/\/agradocosmetic.com\/wp-content\/uploads\/2024\/03\/blog-2-1.jpg\" \/>\n\t<meta property=\"og:image:width\" content=\"1140\" \/>\n\t<meta property=\"og:image:height\" content=\"600\" \/>\n\t<meta property=\"og:image:type\" content=\"image\/jpeg\" \/>\n<meta name=\"author\" content=\"carmen\" \/>\n<meta name=\"twitter:card\" content=\"summary_large_image\" \/>\n<meta name=\"twitter:label1\" content=\"Escrito por\" \/>\n\t<meta name=\"twitter:data1\" content=\"carmen\" \/>\n\t<meta name=\"twitter:label2\" content=\"Tempo estimado de leitura\" \/>\n\t<meta name=\"twitter:data2\" content=\"2 minutos\" \/>\n<script type=\"application\/ld+json\" class=\"yoast-schema-graph\">{\"@context\":\"https:\\\/\\\/schema.org\",\"@graph\":[{\"@type\":\"Article\",\"@id\":\"https:\\\/\\\/agradocosmetic.com\\\/no-no-solo-se-usa-el-agua-micelar-como-desmaquillante\\\/#article\",\"isPartOf\":{\"@id\":\"https:\\\/\\\/agradocosmetic.com\\\/no-no-solo-se-usa-el-agua-micelar-como-desmaquillante\\\/\"},\"author\":{\"name\":\"carmen\",\"@id\":\"https:\\\/\\\/agradocosmetic.com\\\/#\\\/schema\\\/person\\\/59124921013b50f80959d84fc7219096\"},\"headline\":\"No, no solo se usa el Agua Micelar como desmaquillante\",\"datePublished\":\"2024-02-20T09:02:05+00:00\",\"dateModified\":\"2024-03-05T09:02:17+00:00\",\"mainEntityOfPage\":{\"@id\":\"https:\\\/\\\/agradocosmetic.com\\\/no-no-solo-se-usa-el-agua-micelar-como-desmaquillante\\\/\"},\"wordCount\":348,\"commentCount\":0,\"publisher\":{\"@id\":\"https:\\\/\\\/agradocosmetic.com\\\/#organization\"},\"image\":{\"@id\":\"https:\\\/\\\/agradocosmetic.com\\\/no-no-solo-se-usa-el-agua-micelar-como-desmaquillante\\\/#primaryimage\"},\"thumbnailUrl\":\"https:\\\/\\\/agradocosmetic.com\\\/wp-content\\\/uploads\\\/2024\\\/03\\\/blog-2-1.jpg\",\"keywords\":[\"agrado\",\"agrado cosmetic\",\"agua micelar\",\"agua micelar agrado\",\"cuidado facial\",\"desmaquillante\",\"facial\",\"higiene facial\",\"limpieza facial\",\"productos faciales\",\"rutina\",\"skincare\",\"skincare routine\",\"usos del agua micelar\"],\"articleSection\":[\"Facial\"],\"inLanguage\":\"pt-PT\",\"potentialAction\":[{\"@type\":\"CommentAction\",\"name\":\"Comment\",\"target\":[\"https:\\\/\\\/agradocosmetic.com\\\/no-no-solo-se-usa-el-agua-micelar-como-desmaquillante\\\/#respond\"]}]},{\"@type\":\"WebPage\",\"@id\":\"https:\\\/\\\/agradocosmetic.com\\\/no-no-solo-se-usa-el-agua-micelar-como-desmaquillante\\\/\",\"url\":\"https:\\\/\\\/agradocosmetic.com\\\/no-no-solo-se-usa-el-agua-micelar-como-desmaquillante\\\/\",\"name\":\"No, no solo se usa el Agua Micelar como desmaquillante - Agrado\",\"isPartOf\":{\"@id\":\"https:\\\/\\\/agradocosmetic.com\\\/#website\"},\"primaryImageOfPage\":{\"@id\":\"https:\\\/\\\/agradocosmetic.com\\\/no-no-solo-se-usa-el-agua-micelar-como-desmaquillante\\\/#primaryimage\"},\"image\":{\"@id\":\"https:\\\/\\\/agradocosmetic.com\\\/no-no-solo-se-usa-el-agua-micelar-como-desmaquillante\\\/#primaryimage\"},\"thumbnailUrl\":\"https:\\\/\\\/agradocosmetic.com\\\/wp-content\\\/uploads\\\/2024\\\/03\\\/blog-2-1.jpg\",\"datePublished\":\"2024-02-20T09:02:05+00:00\",\"dateModified\":\"2024-03-05T09:02:17+00:00\",\"description\":\"El Agua Micelar Agrado puede transformar tu rutina de cuidado facial, convirti\u00e9ndose en mucho m\u00e1s que un simple desmaquillante.\",\"breadcrumb\":{\"@id\":\"https:\\\/\\\/agradocosmetic.com\\\/no-no-solo-se-usa-el-agua-micelar-como-desmaquillante\\\/#breadcrumb\"},\"inLanguage\":\"pt-PT\",\"potentialAction\":[{\"@type\":\"ReadAction\",\"target\":[\"https:\\\/\\\/agradocosmetic.com\\\/no-no-solo-se-usa-el-agua-micelar-como-desmaquillante\\\/\"]}]},{\"@type\":\"ImageObject\",\"inLanguage\":\"pt-PT\",\"@id\":\"https:\\\/\\\/agradocosmetic.com\\\/no-no-solo-se-usa-el-agua-micelar-como-desmaquillante\\\/#primaryimage\",\"url\":\"https:\\\/\\\/agradocosmetic.com\\\/wp-content\\\/uploads\\\/2024\\\/03\\\/blog-2-1.jpg\",\"contentUrl\":\"https:\\\/\\\/agradocosmetic.com\\\/wp-content\\\/uploads\\\/2024\\\/03\\\/blog-2-1.jpg\",\"width\":1140,\"height\":600,\"caption\":\"agua micelar\"},{\"@type\":\"BreadcrumbList\",\"@id\":\"https:\\\/\\\/agradocosmetic.com\\\/no-no-solo-se-usa-el-agua-micelar-como-desmaquillante\\\/#breadcrumb\",\"itemListElement\":[{\"@type\":\"ListItem\",\"position\":1,\"name\":\"Portada\",\"item\":\"https:\\\/\\\/agradocosmetic.com\\\/\"},{\"@type\":\"ListItem\",\"position\":2,\"name\":\"No, no solo se usa el Agua Micelar como desmaquillante\"}]},{\"@type\":\"WebSite\",\"@id\":\"https:\\\/\\\/agradocosmetic.com\\\/#website\",\"url\":\"https:\\\/\\\/agradocosmetic.com\\\/\",\"name\":\"Agrado\",\"description\":\"Cosmetic\",\"publisher\":{\"@id\":\"https:\\\/\\\/agradocosmetic.com\\\/#organization\"},\"potentialAction\":[{\"@type\":\"SearchAction\",\"target\":{\"@type\":\"EntryPoint\",\"urlTemplate\":\"https:\\\/\\\/agradocosmetic.com\\\/?s={search_term_string}\"},\"query-input\":{\"@type\":\"PropertyValueSpecification\",\"valueRequired\":true,\"valueName\":\"search_term_string\"}}],\"inLanguage\":\"pt-PT\"},{\"@type\":\"Organization\",\"@id\":\"https:\\\/\\\/agradocosmetic.com\\\/#organization\",\"name\":\"Agrado\",\"url\":\"https:\\\/\\\/agradocosmetic.com\\\/\",\"logo\":{\"@type\":\"ImageObject\",\"inLanguage\":\"pt-PT\",\"@id\":\"https:\\\/\\\/agradocosmetic.com\\\/#\\\/schema\\\/logo\\\/image\\\/\",\"url\":\"https:\\\/\\\/agradocosmetic.com\\\/wp-content\\\/uploads\\\/2023\\\/07\\\/LOGO-AGRADO-WEB-01.png\",\"contentUrl\":\"https:\\\/\\\/agradocosmetic.com\\\/wp-content\\\/uploads\\\/2023\\\/07\\\/LOGO-AGRADO-WEB-01.png\",\"width\":1632,\"height\":300,\"caption\":\"Agrado\"},\"image\":{\"@id\":\"https:\\\/\\\/agradocosmetic.com\\\/#\\\/schema\\\/logo\\\/image\\\/\"}},{\"@type\":\"Person\",\"@id\":\"https:\\\/\\\/agradocosmetic.com\\\/#\\\/schema\\\/person\\\/59124921013b50f80959d84fc7219096\",\"name\":\"carmen\",\"image\":{\"@type\":\"ImageObject\",\"inLanguage\":\"pt-PT\",\"@id\":\"https:\\\/\\\/secure.gravatar.com\\\/avatar\\\/2036bf58c019bb0a3f94937a2ed7cab76ae6ebe239f705f7c62ea5c48f93531f?s=96&d=mm&r=g\",\"url\":\"https:\\\/\\\/secure.gravatar.com\\\/avatar\\\/2036bf58c019bb0a3f94937a2ed7cab76ae6ebe239f705f7c62ea5c48f93531f?s=96&d=mm&r=g\",\"contentUrl\":\"https:\\\/\\\/secure.gravatar.com\\\/avatar\\\/2036bf58c019bb0a3f94937a2ed7cab76ae6ebe239f705f7c62ea5c48f93531f?s=96&d=mm&r=g\",\"caption\":\"carmen\"}}]}<\/script>\n<!-- \/ Yoast SEO plugin. -->","yoast_head_json":{"title":"No, no solo se usa el Agua Micelar como desmaquillante - Agrado","description":"El Agua Micelar Agrado puede transformar tu rutina de cuidado facial, convirti\u00e9ndose en mucho m\u00e1s que un simple desmaquillante.","robots":{"index":"index","follow":"follow","max-snippet":"max-snippet:-1","max-image-preview":"max-image-preview:large","max-video-preview":"max-video-preview:-1"},"canonical":"https:\/\/agradocosmetic.com\/pt\/no-no-solo-se-usa-el-agua-micelar-como-desmaquillante\/","og_locale":"pt_PT","og_type":"article","og_title":"No, no solo se usa el Agua Micelar como desmaquillante - Agrado","og_description":"El Agua Micelar Agrado puede transformar tu rutina de cuidado facial, convirti\u00e9ndose en mucho m\u00e1s que un simple desmaquillante.","og_url":"https:\/\/agradocosmetic.com\/pt\/no-no-solo-se-usa-el-agua-micelar-como-desmaquillante\/","og_site_name":"Agrado","article_published_time":"2024-02-20T09:02:05+00:00","article_modified_time":"2024-03-05T09:02:17+00:00","og_image":[{"width":1140,"height":600,"url":"https:\/\/agradocosmetic.com\/wp-content\/uploads\/2024\/03\/blog-2-1.jpg","type":"image\/jpeg"}],"author":"carmen","twitter_card":"summary_large_image","twitter_misc":{"Escrito por":"carmen","Tempo estimado de leitura":"2 minutos"},"schema":{"@context":"https:\/\/schema.org","@graph":[{"@type":"Article","@id":"https:\/\/agradocosmetic.com\/no-no-solo-se-usa-el-agua-micelar-como-desmaquillante\/#article","isPartOf":{"@id":"https:\/\/agradocosmetic.com\/no-no-solo-se-usa-el-agua-micelar-como-desmaquillante\/"},"author":{"name":"carmen","@id":"https:\/\/agradocosmetic.com\/#\/schema\/person\/59124921013b50f80959d84fc7219096"},"headline":"No, no solo se usa el Agua Micelar como desmaquillante","datePublished":"2024-02-20T09:02:05+00:00","dateModified":"2024-03-05T09:02:17+00:00","mainEntityOfPage":{"@id":"https:\/\/agradocosmetic.com\/no-no-solo-se-usa-el-agua-micelar-como-desmaquillante\/"},"wordCount":348,"commentCount":0,"publisher":{"@id":"https:\/\/agradocosmetic.com\/#organization"},"image":{"@id":"https:\/\/agradocosmetic.com\/no-no-solo-se-usa-el-agua-micelar-como-desmaquillante\/#primaryimage"},"thumbnailUrl":"https:\/\/agradocosmetic.com\/wp-content\/uploads\/2024\/03\/blog-2-1.jpg","keywords":["agrado","agrado cosmetic","agua micelar","agua micelar agrado","cuidado facial","desmaquillante","facial","higiene facial","limpieza facial","productos faciales","rutina","skincare","skincare routine","usos del agua micelar"],"articleSection":["Facial"],"inLanguage":"pt-PT","potentialAction":[{"@type":"CommentAction","name":"Comment","target":["https:\/\/agradocosmetic.com\/no-no-solo-se-usa-el-agua-micelar-como-desmaquillante\/#respond"]}]},{"@type":"WebPage","@id":"https:\/\/agradocosmetic.com\/no-no-solo-se-usa-el-agua-micelar-como-desmaquillante\/","url":"https:\/\/agradocosmetic.com\/no-no-solo-se-usa-el-agua-micelar-como-desmaquillante\/","name":"No, no solo se usa el Agua Micelar como desmaquillante - Agrado","isPartOf":{"@id":"https:\/\/agradocosmetic.com\/#website"},"primaryImageOfPage":{"@id":"https:\/\/agradocosmetic.com\/no-no-solo-se-usa-el-agua-micelar-como-desmaquillante\/#primaryimage"},"image":{"@id":"https:\/\/agradocosmetic.com\/no-no-solo-se-usa-el-agua-micelar-como-desmaquillante\/#primaryimage"},"thumbnailUrl":"https:\/\/agradocosmetic.com\/wp-content\/uploads\/2024\/03\/blog-2-1.jpg","datePublished":"2024-02-20T09:02:05+00:00","dateModified":"2024-03-05T09:02:17+00:00","description":"El Agua Micelar Agrado puede transformar tu rutina de cuidado facial, convirti\u00e9ndose en mucho m\u00e1s que un simple desmaquillante.","breadcrumb":{"@id":"https:\/\/agradocosmetic.com\/no-no-solo-se-usa-el-agua-micelar-como-desmaquillante\/#breadcrumb"},"inLanguage":"pt-PT","potentialAction":[{"@type":"ReadAction","target":["https:\/\/agradocosmetic.com\/no-no-solo-se-usa-el-agua-micelar-como-desmaquillante\/"]}]},{"@type":"ImageObject","inLanguage":"pt-PT","@id":"https:\/\/agradocosmetic.com\/no-no-solo-se-usa-el-agua-micelar-como-desmaquillante\/#primaryimage","url":"https:\/\/agradocosmetic.com\/wp-content\/uploads\/2024\/03\/blog-2-1.jpg","contentUrl":"https:\/\/agradocosmetic.com\/wp-content\/uploads\/2024\/03\/blog-2-1.jpg","width":1140,"height":600,"caption":"agua micelar"},{"@type":"BreadcrumbList","@id":"https:\/\/agradocosmetic.com\/no-no-solo-se-usa-el-agua-micelar-como-desmaquillante\/#breadcrumb","itemListElement":[{"@type":"ListItem","position":1,"name":"Portada","item":"https:\/\/agradocosmetic.com\/"},{"@type":"ListItem","position":2,"name":"No, no solo se usa el Agua Micelar como desmaquillante"}]},{"@type":"WebSite","@id":"https:\/\/agradocosmetic.com\/#website","url":"https:\/\/agradocosmetic.com\/","name":"Gosto","description":"Cosm\u00e9tico","publisher":{"@id":"https:\/\/agradocosmetic.com\/#organization"},"potentialAction":[{"@type":"SearchAction","target":{"@type":"EntryPoint","urlTemplate":"https:\/\/agradocosmetic.com\/?s={search_term_string}"},"query-input":{"@type":"PropertyValueSpecification","valueRequired":true,"valueName":"search_term_string"}}],"inLanguage":"pt-PT"},{"@type":"Organization","@id":"https:\/\/agradocosmetic.com\/#organization","name":"Gosto","url":"https:\/\/agradocosmetic.com\/","logo":{"@type":"ImageObject","inLanguage":"pt-PT","@id":"https:\/\/agradocosmetic.com\/#\/schema\/logo\/image\/","url":"https:\/\/agradocosmetic.com\/wp-content\/uploads\/2023\/07\/LOGO-AGRADO-WEB-01.png","contentUrl":"https:\/\/agradocosmetic.com\/wp-content\/uploads\/2023\/07\/LOGO-AGRADO-WEB-01.png","width":1632,"height":300,"caption":"Agrado"},"image":{"@id":"https:\/\/agradocosmetic.com\/#\/schema\/logo\/image\/"}},{"@type":"Person","@id":"https:\/\/agradocosmetic.com\/#\/schema\/person\/59124921013b50f80959d84fc7219096","name":"Carmem","image":{"@type":"ImageObject","inLanguage":"pt-PT","@id":"https:\/\/secure.gravatar.com\/avatar\/2036bf58c019bb0a3f94937a2ed7cab76ae6ebe239f705f7c62ea5c48f93531f?s=96&d=mm&r=g","url":"https:\/\/secure.gravatar.com\/avatar\/2036bf58c019bb0a3f94937a2ed7cab76ae6ebe239f705f7c62ea5c48f93531f?s=96&d=mm&r=g","contentUrl":"https:\/\/secure.gravatar.com\/avatar\/2036bf58c019bb0a3f94937a2ed7cab76ae6ebe239f705f7c62ea5c48f93531f?s=96&d=mm&r=g","caption":"carmen"}}]}},"_links":{"self":[{"href":"https:\/\/agradocosmetic.com\/pt\/wp-json\/wp\/v2\/posts\/25569","targetHints":{"allow":["GET"]}}],"collection":[{"href":"https:\/\/agradocosmetic.com\/pt\/wp-json\/wp\/v2\/posts"}],"about":[{"href":"https:\/\/agradocosmetic.com\/pt\/wp-json\/wp\/v2\/types\/post"}],"author":[{"embeddable":true,"href":"https:\/\/agradocosmetic.com\/pt\/wp-json\/wp\/v2\/users\/11"}],"replies":[{"embeddable":true,"href":"https:\/\/agradocosmetic.com\/pt\/wp-json\/wp\/v2\/comments?post=25569"}],"version-history":[{"count":1,"href":"https:\/\/agradocosmetic.com\/pt\/wp-json\/wp\/v2\/posts\/25569\/revisions"}],"predecessor-version":[{"id":25571,"href":"https:\/\/agradocosmetic.com\/pt\/wp-json\/wp\/v2\/posts\/25569\/revisions\/25571"}],"wp:featuredmedia":[{"embeddable":true,"href":"https:\/\/agradocosmetic.com\/pt\/wp-json\/wp\/v2\/media\/25570"}],"wp:attachment":[{"href":"https:\/\/agradocosmetic.com\/pt\/wp-json\/wp\/v2\/media?parent=25569"}],"wp:term":[{"taxonomy":"category","embeddable":true,"href":"https:\/\/agradocosmetic.com\/pt\/wp-json\/wp\/v2\/categories?post=25569"},{"taxonomy":"post_tag","embeddable":true,"href":"https:\/\/agradocosmetic.com\/pt\/wp-json\/wp\/v2\/tags?post=25569"}],"curies":[{"name":"wp","href":"https:\/\/api.w.org\/{rel}","templated":true}]}}