{"id":25606,"date":"2024-03-05T07:54:07","date_gmt":"2024-03-05T07:54:07","guid":{"rendered":"https:\/\/agradocosmetic.com\/?p=25606"},"modified":"2024-03-07T07:54:22","modified_gmt":"2024-03-07T07:54:22","slug":"aceite-multivitaminas-serum-brillo-intenso","status":"publish","type":"post","link":"https:\/\/agradocosmetic.com\/pt\/aceite-multivitaminas-serum-brillo-intenso\/","title":{"rendered":"\u00d3leo Multivitam\u00ednico e S\u00e9rum Brilho Intenso: novidades da Agrado"},"content":{"rendered":"<p><span style=\"font-weight: 400\">J\u00e1 est\u00e3o aqui! Os dois novos produtos Agrado que, prometemos, v\u00e3o revolucionar a forma como voc\u00ea cuida dos seus cabelos: \u00d3leo Multivitam\u00ednico e S\u00e9rum Brilho Intenso. Duas joias que v\u00eam responder \u00e0s necessidades espec\u00edficas do seu cabelo, qualquer que seja o seu estado.<\/span><\/p>\n<h2><a href=\"https:\/\/agradocosmetic.com\/pt\/producto\/serum-capilar-brillo-intenso\/\"><span style=\"font-weight: 400\">Soro Capilar com Brilho Intenso.<\/span><\/a><\/h2>\n<p><span style=\"font-weight: 400\">\u00c9 o seu novo aliado se o que procura \u00e9 iluminar e definir os seus cabelos. Sabemos como \u00e9 frustrante ter cabelos saud\u00e1veis, com apar\u00eancia opaca e sem vida. Este s\u00e9rum foi desenvolvido para cabelos que perderam aquela luminosidade caracter\u00edstica dos cabelos bem cuidados e sedosos. Com apenas algumas gotas voc\u00ea notar\u00e1 como seus cabelos recuperam aquela luz natural, ficando mais male\u00e1veis e com um brilho espetacular que n\u00e3o passar\u00e1 despercebido. Al\u00e9m do mais, <\/span><span style=\"font-weight: 400\">O filtro UV inclu\u00eddo protege os cabelos dos danos causados pela exposi\u00e7\u00e3o solar, preservando seu brilho e vitalidade.<\/span><\/p>\n<h2><a href=\"https:\/\/agradocosmetic.com\/pt\/producto\/aceite-capilar-multivitaminas\/\"><span style=\"font-weight: 400\">\u00d3leo multivitam\u00ednico para cabelo.<\/span><\/a><\/h2>\n<p><span style=\"font-weight: 400\">\u00c9 um b\u00e1lsamo restaurador para cabelos danificados pelo sol, tinturas ou calor de ferramentas de modelagem. Sua f\u00f3rmula rica em vitaminas <\/span><span style=\"font-weight: 400\">A, E e F<\/span><span style=\"font-weight: 400\"> nutre profundamente, hidratando e protegendo os cabelos de danos futuros. \u00c9 ideal para cabelos que necessitam de cuidados extras, conferindo-lhes maciez e sensa\u00e7\u00e3o de revitaliza\u00e7\u00e3o desde a primeira aplica\u00e7\u00e3o.<\/span><\/p>\n<h3><span style=\"font-weight: 400\">Como posso us\u00e1-los?<\/span><\/h3>\n<p><span style=\"font-weight: 400\">A forma de utiliza\u00e7\u00e3o do S\u00e9rum \u00d3leo Multivitam\u00ednico e Brilho Intenso \u00e9 simples, mas essencial para obter os melhores resultados. Basta dispensar uma ou duas vezes na palma da m\u00e3o (dependendo do comprimento do cabelo), esfregar o produto entre as m\u00e3os para ativ\u00e1-lo com calor e aplicar do meio \u00e0s pontas, evitando a raiz. Voc\u00ea pode usar tanto nos cabelos secos quanto molhados, mas lembre-se, n\u00e3o \u00e9 necess\u00e1rio enxaguar!<\/span><\/p>\n<p><span style=\"font-weight: 400\">A decis\u00e3o entre um ou outro depender\u00e1 do estado atual do seu cabelo e do que voc\u00ea pretende alcan\u00e7ar. Voc\u00ea precisa revitalizar e proteger? V\u00e1 atr\u00e1s dele <\/span><a href=\"https:\/\/agradocosmetic.com\/pt\/producto\/aceite-capilar-multivitaminas\/\"><span style=\"font-weight: 400\">\u00d3leo Capilar Multivitaminas<\/span><\/a><span style=\"font-weight: 400\">. Quer recuperar brilho e defini\u00e7\u00e3o? Ele <\/span><a href=\"https:\/\/agradocosmetic.com\/pt\/producto\/serum-capilar-brillo-intenso\/\"><span style=\"font-weight: 400\">S\u00e9rum de brilho intenso<\/span><\/a><span style=\"font-weight: 400\"> Ser\u00e1 sua melhor op\u00e7\u00e3o. Seja qual for a sua escolha, a Agrado est\u00e1 aqui para garantir que o seu cabelo n\u00e3o s\u00f3 tenha uma boa apar\u00eancia, mas seja realmente saud\u00e1vel. Prepare-se para deslumbrar com cabelos radiantes!<\/span><\/p>","protected":false},"excerpt":{"rendered":"<p>\u00a1Ya est\u00e1n aqu\u00ed! Los dos nuevos productos Agrado que, te prometemos, van a revolucionar la forma en que cuidas de tu melena: Aceite Multivitaminas y S\u00e9rum Brillo Intenso. Dos joyas que llegan para responder a las necesidades espec\u00edficas de tu cabello, sea cual sea su condici\u00f3n. S\u00e9rum Capilar Brillo Intenso. Es tu nuevo aliado si [&hellip;]<\/p>\n","protected":false},"author":11,"featured_media":25607,"comment_status":"open","ping_status":"closed","sticky":false,"template":"","format":"standard","meta":{"footnotes":"","_wp_rev_ctl_limit":""},"categories":[509],"tags":[710,713,126,274,387,711,715,714,709,712],"class_list":["post-25606","post","type-post","status-publish","format-standard","has-post-thumbnail","hentry","category-capilar-en","tag-aceite-capilar-multivitaminas","tag-aceite-para-el-pelo","tag-agrado","tag-agrado-cosmetic","tag-cuidado-capilar","tag-hair-care","tag-pelo-sin-brillo","tag-puntas-abiertas","tag-serum-capilar-brillo-intenso","tag-serum-para-el-pelo"],"yoast_head":"<!-- This site is optimized with the Yoast SEO plugin v27.4 - https:\/\/yoast.com\/product\/yoast-seo-wordpress\/ -->\n<title>Aceite Multivitaminas y S\u00e9rum Brillo Intenso: lo nuevo de Agrado - Agrado<\/title>\n<meta name=\"description\" content=\"Aceite Multivitaminas y S\u00e9rum Brillo Intenso. Dos joyas que llegan para responder a las necesidades espec\u00edficas de tu cabello.\" \/>\n<meta name=\"robots\" content=\"index, follow, max-snippet:-1, max-image-preview:large, max-video-preview:-1\" \/>\n<link rel=\"canonical\" href=\"https:\/\/agradocosmetic.com\/pt\/aceite-multivitaminas-serum-brillo-intenso\/\" \/>\n<meta property=\"og:locale\" content=\"pt_PT\" \/>\n<meta property=\"og:type\" content=\"article\" \/>\n<meta property=\"og:title\" content=\"Aceite Multivitaminas y S\u00e9rum Brillo Intenso: lo nuevo de Agrado - Agrado\" \/>\n<meta property=\"og:description\" content=\"Aceite Multivitaminas y S\u00e9rum Brillo Intenso. Dos joyas que llegan para responder a las necesidades espec\u00edficas de tu cabello.\" \/>\n<meta property=\"og:url\" content=\"https:\/\/agradocosmetic.com\/pt\/aceite-multivitaminas-serum-brillo-intenso\/\" \/>\n<meta property=\"og:site_name\" content=\"Agrado\" \/>\n<meta property=\"article:published_time\" content=\"2024-03-05T07:54:07+00:00\" \/>\n<meta property=\"article:modified_time\" content=\"2024-03-07T07:54:22+00:00\" \/>\n<meta property=\"og:image\" content=\"https:\/\/agradocosmetic.com\/wp-content\/uploads\/2024\/03\/blog-1.jpg\" \/>\n\t<meta property=\"og:image:width\" content=\"1140\" \/>\n\t<meta property=\"og:image:height\" content=\"600\" \/>\n\t<meta property=\"og:image:type\" content=\"image\/jpeg\" \/>\n<meta name=\"author\" content=\"carmen\" \/>\n<meta name=\"twitter:card\" content=\"summary_large_image\" \/>\n<meta name=\"twitter:label1\" content=\"Escrito por\" \/>\n\t<meta name=\"twitter:data1\" content=\"carmen\" \/>\n\t<meta name=\"twitter:label2\" content=\"Tempo estimado de leitura\" \/>\n\t<meta name=\"twitter:data2\" content=\"2 minutos\" \/>\n<script type=\"application\/ld+json\" class=\"yoast-schema-graph\">{\"@context\":\"https:\\\/\\\/schema.org\",\"@graph\":[{\"@type\":\"Article\",\"@id\":\"https:\\\/\\\/agradocosmetic.com\\\/aceite-multivitaminas-serum-brillo-intenso\\\/#article\",\"isPartOf\":{\"@id\":\"https:\\\/\\\/agradocosmetic.com\\\/aceite-multivitaminas-serum-brillo-intenso\\\/\"},\"author\":{\"name\":\"carmen\",\"@id\":\"https:\\\/\\\/agradocosmetic.com\\\/#\\\/schema\\\/person\\\/59124921013b50f80959d84fc7219096\"},\"headline\":\"Aceite Multivitaminas y S\u00e9rum Brillo Intenso: lo nuevo de Agrado\",\"datePublished\":\"2024-03-05T07:54:07+00:00\",\"dateModified\":\"2024-03-07T07:54:22+00:00\",\"mainEntityOfPage\":{\"@id\":\"https:\\\/\\\/agradocosmetic.com\\\/aceite-multivitaminas-serum-brillo-intenso\\\/\"},\"wordCount\":406,\"commentCount\":0,\"publisher\":{\"@id\":\"https:\\\/\\\/agradocosmetic.com\\\/#organization\"},\"image\":{\"@id\":\"https:\\\/\\\/agradocosmetic.com\\\/aceite-multivitaminas-serum-brillo-intenso\\\/#primaryimage\"},\"thumbnailUrl\":\"https:\\\/\\\/agradocosmetic.com\\\/wp-content\\\/uploads\\\/2024\\\/03\\\/blog-1.jpg\",\"keywords\":[\"Aceite Capilar Multivitaminas\",\"aceite para el pelo\",\"agrado\",\"agrado cosmetic\",\"cuidado capilar\",\"hair care\",\"pelo sin brillo\",\"puntas abiertas\",\"S\u00e9rum Capilar Brillo Intenso\",\"serum para el pelo\"],\"articleSection\":[\"Capilar\"],\"inLanguage\":\"pt-PT\",\"potentialAction\":[{\"@type\":\"CommentAction\",\"name\":\"Comment\",\"target\":[\"https:\\\/\\\/agradocosmetic.com\\\/aceite-multivitaminas-serum-brillo-intenso\\\/#respond\"]}]},{\"@type\":\"WebPage\",\"@id\":\"https:\\\/\\\/agradocosmetic.com\\\/aceite-multivitaminas-serum-brillo-intenso\\\/\",\"url\":\"https:\\\/\\\/agradocosmetic.com\\\/aceite-multivitaminas-serum-brillo-intenso\\\/\",\"name\":\"Aceite Multivitaminas y S\u00e9rum Brillo Intenso: lo nuevo de Agrado - Agrado\",\"isPartOf\":{\"@id\":\"https:\\\/\\\/agradocosmetic.com\\\/#website\"},\"primaryImageOfPage\":{\"@id\":\"https:\\\/\\\/agradocosmetic.com\\\/aceite-multivitaminas-serum-brillo-intenso\\\/#primaryimage\"},\"image\":{\"@id\":\"https:\\\/\\\/agradocosmetic.com\\\/aceite-multivitaminas-serum-brillo-intenso\\\/#primaryimage\"},\"thumbnailUrl\":\"https:\\\/\\\/agradocosmetic.com\\\/wp-content\\\/uploads\\\/2024\\\/03\\\/blog-1.jpg\",\"datePublished\":\"2024-03-05T07:54:07+00:00\",\"dateModified\":\"2024-03-07T07:54:22+00:00\",\"description\":\"Aceite Multivitaminas y S\u00e9rum Brillo Intenso. Dos joyas que llegan para responder a las necesidades espec\u00edficas de tu cabello.\",\"breadcrumb\":{\"@id\":\"https:\\\/\\\/agradocosmetic.com\\\/aceite-multivitaminas-serum-brillo-intenso\\\/#breadcrumb\"},\"inLanguage\":\"pt-PT\",\"potentialAction\":[{\"@type\":\"ReadAction\",\"target\":[\"https:\\\/\\\/agradocosmetic.com\\\/aceite-multivitaminas-serum-brillo-intenso\\\/\"]}]},{\"@type\":\"ImageObject\",\"inLanguage\":\"pt-PT\",\"@id\":\"https:\\\/\\\/agradocosmetic.com\\\/aceite-multivitaminas-serum-brillo-intenso\\\/#primaryimage\",\"url\":\"https:\\\/\\\/agradocosmetic.com\\\/wp-content\\\/uploads\\\/2024\\\/03\\\/blog-1.jpg\",\"contentUrl\":\"https:\\\/\\\/agradocosmetic.com\\\/wp-content\\\/uploads\\\/2024\\\/03\\\/blog-1.jpg\",\"width\":1140,\"height\":600,\"caption\":\"Aceite Multivitaminas y S\u00e9rum Brillo Intenso\"},{\"@type\":\"BreadcrumbList\",\"@id\":\"https:\\\/\\\/agradocosmetic.com\\\/aceite-multivitaminas-serum-brillo-intenso\\\/#breadcrumb\",\"itemListElement\":[{\"@type\":\"ListItem\",\"position\":1,\"name\":\"Portada\",\"item\":\"https:\\\/\\\/agradocosmetic.com\\\/\"},{\"@type\":\"ListItem\",\"position\":2,\"name\":\"Aceite Multivitaminas y S\u00e9rum Brillo Intenso: lo nuevo de Agrado\"}]},{\"@type\":\"WebSite\",\"@id\":\"https:\\\/\\\/agradocosmetic.com\\\/#website\",\"url\":\"https:\\\/\\\/agradocosmetic.com\\\/\",\"name\":\"Agrado\",\"description\":\"Cosmetic\",\"publisher\":{\"@id\":\"https:\\\/\\\/agradocosmetic.com\\\/#organization\"},\"potentialAction\":[{\"@type\":\"SearchAction\",\"target\":{\"@type\":\"EntryPoint\",\"urlTemplate\":\"https:\\\/\\\/agradocosmetic.com\\\/?s={search_term_string}\"},\"query-input\":{\"@type\":\"PropertyValueSpecification\",\"valueRequired\":true,\"valueName\":\"search_term_string\"}}],\"inLanguage\":\"pt-PT\"},{\"@type\":\"Organization\",\"@id\":\"https:\\\/\\\/agradocosmetic.com\\\/#organization\",\"name\":\"Agrado\",\"url\":\"https:\\\/\\\/agradocosmetic.com\\\/\",\"logo\":{\"@type\":\"ImageObject\",\"inLanguage\":\"pt-PT\",\"@id\":\"https:\\\/\\\/agradocosmetic.com\\\/#\\\/schema\\\/logo\\\/image\\\/\",\"url\":\"https:\\\/\\\/agradocosmetic.com\\\/wp-content\\\/uploads\\\/2023\\\/07\\\/LOGO-AGRADO-WEB-01.png\",\"contentUrl\":\"https:\\\/\\\/agradocosmetic.com\\\/wp-content\\\/uploads\\\/2023\\\/07\\\/LOGO-AGRADO-WEB-01.png\",\"width\":1632,\"height\":300,\"caption\":\"Agrado\"},\"image\":{\"@id\":\"https:\\\/\\\/agradocosmetic.com\\\/#\\\/schema\\\/logo\\\/image\\\/\"}},{\"@type\":\"Person\",\"@id\":\"https:\\\/\\\/agradocosmetic.com\\\/#\\\/schema\\\/person\\\/59124921013b50f80959d84fc7219096\",\"name\":\"carmen\",\"image\":{\"@type\":\"ImageObject\",\"inLanguage\":\"pt-PT\",\"@id\":\"https:\\\/\\\/secure.gravatar.com\\\/avatar\\\/2036bf58c019bb0a3f94937a2ed7cab76ae6ebe239f705f7c62ea5c48f93531f?s=96&d=mm&r=g\",\"url\":\"https:\\\/\\\/secure.gravatar.com\\\/avatar\\\/2036bf58c019bb0a3f94937a2ed7cab76ae6ebe239f705f7c62ea5c48f93531f?s=96&d=mm&r=g\",\"contentUrl\":\"https:\\\/\\\/secure.gravatar.com\\\/avatar\\\/2036bf58c019bb0a3f94937a2ed7cab76ae6ebe239f705f7c62ea5c48f93531f?s=96&d=mm&r=g\",\"caption\":\"carmen\"}}]}<\/script>\n<!-- \/ Yoast SEO plugin. -->","yoast_head_json":{"title":"Aceite Multivitaminas y S\u00e9rum Brillo Intenso: lo nuevo de Agrado - Agrado","description":"Aceite Multivitaminas y S\u00e9rum Brillo Intenso. Dos joyas que llegan para responder a las necesidades espec\u00edficas de tu cabello.","robots":{"index":"index","follow":"follow","max-snippet":"max-snippet:-1","max-image-preview":"max-image-preview:large","max-video-preview":"max-video-preview:-1"},"canonical":"https:\/\/agradocosmetic.com\/pt\/aceite-multivitaminas-serum-brillo-intenso\/","og_locale":"pt_PT","og_type":"article","og_title":"Aceite Multivitaminas y S\u00e9rum Brillo Intenso: lo nuevo de Agrado - Agrado","og_description":"Aceite Multivitaminas y S\u00e9rum Brillo Intenso. Dos joyas que llegan para responder a las necesidades espec\u00edficas de tu cabello.","og_url":"https:\/\/agradocosmetic.com\/pt\/aceite-multivitaminas-serum-brillo-intenso\/","og_site_name":"Agrado","article_published_time":"2024-03-05T07:54:07+00:00","article_modified_time":"2024-03-07T07:54:22+00:00","og_image":[{"width":1140,"height":600,"url":"https:\/\/agradocosmetic.com\/wp-content\/uploads\/2024\/03\/blog-1.jpg","type":"image\/jpeg"}],"author":"carmen","twitter_card":"summary_large_image","twitter_misc":{"Escrito por":"carmen","Tempo estimado de leitura":"2 minutos"},"schema":{"@context":"https:\/\/schema.org","@graph":[{"@type":"Article","@id":"https:\/\/agradocosmetic.com\/aceite-multivitaminas-serum-brillo-intenso\/#article","isPartOf":{"@id":"https:\/\/agradocosmetic.com\/aceite-multivitaminas-serum-brillo-intenso\/"},"author":{"name":"carmen","@id":"https:\/\/agradocosmetic.com\/#\/schema\/person\/59124921013b50f80959d84fc7219096"},"headline":"Aceite Multivitaminas y S\u00e9rum Brillo Intenso: lo nuevo de Agrado","datePublished":"2024-03-05T07:54:07+00:00","dateModified":"2024-03-07T07:54:22+00:00","mainEntityOfPage":{"@id":"https:\/\/agradocosmetic.com\/aceite-multivitaminas-serum-brillo-intenso\/"},"wordCount":406,"commentCount":0,"publisher":{"@id":"https:\/\/agradocosmetic.com\/#organization"},"image":{"@id":"https:\/\/agradocosmetic.com\/aceite-multivitaminas-serum-brillo-intenso\/#primaryimage"},"thumbnailUrl":"https:\/\/agradocosmetic.com\/wp-content\/uploads\/2024\/03\/blog-1.jpg","keywords":["Aceite Capilar Multivitaminas","aceite para el pelo","agrado","agrado cosmetic","cuidado capilar","hair care","pelo sin brillo","puntas abiertas","S\u00e9rum Capilar Brillo Intenso","serum para el pelo"],"articleSection":["Capilar"],"inLanguage":"pt-PT","potentialAction":[{"@type":"CommentAction","name":"Comment","target":["https:\/\/agradocosmetic.com\/aceite-multivitaminas-serum-brillo-intenso\/#respond"]}]},{"@type":"WebPage","@id":"https:\/\/agradocosmetic.com\/aceite-multivitaminas-serum-brillo-intenso\/","url":"https:\/\/agradocosmetic.com\/aceite-multivitaminas-serum-brillo-intenso\/","name":"Aceite Multivitaminas y S\u00e9rum Brillo Intenso: lo nuevo de Agrado - Agrado","isPartOf":{"@id":"https:\/\/agradocosmetic.com\/#website"},"primaryImageOfPage":{"@id":"https:\/\/agradocosmetic.com\/aceite-multivitaminas-serum-brillo-intenso\/#primaryimage"},"image":{"@id":"https:\/\/agradocosmetic.com\/aceite-multivitaminas-serum-brillo-intenso\/#primaryimage"},"thumbnailUrl":"https:\/\/agradocosmetic.com\/wp-content\/uploads\/2024\/03\/blog-1.jpg","datePublished":"2024-03-05T07:54:07+00:00","dateModified":"2024-03-07T07:54:22+00:00","description":"Aceite Multivitaminas y S\u00e9rum Brillo Intenso. Dos joyas que llegan para responder a las necesidades espec\u00edficas de tu cabello.","breadcrumb":{"@id":"https:\/\/agradocosmetic.com\/aceite-multivitaminas-serum-brillo-intenso\/#breadcrumb"},"inLanguage":"pt-PT","potentialAction":[{"@type":"ReadAction","target":["https:\/\/agradocosmetic.com\/aceite-multivitaminas-serum-brillo-intenso\/"]}]},{"@type":"ImageObject","inLanguage":"pt-PT","@id":"https:\/\/agradocosmetic.com\/aceite-multivitaminas-serum-brillo-intenso\/#primaryimage","url":"https:\/\/agradocosmetic.com\/wp-content\/uploads\/2024\/03\/blog-1.jpg","contentUrl":"https:\/\/agradocosmetic.com\/wp-content\/uploads\/2024\/03\/blog-1.jpg","width":1140,"height":600,"caption":"Aceite Multivitaminas y S\u00e9rum Brillo Intenso"},{"@type":"BreadcrumbList","@id":"https:\/\/agradocosmetic.com\/aceite-multivitaminas-serum-brillo-intenso\/#breadcrumb","itemListElement":[{"@type":"ListItem","position":1,"name":"Portada","item":"https:\/\/agradocosmetic.com\/"},{"@type":"ListItem","position":2,"name":"Aceite Multivitaminas y S\u00e9rum Brillo Intenso: lo nuevo de Agrado"}]},{"@type":"WebSite","@id":"https:\/\/agradocosmetic.com\/#website","url":"https:\/\/agradocosmetic.com\/","name":"Gosto","description":"Cosm\u00e9tico","publisher":{"@id":"https:\/\/agradocosmetic.com\/#organization"},"potentialAction":[{"@type":"SearchAction","target":{"@type":"EntryPoint","urlTemplate":"https:\/\/agradocosmetic.com\/?s={search_term_string}"},"query-input":{"@type":"PropertyValueSpecification","valueRequired":true,"valueName":"search_term_string"}}],"inLanguage":"pt-PT"},{"@type":"Organization","@id":"https:\/\/agradocosmetic.com\/#organization","name":"Gosto","url":"https:\/\/agradocosmetic.com\/","logo":{"@type":"ImageObject","inLanguage":"pt-PT","@id":"https:\/\/agradocosmetic.com\/#\/schema\/logo\/image\/","url":"https:\/\/agradocosmetic.com\/wp-content\/uploads\/2023\/07\/LOGO-AGRADO-WEB-01.png","contentUrl":"https:\/\/agradocosmetic.com\/wp-content\/uploads\/2023\/07\/LOGO-AGRADO-WEB-01.png","width":1632,"height":300,"caption":"Agrado"},"image":{"@id":"https:\/\/agradocosmetic.com\/#\/schema\/logo\/image\/"}},{"@type":"Person","@id":"https:\/\/agradocosmetic.com\/#\/schema\/person\/59124921013b50f80959d84fc7219096","name":"Carmem","image":{"@type":"ImageObject","inLanguage":"pt-PT","@id":"https:\/\/secure.gravatar.com\/avatar\/2036bf58c019bb0a3f94937a2ed7cab76ae6ebe239f705f7c62ea5c48f93531f?s=96&d=mm&r=g","url":"https:\/\/secure.gravatar.com\/avatar\/2036bf58c019bb0a3f94937a2ed7cab76ae6ebe239f705f7c62ea5c48f93531f?s=96&d=mm&r=g","contentUrl":"https:\/\/secure.gravatar.com\/avatar\/2036bf58c019bb0a3f94937a2ed7cab76ae6ebe239f705f7c62ea5c48f93531f?s=96&d=mm&r=g","caption":"carmen"}}]}},"_links":{"self":[{"href":"https:\/\/agradocosmetic.com\/pt\/wp-json\/wp\/v2\/posts\/25606","targetHints":{"allow":["GET"]}}],"collection":[{"href":"https:\/\/agradocosmetic.com\/pt\/wp-json\/wp\/v2\/posts"}],"about":[{"href":"https:\/\/agradocosmetic.com\/pt\/wp-json\/wp\/v2\/types\/post"}],"author":[{"embeddable":true,"href":"https:\/\/agradocosmetic.com\/pt\/wp-json\/wp\/v2\/users\/11"}],"replies":[{"embeddable":true,"href":"https:\/\/agradocosmetic.com\/pt\/wp-json\/wp\/v2\/comments?post=25606"}],"version-history":[{"count":1,"href":"https:\/\/agradocosmetic.com\/pt\/wp-json\/wp\/v2\/posts\/25606\/revisions"}],"predecessor-version":[{"id":25608,"href":"https:\/\/agradocosmetic.com\/pt\/wp-json\/wp\/v2\/posts\/25606\/revisions\/25608"}],"wp:featuredmedia":[{"embeddable":true,"href":"https:\/\/agradocosmetic.com\/pt\/wp-json\/wp\/v2\/media\/25607"}],"wp:attachment":[{"href":"https:\/\/agradocosmetic.com\/pt\/wp-json\/wp\/v2\/media?parent=25606"}],"wp:term":[{"taxonomy":"category","embeddable":true,"href":"https:\/\/agradocosmetic.com\/pt\/wp-json\/wp\/v2\/categories?post=25606"},{"taxonomy":"post_tag","embeddable":true,"href":"https:\/\/agradocosmetic.com\/pt\/wp-json\/wp\/v2\/tags?post=25606"}],"curies":[{"name":"wp","href":"https:\/\/api.w.org\/{rel}","templated":true}]}}