{"id":27658,"date":"2024-04-04T09:11:31","date_gmt":"2024-04-04T09:11:31","guid":{"rendered":"https:\/\/agradocosmetic.com\/?p=27658"},"modified":"2024-05-31T09:12:27","modified_gmt":"2024-05-31T09:12:27","slug":"serum-o-aceite-capilar-que-necesita-mi-pelo","status":"publish","type":"post","link":"https:\/\/agradocosmetic.com\/pt\/serum-o-aceite-capilar-que-necesita-mi-pelo\/","title":{"rendered":"Soro ou \u00f3leo capilar, do que meu cabelo precisa?"},"content":{"rendered":"<p><span style=\"font-weight: 400\">Existe um mist\u00e9rio capilar que confunde muitos de n\u00f3s: S\u00e9rum ou \u00d3leo? O que nosso cabelo precisa para ficar espetacular? Vamos comparar dois de nossos produtos favoritos: <a href=\"https:\/\/agradocosmetic.com\/pt\/serum-y-aceite-capilar\/\" target=\"_blank\" rel=\"noopener\">o \u00d3leo Multivitam\u00ednico e o S\u00e9rum Brilho Intenso<\/a>. Continue lendo para descobrir qual \u00e9 perfeito para voc\u00ea!<\/span><\/p>\n<h3><span style=\"font-weight: 400\"><a href=\"https:\/\/agradocosmetic.com\/pt\/producto\/aceite-capilar-multivitaminas\/\" target=\"_blank\" rel=\"noopener\">\u00d3leo Multivitam\u00ednico Agrado<\/a>:<\/span><\/h3>\n<p><span style=\"font-weight: 400\">Este \u00f3leo \u00e9 uma verdadeira bomba de nutrientes. Enriquecido com vitaminas essenciais como A, E e B, foi desenvolvido para revitalizar e nutrir os cabelos da raiz \u00e0s pontas. \u00c9 ideal para quem tem cabelos secos, danificados ou coloridos. Se as suas pontas est\u00e3o partidas ou o seu cabelo parece ba\u00e7o, o \u00d3leo Multivitam\u00ednico \u00e9 o seu melhor aliado. Al\u00e9m disso, sua f\u00f3rmula leve permite r\u00e1pida absor\u00e7\u00e3o sem deixar res\u00edduos oleosos, o que significa que voc\u00ea pode us\u00e1-lo tanto nos cabelos secos quanto molhados. Aplique nas pontas e no meio para selar a hidrata\u00e7\u00e3o e proteger os cabelos das agress\u00f5es externas.<\/span><\/p>\n<h3><span style=\"font-weight: 400\"><a href=\"https:\/\/agradocosmetic.com\/pt\/producto\/serum-capilar-brillo-intenso\/\" target=\"_blank\" rel=\"noopener\">S\u00e9rum de brilho intenso Agrado<\/a>:<\/span><\/h3>\n<p><span style=\"font-weight: 400\">Por outro lado, o Intense Shine Serum \u00e9 perfeito se o que voc\u00ea procura \u00e9 um acabamento brilhante e sedoso. Formulado com ingredientes que real\u00e7am o brilho natural do cabelo, este s\u00e9rum \u00e9 ideal para cabelos opacos ou sem vida. Se tem cabelos finos ou lisos e quer dar-lhes um toque de luminosidade sem adicionar peso, este s\u00e9rum \u00e9 a sua melhor op\u00e7\u00e3o. Aplique ap\u00f3s modelar para um acabamento perfeito e sem frizz. Sua textura leve e n\u00e3o oleosa o torna perfeito para o uso di\u00e1rio sem medo de sobrecarregar os cabelos.<\/span><\/p>\n<h3><span style=\"font-weight: 400\">Ent\u00e3o, o que voc\u00ea precisa?<\/span><\/h3>\n<p><span style=\"font-weight: 400\">Se o seu cabelo pede nutri\u00e7\u00e3o e repara\u00e7\u00e3o profunda, o <a href=\"https:\/\/agradocosmetic.com\/pt\/producto\/aceite-capilar-multivitaminas\/\" target=\"_blank\" rel=\"noopener\">\u00d3leo multivitam\u00ednico<\/a> de Agrado \u00e9 a escolha ideal. Mas se o que voc\u00ea procura \u00e9 brilho e maciez extras, o <a href=\"https:\/\/agradocosmetic.com\/pt\/producto\/serum-capilar-brillo-intenso\/\" target=\"_blank\" rel=\"noopener\">S\u00e9rum de brilho intenso<\/a> ser\u00e1 seu melhor amigo. Ambos os produtos s\u00e3o maravilhosos e cumprem fun\u00e7\u00f5es complementares, por isso n\u00e3o hesite em experiment\u00e1-los e d\u00ea ao seu cabelo o cuidado que ele merece!<\/span><\/p>\n<p><span style=\"font-weight: 400\">Lembre-se, cada cabelo \u00e9 \u00fanico e merece o melhor. D\u00ea ao seu cabelo o amor que ele precisa e exiba um cabelo espetacular todos os dias!<\/span><\/p>","protected":false},"excerpt":{"rendered":"<p>Hay un misterio capilar que nos tiene a muchas confundidas: \u00bfS\u00e9rum o Aceite? \u00bfQu\u00e9 necesita nuestro pelo para lucir espectacular? Vamos a comparar dos de nuestros productos favoritos: el Aceite Multivitaminas y el S\u00e9rum Brillo Intenso. \u00a1Sigue leyendo para descubrir cu\u00e1l es perfecto para ti! Aceite Multivitaminas de Agrado: Este aceite es una verdadera bomba [&hellip;]<\/p>\n","protected":false},"author":11,"featured_media":27659,"comment_status":"open","ping_status":"closed","sticky":false,"template":"","format":"standard","meta":{"footnotes":"","_wp_rev_ctl_limit":""},"categories":[128],"tags":[724,725,726,727,728,729,731,730,126,137,245,129,387,356,182],"class_list":["post-27658","post","type-post","status-publish","format-standard","has-post-thumbnail","hentry","category-capilar","tag-serum-brillo-intenso","tag-aceite-multivitaminas","tag-serum-capilar","tag-aceite-capilar","tag-serum-o-aceite-capilar","tag-puntas-reparadas","tag-cabello-brillante","tag-cabello-nutrido","tag-agrado","tag-agradocosmetic","tag-cabello","tag-capilar","tag-cuidado-capilar","tag-cuidado-del-pelo","tag-pelo"],"yoast_head":"<!-- This site is optimized with the Yoast SEO plugin v27.4 - https:\/\/yoast.com\/product\/yoast-seo-wordpress\/ -->\n<title>S\u00e9rum o Aceite capilar, \u00bfqu\u00e9 necesita mi pelo? - Agrado<\/title>\n<meta name=\"description\" content=\"\u00bfS\u00e9rum o Aceite capilar? \u00bfQu\u00e9 necesita nuestro pelo para lucir espectacular? \u00a1Sigue leyendo para descubrir cu\u00e1l es perfecto para ti!\" \/>\n<meta name=\"robots\" content=\"index, follow, max-snippet:-1, max-image-preview:large, max-video-preview:-1\" \/>\n<link rel=\"canonical\" href=\"https:\/\/agradocosmetic.com\/pt\/serum-o-aceite-capilar-que-necesita-mi-pelo\/\" \/>\n<meta property=\"og:locale\" content=\"pt_PT\" \/>\n<meta property=\"og:type\" content=\"article\" \/>\n<meta property=\"og:title\" content=\"S\u00e9rum o Aceite capilar, \u00bfqu\u00e9 necesita mi pelo? - Agrado\" \/>\n<meta property=\"og:description\" content=\"\u00bfS\u00e9rum o Aceite capilar? \u00bfQu\u00e9 necesita nuestro pelo para lucir espectacular? \u00a1Sigue leyendo para descubrir cu\u00e1l es perfecto para ti!\" \/>\n<meta property=\"og:url\" content=\"https:\/\/agradocosmetic.com\/pt\/serum-o-aceite-capilar-que-necesita-mi-pelo\/\" \/>\n<meta property=\"og:site_name\" content=\"Agrado\" \/>\n<meta property=\"article:published_time\" content=\"2024-04-04T09:11:31+00:00\" \/>\n<meta property=\"article:modified_time\" content=\"2024-05-31T09:12:27+00:00\" \/>\n<meta property=\"og:image\" content=\"https:\/\/agradocosmetic.com\/wp-content\/uploads\/2024\/05\/blog-1.jpg\" \/>\n\t<meta property=\"og:image:width\" content=\"1140\" \/>\n\t<meta property=\"og:image:height\" content=\"600\" \/>\n\t<meta property=\"og:image:type\" content=\"image\/jpeg\" \/>\n<meta name=\"author\" content=\"carmen\" \/>\n<meta name=\"twitter:card\" content=\"summary_large_image\" \/>\n<meta name=\"twitter:label1\" content=\"Escrito por\" \/>\n\t<meta name=\"twitter:data1\" content=\"carmen\" \/>\n\t<meta name=\"twitter:label2\" content=\"Tempo estimado de leitura\" \/>\n\t<meta name=\"twitter:data2\" content=\"2 minutos\" \/>\n<script type=\"application\/ld+json\" class=\"yoast-schema-graph\">{\"@context\":\"https:\\\/\\\/schema.org\",\"@graph\":[{\"@type\":\"Article\",\"@id\":\"https:\\\/\\\/agradocosmetic.com\\\/serum-o-aceite-capilar-que-necesita-mi-pelo\\\/#article\",\"isPartOf\":{\"@id\":\"https:\\\/\\\/agradocosmetic.com\\\/serum-o-aceite-capilar-que-necesita-mi-pelo\\\/\"},\"author\":{\"name\":\"carmen\",\"@id\":\"https:\\\/\\\/agradocosmetic.com\\\/#\\\/schema\\\/person\\\/59124921013b50f80959d84fc7219096\"},\"headline\":\"S\u00e9rum o Aceite capilar, \u00bfqu\u00e9 necesita mi pelo?\",\"datePublished\":\"2024-04-04T09:11:31+00:00\",\"dateModified\":\"2024-05-31T09:12:27+00:00\",\"mainEntityOfPage\":{\"@id\":\"https:\\\/\\\/agradocosmetic.com\\\/serum-o-aceite-capilar-que-necesita-mi-pelo\\\/\"},\"wordCount\":377,\"commentCount\":0,\"publisher\":{\"@id\":\"https:\\\/\\\/agradocosmetic.com\\\/#organization\"},\"image\":{\"@id\":\"https:\\\/\\\/agradocosmetic.com\\\/serum-o-aceite-capilar-que-necesita-mi-pelo\\\/#primaryimage\"},\"thumbnailUrl\":\"https:\\\/\\\/agradocosmetic.com\\\/wp-content\\\/uploads\\\/2024\\\/05\\\/blog-1.jpg\",\"keywords\":[\"s\u00e9rum brillo intenso\",\"aceite multivitaminas\",\"s\u00e9rum capilar\",\"aceite capilar\",\"s\u00e9rum o aceite capilar\",\"puntas reparadas\",\"cabello brillante\",\"cabello nutrido\",\"agrado\",\"agradocosmetic\",\"cabello\",\"capilar\",\"cuidado capilar\",\"cuidado del pelo\",\"pelo\"],\"articleSection\":[\"Capilar\"],\"inLanguage\":\"pt-PT\",\"potentialAction\":[{\"@type\":\"CommentAction\",\"name\":\"Comment\",\"target\":[\"https:\\\/\\\/agradocosmetic.com\\\/serum-o-aceite-capilar-que-necesita-mi-pelo\\\/#respond\"]}]},{\"@type\":\"WebPage\",\"@id\":\"https:\\\/\\\/agradocosmetic.com\\\/serum-o-aceite-capilar-que-necesita-mi-pelo\\\/\",\"url\":\"https:\\\/\\\/agradocosmetic.com\\\/serum-o-aceite-capilar-que-necesita-mi-pelo\\\/\",\"name\":\"S\u00e9rum o Aceite capilar, \u00bfqu\u00e9 necesita mi pelo? - Agrado\",\"isPartOf\":{\"@id\":\"https:\\\/\\\/agradocosmetic.com\\\/#website\"},\"primaryImageOfPage\":{\"@id\":\"https:\\\/\\\/agradocosmetic.com\\\/serum-o-aceite-capilar-que-necesita-mi-pelo\\\/#primaryimage\"},\"image\":{\"@id\":\"https:\\\/\\\/agradocosmetic.com\\\/serum-o-aceite-capilar-que-necesita-mi-pelo\\\/#primaryimage\"},\"thumbnailUrl\":\"https:\\\/\\\/agradocosmetic.com\\\/wp-content\\\/uploads\\\/2024\\\/05\\\/blog-1.jpg\",\"datePublished\":\"2024-04-04T09:11:31+00:00\",\"dateModified\":\"2024-05-31T09:12:27+00:00\",\"description\":\"\u00bfS\u00e9rum o Aceite capilar? \u00bfQu\u00e9 necesita nuestro pelo para lucir espectacular? \u00a1Sigue leyendo para descubrir cu\u00e1l es perfecto para ti!\",\"breadcrumb\":{\"@id\":\"https:\\\/\\\/agradocosmetic.com\\\/serum-o-aceite-capilar-que-necesita-mi-pelo\\\/#breadcrumb\"},\"inLanguage\":\"pt-PT\",\"potentialAction\":[{\"@type\":\"ReadAction\",\"target\":[\"https:\\\/\\\/agradocosmetic.com\\\/serum-o-aceite-capilar-que-necesita-mi-pelo\\\/\"]}]},{\"@type\":\"ImageObject\",\"inLanguage\":\"pt-PT\",\"@id\":\"https:\\\/\\\/agradocosmetic.com\\\/serum-o-aceite-capilar-que-necesita-mi-pelo\\\/#primaryimage\",\"url\":\"https:\\\/\\\/agradocosmetic.com\\\/wp-content\\\/uploads\\\/2024\\\/05\\\/blog-1.jpg\",\"contentUrl\":\"https:\\\/\\\/agradocosmetic.com\\\/wp-content\\\/uploads\\\/2024\\\/05\\\/blog-1.jpg\",\"width\":1140,\"height\":600,\"caption\":\"s\u00e9rum o aceite capilar\"},{\"@type\":\"BreadcrumbList\",\"@id\":\"https:\\\/\\\/agradocosmetic.com\\\/serum-o-aceite-capilar-que-necesita-mi-pelo\\\/#breadcrumb\",\"itemListElement\":[{\"@type\":\"ListItem\",\"position\":1,\"name\":\"Portada\",\"item\":\"https:\\\/\\\/agradocosmetic.com\\\/\"},{\"@type\":\"ListItem\",\"position\":2,\"name\":\"S\u00e9rum o Aceite capilar, \u00bfqu\u00e9 necesita mi pelo?\"}]},{\"@type\":\"WebSite\",\"@id\":\"https:\\\/\\\/agradocosmetic.com\\\/#website\",\"url\":\"https:\\\/\\\/agradocosmetic.com\\\/\",\"name\":\"Agrado\",\"description\":\"Cosmetic\",\"publisher\":{\"@id\":\"https:\\\/\\\/agradocosmetic.com\\\/#organization\"},\"potentialAction\":[{\"@type\":\"SearchAction\",\"target\":{\"@type\":\"EntryPoint\",\"urlTemplate\":\"https:\\\/\\\/agradocosmetic.com\\\/?s={search_term_string}\"},\"query-input\":{\"@type\":\"PropertyValueSpecification\",\"valueRequired\":true,\"valueName\":\"search_term_string\"}}],\"inLanguage\":\"pt-PT\"},{\"@type\":\"Organization\",\"@id\":\"https:\\\/\\\/agradocosmetic.com\\\/#organization\",\"name\":\"Agrado\",\"url\":\"https:\\\/\\\/agradocosmetic.com\\\/\",\"logo\":{\"@type\":\"ImageObject\",\"inLanguage\":\"pt-PT\",\"@id\":\"https:\\\/\\\/agradocosmetic.com\\\/#\\\/schema\\\/logo\\\/image\\\/\",\"url\":\"https:\\\/\\\/agradocosmetic.com\\\/wp-content\\\/uploads\\\/2023\\\/07\\\/LOGO-AGRADO-WEB-01.png\",\"contentUrl\":\"https:\\\/\\\/agradocosmetic.com\\\/wp-content\\\/uploads\\\/2023\\\/07\\\/LOGO-AGRADO-WEB-01.png\",\"width\":1632,\"height\":300,\"caption\":\"Agrado\"},\"image\":{\"@id\":\"https:\\\/\\\/agradocosmetic.com\\\/#\\\/schema\\\/logo\\\/image\\\/\"}},{\"@type\":\"Person\",\"@id\":\"https:\\\/\\\/agradocosmetic.com\\\/#\\\/schema\\\/person\\\/59124921013b50f80959d84fc7219096\",\"name\":\"carmen\",\"image\":{\"@type\":\"ImageObject\",\"inLanguage\":\"pt-PT\",\"@id\":\"https:\\\/\\\/secure.gravatar.com\\\/avatar\\\/2036bf58c019bb0a3f94937a2ed7cab76ae6ebe239f705f7c62ea5c48f93531f?s=96&d=mm&r=g\",\"url\":\"https:\\\/\\\/secure.gravatar.com\\\/avatar\\\/2036bf58c019bb0a3f94937a2ed7cab76ae6ebe239f705f7c62ea5c48f93531f?s=96&d=mm&r=g\",\"contentUrl\":\"https:\\\/\\\/secure.gravatar.com\\\/avatar\\\/2036bf58c019bb0a3f94937a2ed7cab76ae6ebe239f705f7c62ea5c48f93531f?s=96&d=mm&r=g\",\"caption\":\"carmen\"}}]}<\/script>\n<!-- \/ Yoast SEO plugin. -->","yoast_head_json":{"title":"S\u00e9rum o Aceite capilar, \u00bfqu\u00e9 necesita mi pelo? - Agrado","description":"\u00bfS\u00e9rum o Aceite capilar? \u00bfQu\u00e9 necesita nuestro pelo para lucir espectacular? \u00a1Sigue leyendo para descubrir cu\u00e1l es perfecto para ti!","robots":{"index":"index","follow":"follow","max-snippet":"max-snippet:-1","max-image-preview":"max-image-preview:large","max-video-preview":"max-video-preview:-1"},"canonical":"https:\/\/agradocosmetic.com\/pt\/serum-o-aceite-capilar-que-necesita-mi-pelo\/","og_locale":"pt_PT","og_type":"article","og_title":"S\u00e9rum o Aceite capilar, \u00bfqu\u00e9 necesita mi pelo? - Agrado","og_description":"\u00bfS\u00e9rum o Aceite capilar? \u00bfQu\u00e9 necesita nuestro pelo para lucir espectacular? \u00a1Sigue leyendo para descubrir cu\u00e1l es perfecto para ti!","og_url":"https:\/\/agradocosmetic.com\/pt\/serum-o-aceite-capilar-que-necesita-mi-pelo\/","og_site_name":"Agrado","article_published_time":"2024-04-04T09:11:31+00:00","article_modified_time":"2024-05-31T09:12:27+00:00","og_image":[{"width":1140,"height":600,"url":"https:\/\/agradocosmetic.com\/wp-content\/uploads\/2024\/05\/blog-1.jpg","type":"image\/jpeg"}],"author":"carmen","twitter_card":"summary_large_image","twitter_misc":{"Escrito por":"carmen","Tempo estimado de leitura":"2 minutos"},"schema":{"@context":"https:\/\/schema.org","@graph":[{"@type":"Article","@id":"https:\/\/agradocosmetic.com\/serum-o-aceite-capilar-que-necesita-mi-pelo\/#article","isPartOf":{"@id":"https:\/\/agradocosmetic.com\/serum-o-aceite-capilar-que-necesita-mi-pelo\/"},"author":{"name":"carmen","@id":"https:\/\/agradocosmetic.com\/#\/schema\/person\/59124921013b50f80959d84fc7219096"},"headline":"S\u00e9rum o Aceite capilar, \u00bfqu\u00e9 necesita mi pelo?","datePublished":"2024-04-04T09:11:31+00:00","dateModified":"2024-05-31T09:12:27+00:00","mainEntityOfPage":{"@id":"https:\/\/agradocosmetic.com\/serum-o-aceite-capilar-que-necesita-mi-pelo\/"},"wordCount":377,"commentCount":0,"publisher":{"@id":"https:\/\/agradocosmetic.com\/#organization"},"image":{"@id":"https:\/\/agradocosmetic.com\/serum-o-aceite-capilar-que-necesita-mi-pelo\/#primaryimage"},"thumbnailUrl":"https:\/\/agradocosmetic.com\/wp-content\/uploads\/2024\/05\/blog-1.jpg","keywords":["s\u00e9rum brillo intenso","aceite multivitaminas","s\u00e9rum capilar","aceite capilar","s\u00e9rum o aceite capilar","puntas reparadas","cabello brillante","cabello nutrido","agrado","agradocosmetic","cabello","capilar","cuidado capilar","cuidado del pelo","pelo"],"articleSection":["Capilar"],"inLanguage":"pt-PT","potentialAction":[{"@type":"CommentAction","name":"Comment","target":["https:\/\/agradocosmetic.com\/serum-o-aceite-capilar-que-necesita-mi-pelo\/#respond"]}]},{"@type":"WebPage","@id":"https:\/\/agradocosmetic.com\/serum-o-aceite-capilar-que-necesita-mi-pelo\/","url":"https:\/\/agradocosmetic.com\/serum-o-aceite-capilar-que-necesita-mi-pelo\/","name":"S\u00e9rum o Aceite capilar, \u00bfqu\u00e9 necesita mi pelo? - Agrado","isPartOf":{"@id":"https:\/\/agradocosmetic.com\/#website"},"primaryImageOfPage":{"@id":"https:\/\/agradocosmetic.com\/serum-o-aceite-capilar-que-necesita-mi-pelo\/#primaryimage"},"image":{"@id":"https:\/\/agradocosmetic.com\/serum-o-aceite-capilar-que-necesita-mi-pelo\/#primaryimage"},"thumbnailUrl":"https:\/\/agradocosmetic.com\/wp-content\/uploads\/2024\/05\/blog-1.jpg","datePublished":"2024-04-04T09:11:31+00:00","dateModified":"2024-05-31T09:12:27+00:00","description":"\u00bfS\u00e9rum o Aceite capilar? \u00bfQu\u00e9 necesita nuestro pelo para lucir espectacular? \u00a1Sigue leyendo para descubrir cu\u00e1l es perfecto para ti!","breadcrumb":{"@id":"https:\/\/agradocosmetic.com\/serum-o-aceite-capilar-que-necesita-mi-pelo\/#breadcrumb"},"inLanguage":"pt-PT","potentialAction":[{"@type":"ReadAction","target":["https:\/\/agradocosmetic.com\/serum-o-aceite-capilar-que-necesita-mi-pelo\/"]}]},{"@type":"ImageObject","inLanguage":"pt-PT","@id":"https:\/\/agradocosmetic.com\/serum-o-aceite-capilar-que-necesita-mi-pelo\/#primaryimage","url":"https:\/\/agradocosmetic.com\/wp-content\/uploads\/2024\/05\/blog-1.jpg","contentUrl":"https:\/\/agradocosmetic.com\/wp-content\/uploads\/2024\/05\/blog-1.jpg","width":1140,"height":600,"caption":"s\u00e9rum o aceite capilar"},{"@type":"BreadcrumbList","@id":"https:\/\/agradocosmetic.com\/serum-o-aceite-capilar-que-necesita-mi-pelo\/#breadcrumb","itemListElement":[{"@type":"ListItem","position":1,"name":"Portada","item":"https:\/\/agradocosmetic.com\/"},{"@type":"ListItem","position":2,"name":"S\u00e9rum o Aceite capilar, \u00bfqu\u00e9 necesita mi pelo?"}]},{"@type":"WebSite","@id":"https:\/\/agradocosmetic.com\/#website","url":"https:\/\/agradocosmetic.com\/","name":"Gosto","description":"Cosm\u00e9tico","publisher":{"@id":"https:\/\/agradocosmetic.com\/#organization"},"potentialAction":[{"@type":"SearchAction","target":{"@type":"EntryPoint","urlTemplate":"https:\/\/agradocosmetic.com\/?s={search_term_string}"},"query-input":{"@type":"PropertyValueSpecification","valueRequired":true,"valueName":"search_term_string"}}],"inLanguage":"pt-PT"},{"@type":"Organization","@id":"https:\/\/agradocosmetic.com\/#organization","name":"Gosto","url":"https:\/\/agradocosmetic.com\/","logo":{"@type":"ImageObject","inLanguage":"pt-PT","@id":"https:\/\/agradocosmetic.com\/#\/schema\/logo\/image\/","url":"https:\/\/agradocosmetic.com\/wp-content\/uploads\/2023\/07\/LOGO-AGRADO-WEB-01.png","contentUrl":"https:\/\/agradocosmetic.com\/wp-content\/uploads\/2023\/07\/LOGO-AGRADO-WEB-01.png","width":1632,"height":300,"caption":"Agrado"},"image":{"@id":"https:\/\/agradocosmetic.com\/#\/schema\/logo\/image\/"}},{"@type":"Person","@id":"https:\/\/agradocosmetic.com\/#\/schema\/person\/59124921013b50f80959d84fc7219096","name":"Carmem","image":{"@type":"ImageObject","inLanguage":"pt-PT","@id":"https:\/\/secure.gravatar.com\/avatar\/2036bf58c019bb0a3f94937a2ed7cab76ae6ebe239f705f7c62ea5c48f93531f?s=96&d=mm&r=g","url":"https:\/\/secure.gravatar.com\/avatar\/2036bf58c019bb0a3f94937a2ed7cab76ae6ebe239f705f7c62ea5c48f93531f?s=96&d=mm&r=g","contentUrl":"https:\/\/secure.gravatar.com\/avatar\/2036bf58c019bb0a3f94937a2ed7cab76ae6ebe239f705f7c62ea5c48f93531f?s=96&d=mm&r=g","caption":"carmen"}}]}},"_links":{"self":[{"href":"https:\/\/agradocosmetic.com\/pt\/wp-json\/wp\/v2\/posts\/27658","targetHints":{"allow":["GET"]}}],"collection":[{"href":"https:\/\/agradocosmetic.com\/pt\/wp-json\/wp\/v2\/posts"}],"about":[{"href":"https:\/\/agradocosmetic.com\/pt\/wp-json\/wp\/v2\/types\/post"}],"author":[{"embeddable":true,"href":"https:\/\/agradocosmetic.com\/pt\/wp-json\/wp\/v2\/users\/11"}],"replies":[{"embeddable":true,"href":"https:\/\/agradocosmetic.com\/pt\/wp-json\/wp\/v2\/comments?post=27658"}],"version-history":[{"count":1,"href":"https:\/\/agradocosmetic.com\/pt\/wp-json\/wp\/v2\/posts\/27658\/revisions"}],"predecessor-version":[{"id":27660,"href":"https:\/\/agradocosmetic.com\/pt\/wp-json\/wp\/v2\/posts\/27658\/revisions\/27660"}],"wp:featuredmedia":[{"embeddable":true,"href":"https:\/\/agradocosmetic.com\/pt\/wp-json\/wp\/v2\/media\/27659"}],"wp:attachment":[{"href":"https:\/\/agradocosmetic.com\/pt\/wp-json\/wp\/v2\/media?parent=27658"}],"wp:term":[{"taxonomy":"category","embeddable":true,"href":"https:\/\/agradocosmetic.com\/pt\/wp-json\/wp\/v2\/categories?post=27658"},{"taxonomy":"post_tag","embeddable":true,"href":"https:\/\/agradocosmetic.com\/pt\/wp-json\/wp\/v2\/tags?post=27658"}],"curies":[{"name":"wp","href":"https:\/\/api.w.org\/{rel}","templated":true}]}}