{"id":28210,"date":"2024-06-05T11:16:34","date_gmt":"2024-06-05T11:16:34","guid":{"rendered":"https:\/\/agradocosmetic.com\/?p=28210"},"modified":"2024-09-11T11:17:18","modified_gmt":"2024-09-11T11:17:18","slug":"la-nueva-crema-antimanchas-que-necesitas","status":"publish","type":"post","link":"https:\/\/agradocosmetic.com\/pt\/la-nueva-crema-antimanchas-que-necesitas\/","title":{"rendered":"O novo Creme Anti-Manchas que voc\u00ea precisa."},"content":{"rendered":"<p><span style=\"font-weight: 400\">Sabemos o quanto \u00e9 importante cuidar da pele, principalmente quando falamos de manchas e sinais de envelhecimento. Por isso, na Agrado criamos dois produtos essenciais para proteger e melhorar a sua pele: o novo <a href=\"https:\/\/agradocosmetic.com\/pt\/producto\/crema-protectora-facial-spf50\/\" target=\"_blank\" rel=\"noopener\">Creme Protetor Facial FPS50+ rosto e decote<\/a> e a <a href=\"https:\/\/agradocosmetic.com\/pt\/producto\/crema-protectora-facial-spf50-2\/\" target=\"_blank\" rel=\"noopener\">Creme Protetor Facial FPS50+ CC Creme<\/a>. Dois aliados perfeitos que n\u00e3o s\u00f3 protegem a pele do sol, mas tamb\u00e9m ajudam a prevenir manchas e envelhecimento precoce.\u00a0\u00a0<\/span><\/p>\n<p><span style=\"font-weight: 400\">O <a href=\"https:\/\/agradocosmetic.com\/pt\/producto\/crema-protectora-facial-spf50\/\" target=\"_blank\" rel=\"noopener\">Creme Protetor Facial FPS50+ rosto e decote<\/a> \u00c9 ideal para quem procura alta prote\u00e7\u00e3o em \u00e1reas delicadas como rosto e decote. Gra\u00e7as \u00e0 sua poderosa f\u00f3rmula, atua como um creme anti-manchas, protegendo a pele dos efeitos nocivos do sol, um dos principais culpados das manchas escuras. Al\u00e9m disso, oferece propriedades antienvelhecimento que ajudam a manter a pele macia e luminosa.\u00a0\u00a0<\/span><\/p>\n<p><span style=\"font-weight: 400\">Por outro lado, o <a href=\"https:\/\/agradocosmetic.com\/pt\/producto\/crema-protectora-facial-spf50-2\/\" target=\"_blank\" rel=\"noopener\">Creme Protetor Facial FPS50+ CC Creme<\/a> \u00c9 a sua op\u00e7\u00e3o se procura uma cobertura leve com um toque de cor. N\u00e3o s\u00f3 uniformiza o tom da pele, mas tamb\u00e9m a protege do sol ao mesmo tempo que atua como um creme anti-manchas eficaz. Ao incorporar princ\u00edpios ativos antienvelhecimento, este CC Cream torna-se no seu melhor companheiro di\u00e1rio de beleza e prote\u00e7\u00e3o!\u00a0<\/span><\/p>\n<p><span style=\"font-weight: 400\">Al\u00e9m disso, estamos orgulhosos de dar um passo em dire\u00e7\u00e3o a um futuro mais sustent\u00e1vel com estes novos lan\u00e7amentos. Optamos por embalagens mais ecol\u00f3gicas e que cuidam da sua pele e do planeta, como a tampa reduzida e a embalagem recicl\u00e1vel 100%, porque na Agrado acreditamos que \u00e9 mais do que poss\u00edvel aliar prote\u00e7\u00e3o e sustentabilidade.\u00a0\u00a0<\/span><\/p>\n<p><span style=\"font-weight: 400\">Este ver\u00e3o na #LoveCarePlanet, e durante todo o ano, conte com os nossos cremes anti-manchas para deixar a pele protegida e radiante. N\u00e3o espere mais e inclua-os na sua rotina di\u00e1ria!<\/span><\/p>","protected":false},"excerpt":{"rendered":"<p>Sabemos lo importante que es cuidar tu piel, especialmente cuando hablamos de manchas y los signos de envejecimiento. Por eso, en Agrado hemos creado dos productos imprescindibles para proteger y mejorar tu piel: la nueva Crema Protectora Facial SPF50+ cara y escote y la Crema Protectora Facial SPF50+ CC Cream. Dos aliados perfectos que no [&hellip;]<\/p>\n","protected":false},"author":11,"featured_media":28222,"comment_status":"open","ping_status":"closed","sticky":false,"template":"","format":"standard","meta":{"footnotes":"","_wp_rev_ctl_limit":""},"categories":[531],"tags":[749,750,751,752,753,754,740,126,317,230],"class_list":["post-28210","post","type-post","status-publish","format-standard","has-post-thumbnail","hentry","category-solar-en","tag-proteccion-facial","tag-fotoproteccion","tag-spf50","tag-crema-antimanchas","tag-antimanchas","tag-antiedad","tag-agrado-sun-care","tag-agrado","tag-proteccion-solar","tag-spf"],"yoast_head":"<!-- This site is optimized with the Yoast SEO plugin v27.4 - https:\/\/yoast.com\/product\/yoast-seo-wordpress\/ -->\n<title>La nueva Crema Antimanchas que necesitas. - Agrado<\/title>\n<meta name=\"description\" content=\"La nueva crema antimanchas Agrado son dos aliadss perfectos que protegen tu piel del sol, \u00a1y son imprescindibles en tu d\u00eda a d\u00eda!\" \/>\n<meta name=\"robots\" content=\"index, follow, max-snippet:-1, max-image-preview:large, max-video-preview:-1\" \/>\n<link rel=\"canonical\" href=\"https:\/\/agradocosmetic.com\/pt\/la-nueva-crema-antimanchas-que-necesitas\/\" \/>\n<meta property=\"og:locale\" content=\"pt_PT\" \/>\n<meta property=\"og:type\" content=\"article\" \/>\n<meta property=\"og:title\" content=\"La nueva Crema Antimanchas que necesitas. - Agrado\" \/>\n<meta property=\"og:description\" content=\"La nueva crema antimanchas Agrado son dos aliadss perfectos que protegen tu piel del sol, \u00a1y son imprescindibles en tu d\u00eda a d\u00eda!\" \/>\n<meta property=\"og:url\" content=\"https:\/\/agradocosmetic.com\/pt\/la-nueva-crema-antimanchas-que-necesitas\/\" \/>\n<meta property=\"og:site_name\" content=\"Agrado\" \/>\n<meta property=\"article:published_time\" content=\"2024-06-05T11:16:34+00:00\" \/>\n<meta property=\"article:modified_time\" content=\"2024-09-11T11:17:18+00:00\" \/>\n<meta property=\"og:image\" content=\"https:\/\/agradocosmetic.com\/wp-content\/uploads\/2024\/09\/JUN-1.jpg\" \/>\n\t<meta property=\"og:image:width\" content=\"1140\" \/>\n\t<meta property=\"og:image:height\" content=\"600\" \/>\n\t<meta property=\"og:image:type\" content=\"image\/jpeg\" \/>\n<meta name=\"author\" content=\"carmen\" \/>\n<meta name=\"twitter:card\" content=\"summary_large_image\" \/>\n<meta name=\"twitter:label1\" content=\"Escrito por\" \/>\n\t<meta name=\"twitter:data1\" content=\"carmen\" \/>\n\t<meta name=\"twitter:label2\" content=\"Tempo estimado de leitura\" \/>\n\t<meta name=\"twitter:data2\" content=\"2 minutos\" \/>\n<script type=\"application\/ld+json\" class=\"yoast-schema-graph\">{\"@context\":\"https:\\\/\\\/schema.org\",\"@graph\":[{\"@type\":\"Article\",\"@id\":\"https:\\\/\\\/agradocosmetic.com\\\/la-nueva-crema-antimanchas-que-necesitas\\\/#article\",\"isPartOf\":{\"@id\":\"https:\\\/\\\/agradocosmetic.com\\\/la-nueva-crema-antimanchas-que-necesitas\\\/\"},\"author\":{\"name\":\"carmen\",\"@id\":\"https:\\\/\\\/agradocosmetic.com\\\/#\\\/schema\\\/person\\\/59124921013b50f80959d84fc7219096\"},\"headline\":\"La nueva Crema Antimanchas que necesitas.\",\"datePublished\":\"2024-06-05T11:16:34+00:00\",\"dateModified\":\"2024-09-11T11:17:18+00:00\",\"mainEntityOfPage\":{\"@id\":\"https:\\\/\\\/agradocosmetic.com\\\/la-nueva-crema-antimanchas-que-necesitas\\\/\"},\"wordCount\":310,\"commentCount\":0,\"publisher\":{\"@id\":\"https:\\\/\\\/agradocosmetic.com\\\/#organization\"},\"image\":{\"@id\":\"https:\\\/\\\/agradocosmetic.com\\\/la-nueva-crema-antimanchas-que-necesitas\\\/#primaryimage\"},\"thumbnailUrl\":\"https:\\\/\\\/agradocosmetic.com\\\/wp-content\\\/uploads\\\/2024\\\/09\\\/JUN-1.jpg\",\"keywords\":[\"protecci\u00f3n facial\",\"fotoprotecci\u00f3n\",\"spf50+\",\"crema antimanchas\",\"antimanchas\",\"antiedad\",\"agrado sun care\",\"agrado\",\"proteccion solar\",\"spf\"],\"articleSection\":[\"Solar\"],\"inLanguage\":\"pt-PT\",\"potentialAction\":[{\"@type\":\"CommentAction\",\"name\":\"Comment\",\"target\":[\"https:\\\/\\\/agradocosmetic.com\\\/la-nueva-crema-antimanchas-que-necesitas\\\/#respond\"]}]},{\"@type\":\"WebPage\",\"@id\":\"https:\\\/\\\/agradocosmetic.com\\\/la-nueva-crema-antimanchas-que-necesitas\\\/\",\"url\":\"https:\\\/\\\/agradocosmetic.com\\\/la-nueva-crema-antimanchas-que-necesitas\\\/\",\"name\":\"La nueva Crema Antimanchas que necesitas. - Agrado\",\"isPartOf\":{\"@id\":\"https:\\\/\\\/agradocosmetic.com\\\/#website\"},\"primaryImageOfPage\":{\"@id\":\"https:\\\/\\\/agradocosmetic.com\\\/la-nueva-crema-antimanchas-que-necesitas\\\/#primaryimage\"},\"image\":{\"@id\":\"https:\\\/\\\/agradocosmetic.com\\\/la-nueva-crema-antimanchas-que-necesitas\\\/#primaryimage\"},\"thumbnailUrl\":\"https:\\\/\\\/agradocosmetic.com\\\/wp-content\\\/uploads\\\/2024\\\/09\\\/JUN-1.jpg\",\"datePublished\":\"2024-06-05T11:16:34+00:00\",\"dateModified\":\"2024-09-11T11:17:18+00:00\",\"description\":\"La nueva crema antimanchas Agrado son dos aliadss perfectos que protegen tu piel del sol, \u00a1y son imprescindibles en tu d\u00eda a d\u00eda!\",\"breadcrumb\":{\"@id\":\"https:\\\/\\\/agradocosmetic.com\\\/la-nueva-crema-antimanchas-que-necesitas\\\/#breadcrumb\"},\"inLanguage\":\"pt-PT\",\"potentialAction\":[{\"@type\":\"ReadAction\",\"target\":[\"https:\\\/\\\/agradocosmetic.com\\\/la-nueva-crema-antimanchas-que-necesitas\\\/\"]}]},{\"@type\":\"ImageObject\",\"inLanguage\":\"pt-PT\",\"@id\":\"https:\\\/\\\/agradocosmetic.com\\\/la-nueva-crema-antimanchas-que-necesitas\\\/#primaryimage\",\"url\":\"https:\\\/\\\/agradocosmetic.com\\\/wp-content\\\/uploads\\\/2024\\\/09\\\/JUN-1.jpg\",\"contentUrl\":\"https:\\\/\\\/agradocosmetic.com\\\/wp-content\\\/uploads\\\/2024\\\/09\\\/JUN-1.jpg\",\"width\":1140,\"height\":600,\"caption\":\"crema antimanchas\"},{\"@type\":\"BreadcrumbList\",\"@id\":\"https:\\\/\\\/agradocosmetic.com\\\/la-nueva-crema-antimanchas-que-necesitas\\\/#breadcrumb\",\"itemListElement\":[{\"@type\":\"ListItem\",\"position\":1,\"name\":\"Portada\",\"item\":\"https:\\\/\\\/agradocosmetic.com\\\/\"},{\"@type\":\"ListItem\",\"position\":2,\"name\":\"La nueva Crema Antimanchas que necesitas.\"}]},{\"@type\":\"WebSite\",\"@id\":\"https:\\\/\\\/agradocosmetic.com\\\/#website\",\"url\":\"https:\\\/\\\/agradocosmetic.com\\\/\",\"name\":\"Agrado\",\"description\":\"Cosmetic\",\"publisher\":{\"@id\":\"https:\\\/\\\/agradocosmetic.com\\\/#organization\"},\"potentialAction\":[{\"@type\":\"SearchAction\",\"target\":{\"@type\":\"EntryPoint\",\"urlTemplate\":\"https:\\\/\\\/agradocosmetic.com\\\/?s={search_term_string}\"},\"query-input\":{\"@type\":\"PropertyValueSpecification\",\"valueRequired\":true,\"valueName\":\"search_term_string\"}}],\"inLanguage\":\"pt-PT\"},{\"@type\":\"Organization\",\"@id\":\"https:\\\/\\\/agradocosmetic.com\\\/#organization\",\"name\":\"Agrado\",\"url\":\"https:\\\/\\\/agradocosmetic.com\\\/\",\"logo\":{\"@type\":\"ImageObject\",\"inLanguage\":\"pt-PT\",\"@id\":\"https:\\\/\\\/agradocosmetic.com\\\/#\\\/schema\\\/logo\\\/image\\\/\",\"url\":\"https:\\\/\\\/agradocosmetic.com\\\/wp-content\\\/uploads\\\/2023\\\/07\\\/LOGO-AGRADO-WEB-01.png\",\"contentUrl\":\"https:\\\/\\\/agradocosmetic.com\\\/wp-content\\\/uploads\\\/2023\\\/07\\\/LOGO-AGRADO-WEB-01.png\",\"width\":1632,\"height\":300,\"caption\":\"Agrado\"},\"image\":{\"@id\":\"https:\\\/\\\/agradocosmetic.com\\\/#\\\/schema\\\/logo\\\/image\\\/\"}},{\"@type\":\"Person\",\"@id\":\"https:\\\/\\\/agradocosmetic.com\\\/#\\\/schema\\\/person\\\/59124921013b50f80959d84fc7219096\",\"name\":\"carmen\",\"image\":{\"@type\":\"ImageObject\",\"inLanguage\":\"pt-PT\",\"@id\":\"https:\\\/\\\/secure.gravatar.com\\\/avatar\\\/2036bf58c019bb0a3f94937a2ed7cab76ae6ebe239f705f7c62ea5c48f93531f?s=96&d=mm&r=g\",\"url\":\"https:\\\/\\\/secure.gravatar.com\\\/avatar\\\/2036bf58c019bb0a3f94937a2ed7cab76ae6ebe239f705f7c62ea5c48f93531f?s=96&d=mm&r=g\",\"contentUrl\":\"https:\\\/\\\/secure.gravatar.com\\\/avatar\\\/2036bf58c019bb0a3f94937a2ed7cab76ae6ebe239f705f7c62ea5c48f93531f?s=96&d=mm&r=g\",\"caption\":\"carmen\"}}]}<\/script>\n<!-- \/ Yoast SEO plugin. -->","yoast_head_json":{"title":"La nueva Crema Antimanchas que necesitas. - Agrado","description":"La nueva crema antimanchas Agrado son dos aliadss perfectos que protegen tu piel del sol, \u00a1y son imprescindibles en tu d\u00eda a d\u00eda!","robots":{"index":"index","follow":"follow","max-snippet":"max-snippet:-1","max-image-preview":"max-image-preview:large","max-video-preview":"max-video-preview:-1"},"canonical":"https:\/\/agradocosmetic.com\/pt\/la-nueva-crema-antimanchas-que-necesitas\/","og_locale":"pt_PT","og_type":"article","og_title":"La nueva Crema Antimanchas que necesitas. - Agrado","og_description":"La nueva crema antimanchas Agrado son dos aliadss perfectos que protegen tu piel del sol, \u00a1y son imprescindibles en tu d\u00eda a d\u00eda!","og_url":"https:\/\/agradocosmetic.com\/pt\/la-nueva-crema-antimanchas-que-necesitas\/","og_site_name":"Agrado","article_published_time":"2024-06-05T11:16:34+00:00","article_modified_time":"2024-09-11T11:17:18+00:00","og_image":[{"width":1140,"height":600,"url":"https:\/\/agradocosmetic.com\/wp-content\/uploads\/2024\/09\/JUN-1.jpg","type":"image\/jpeg"}],"author":"carmen","twitter_card":"summary_large_image","twitter_misc":{"Escrito por":"carmen","Tempo estimado de leitura":"2 minutos"},"schema":{"@context":"https:\/\/schema.org","@graph":[{"@type":"Article","@id":"https:\/\/agradocosmetic.com\/la-nueva-crema-antimanchas-que-necesitas\/#article","isPartOf":{"@id":"https:\/\/agradocosmetic.com\/la-nueva-crema-antimanchas-que-necesitas\/"},"author":{"name":"carmen","@id":"https:\/\/agradocosmetic.com\/#\/schema\/person\/59124921013b50f80959d84fc7219096"},"headline":"La nueva Crema Antimanchas que necesitas.","datePublished":"2024-06-05T11:16:34+00:00","dateModified":"2024-09-11T11:17:18+00:00","mainEntityOfPage":{"@id":"https:\/\/agradocosmetic.com\/la-nueva-crema-antimanchas-que-necesitas\/"},"wordCount":310,"commentCount":0,"publisher":{"@id":"https:\/\/agradocosmetic.com\/#organization"},"image":{"@id":"https:\/\/agradocosmetic.com\/la-nueva-crema-antimanchas-que-necesitas\/#primaryimage"},"thumbnailUrl":"https:\/\/agradocosmetic.com\/wp-content\/uploads\/2024\/09\/JUN-1.jpg","keywords":["protecci\u00f3n facial","fotoprotecci\u00f3n","spf50+","crema antimanchas","antimanchas","antiedad","agrado sun care","agrado","proteccion solar","spf"],"articleSection":["Solar"],"inLanguage":"pt-PT","potentialAction":[{"@type":"CommentAction","name":"Comment","target":["https:\/\/agradocosmetic.com\/la-nueva-crema-antimanchas-que-necesitas\/#respond"]}]},{"@type":"WebPage","@id":"https:\/\/agradocosmetic.com\/la-nueva-crema-antimanchas-que-necesitas\/","url":"https:\/\/agradocosmetic.com\/la-nueva-crema-antimanchas-que-necesitas\/","name":"La nueva Crema Antimanchas que necesitas. - Agrado","isPartOf":{"@id":"https:\/\/agradocosmetic.com\/#website"},"primaryImageOfPage":{"@id":"https:\/\/agradocosmetic.com\/la-nueva-crema-antimanchas-que-necesitas\/#primaryimage"},"image":{"@id":"https:\/\/agradocosmetic.com\/la-nueva-crema-antimanchas-que-necesitas\/#primaryimage"},"thumbnailUrl":"https:\/\/agradocosmetic.com\/wp-content\/uploads\/2024\/09\/JUN-1.jpg","datePublished":"2024-06-05T11:16:34+00:00","dateModified":"2024-09-11T11:17:18+00:00","description":"La nueva crema antimanchas Agrado son dos aliadss perfectos que protegen tu piel del sol, \u00a1y son imprescindibles en tu d\u00eda a d\u00eda!","breadcrumb":{"@id":"https:\/\/agradocosmetic.com\/la-nueva-crema-antimanchas-que-necesitas\/#breadcrumb"},"inLanguage":"pt-PT","potentialAction":[{"@type":"ReadAction","target":["https:\/\/agradocosmetic.com\/la-nueva-crema-antimanchas-que-necesitas\/"]}]},{"@type":"ImageObject","inLanguage":"pt-PT","@id":"https:\/\/agradocosmetic.com\/la-nueva-crema-antimanchas-que-necesitas\/#primaryimage","url":"https:\/\/agradocosmetic.com\/wp-content\/uploads\/2024\/09\/JUN-1.jpg","contentUrl":"https:\/\/agradocosmetic.com\/wp-content\/uploads\/2024\/09\/JUN-1.jpg","width":1140,"height":600,"caption":"crema antimanchas"},{"@type":"BreadcrumbList","@id":"https:\/\/agradocosmetic.com\/la-nueva-crema-antimanchas-que-necesitas\/#breadcrumb","itemListElement":[{"@type":"ListItem","position":1,"name":"Portada","item":"https:\/\/agradocosmetic.com\/"},{"@type":"ListItem","position":2,"name":"La nueva Crema Antimanchas que necesitas."}]},{"@type":"WebSite","@id":"https:\/\/agradocosmetic.com\/#website","url":"https:\/\/agradocosmetic.com\/","name":"Gosto","description":"Cosm\u00e9tico","publisher":{"@id":"https:\/\/agradocosmetic.com\/#organization"},"potentialAction":[{"@type":"SearchAction","target":{"@type":"EntryPoint","urlTemplate":"https:\/\/agradocosmetic.com\/?s={search_term_string}"},"query-input":{"@type":"PropertyValueSpecification","valueRequired":true,"valueName":"search_term_string"}}],"inLanguage":"pt-PT"},{"@type":"Organization","@id":"https:\/\/agradocosmetic.com\/#organization","name":"Gosto","url":"https:\/\/agradocosmetic.com\/","logo":{"@type":"ImageObject","inLanguage":"pt-PT","@id":"https:\/\/agradocosmetic.com\/#\/schema\/logo\/image\/","url":"https:\/\/agradocosmetic.com\/wp-content\/uploads\/2023\/07\/LOGO-AGRADO-WEB-01.png","contentUrl":"https:\/\/agradocosmetic.com\/wp-content\/uploads\/2023\/07\/LOGO-AGRADO-WEB-01.png","width":1632,"height":300,"caption":"Agrado"},"image":{"@id":"https:\/\/agradocosmetic.com\/#\/schema\/logo\/image\/"}},{"@type":"Person","@id":"https:\/\/agradocosmetic.com\/#\/schema\/person\/59124921013b50f80959d84fc7219096","name":"Carmem","image":{"@type":"ImageObject","inLanguage":"pt-PT","@id":"https:\/\/secure.gravatar.com\/avatar\/2036bf58c019bb0a3f94937a2ed7cab76ae6ebe239f705f7c62ea5c48f93531f?s=96&d=mm&r=g","url":"https:\/\/secure.gravatar.com\/avatar\/2036bf58c019bb0a3f94937a2ed7cab76ae6ebe239f705f7c62ea5c48f93531f?s=96&d=mm&r=g","contentUrl":"https:\/\/secure.gravatar.com\/avatar\/2036bf58c019bb0a3f94937a2ed7cab76ae6ebe239f705f7c62ea5c48f93531f?s=96&d=mm&r=g","caption":"carmen"}}]}},"_links":{"self":[{"href":"https:\/\/agradocosmetic.com\/pt\/wp-json\/wp\/v2\/posts\/28210","targetHints":{"allow":["GET"]}}],"collection":[{"href":"https:\/\/agradocosmetic.com\/pt\/wp-json\/wp\/v2\/posts"}],"about":[{"href":"https:\/\/agradocosmetic.com\/pt\/wp-json\/wp\/v2\/types\/post"}],"author":[{"embeddable":true,"href":"https:\/\/agradocosmetic.com\/pt\/wp-json\/wp\/v2\/users\/11"}],"replies":[{"embeddable":true,"href":"https:\/\/agradocosmetic.com\/pt\/wp-json\/wp\/v2\/comments?post=28210"}],"version-history":[{"count":2,"href":"https:\/\/agradocosmetic.com\/pt\/wp-json\/wp\/v2\/posts\/28210\/revisions"}],"predecessor-version":[{"id":28231,"href":"https:\/\/agradocosmetic.com\/pt\/wp-json\/wp\/v2\/posts\/28210\/revisions\/28231"}],"wp:featuredmedia":[{"embeddable":true,"href":"https:\/\/agradocosmetic.com\/pt\/wp-json\/wp\/v2\/media\/28222"}],"wp:attachment":[{"href":"https:\/\/agradocosmetic.com\/pt\/wp-json\/wp\/v2\/media?parent=28210"}],"wp:term":[{"taxonomy":"category","embeddable":true,"href":"https:\/\/agradocosmetic.com\/pt\/wp-json\/wp\/v2\/categories?post=28210"},{"taxonomy":"post_tag","embeddable":true,"href":"https:\/\/agradocosmetic.com\/pt\/wp-json\/wp\/v2\/tags?post=28210"}],"curies":[{"name":"wp","href":"https:\/\/api.w.org\/{rel}","templated":true}]}}