{"id":28232,"date":"2024-06-22T09:30:40","date_gmt":"2024-06-22T09:30:40","guid":{"rendered":"https:\/\/agradocosmetic.com\/?p=28232"},"modified":"2024-09-11T11:25:04","modified_gmt":"2024-09-11T11:25:04","slug":"cual-es-mi-protector-solar-ideal","status":"publish","type":"post","link":"https:\/\/agradocosmetic.com\/pt\/cual-es-mi-protector-solar-ideal\/","title":{"rendered":"Qual \u00e9 o meu protetor solar ideal?"},"content":{"rendered":"<p><span style=\"font-weight: 400\">Escolher o protetor solar ideal pode parecer uma tarefa complicada, mas na Agrado Cosmetic facilitamos para voc\u00ea. Sabemos que cada pele \u00e9 \u00fanica e que todas necessitam de cuidados especiais ao sol. Por isso, ajudamos voc\u00ea a encontrar o produto perfeito para voc\u00ea em nossa linha. <a href=\"https:\/\/agradocosmetic.com\/pt\/categoria-de-producto\/proteccion-solar\/\" target=\"_blank\" rel=\"noopener\">Eu gosto de protetor solar<\/a>. Descubra qual \u00e9 o seu protetor solar ideal!<\/span><\/p>\n<h3><span style=\"font-weight: 400\">Para amantes de esportes ao ar livre.<\/span><\/h3>\n<p><span style=\"font-weight: 400\">Se voc\u00ea adora praticar esportes ao ar livre, precisa de uma prote\u00e7\u00e3o que dure o dia todo. Nosso <a href=\"https:\/\/agradocosmetic.com\/pt\/producto\/agua-solar-spf50\/\" target=\"_blank\" rel=\"noopener\">\u00c1gua Solar Invis\u00edvel FPS50<\/a> \u00c9 perfeito para voc\u00ea. Com uma textura leve e resistente \u00e0 \u00e1gua, oferece-lhe a m\u00e1xima protec\u00e7\u00e3o sem deixar vest\u00edgios. Ideal para quem n\u00e3o consegue ficar parado!\u00a0\u00a0<\/span><\/p>\n<h3><span style=\"font-weight: 400\">Para quem procura um bronzeado dourado.<\/span><\/h3>\n<p><span style=\"font-weight: 400\">Se o seu bronzeado \u00e9 natural sem abrir m\u00e3o da prote\u00e7\u00e3o, recomendamos o <a href=\"https:\/\/agradocosmetic.com\/pt\/producto\/aceite-seco-spf30\/\" target=\"_blank\" rel=\"noopener\">\u00d3leo Solar Seco FPS30<\/a>. Oferece a prote\u00e7\u00e3o que voc\u00ea precisa ao mesmo tempo que deixa a pele com um lindo tom dourado. Al\u00e9m disso, sua textura oleosa far\u00e1 voc\u00ea se sentir incr\u00edvel enquanto aproveita o sol.\u00a0\u00a0<\/span><\/p>\n<h3><span style=\"font-weight: 400\">Para peles sens\u00edveis ou com tend\u00eancia a manchas.<\/span><\/h3>\n<p><span style=\"font-weight: 400\">Se sua pele \u00e9 delicada ou voc\u00ea est\u00e1 preocupado com manchas, o <a href=\"https:\/\/agradocosmetic.com\/pt\/categoria-de-producto\/proteccion-solar\/\" target=\"_blank\" rel=\"noopener\">Linha Sens\u00edvel<\/a> \u00c9 a sua melhor op\u00e7\u00e3o. Qualquer um dos seus formatos \u00e9 o protetor solar ideal para quem pretende proteger as zonas mais sens\u00edveis, gra\u00e7as \u00e0 sua f\u00f3rmula suave mas eficaz.\u00a0\u00a0<\/span><\/p>\n<h3><span style=\"font-weight: 400\">Para toda a fam\u00edlia.<\/span><\/h3>\n<p><span style=\"font-weight: 400\">Se voc\u00ea tem filhos pequenos, o <a href=\"https:\/\/agradocosmetic.com\/pt\/producto\/crema-solar-50spf\/\" target=\"_blank\" rel=\"noopener\">Creme Solar FPS50+<\/a> O tamanho fam\u00edlia foi pensado para cuidar da pele de toda a fam\u00edlia. Com f\u00f3rmula espec\u00edfica para peles sens\u00edveis e infantis. Proteja a pele de todos em grande formato enquanto aproveitam ao m\u00e1ximo o ver\u00e3o.\u00a0\u00a0<\/span><\/p>\n<p><span style=\"font-weight: 400\">Neste ver\u00e3o da #LoveCarePlanet, escolha o protetor solar ideal para voc\u00ea e sua fam\u00edlia. N\u00e3o importa o seu estilo de vida, Agrado Sun Care tem o aliado perfeito para que voc\u00ea possa aproveitar o sol com total tranquilidade. Fa\u00e7a da prote\u00e7\u00e3o parte da sua rotina di\u00e1ria!<\/span><\/p>","protected":false},"excerpt":{"rendered":"<p>Elegir el protector solar ideal puede parecer una tarea complicada, pero en Agrado Cosmetic te lo ponemos f\u00e1cil. Sabemos que cada piel es \u00fanica y que todas necesitan cuidados especiales bajo el sol. Por eso, te ayudamos a encontrar el producto perfecto para ti de nuestra l\u00ednea Agrado Sun Care. \u00a1Descubre cu\u00e1l es tu protector [&hellip;]<\/p>\n","protected":false},"author":11,"featured_media":28223,"comment_status":"open","ping_status":"closed","sticky":false,"template":"","format":"standard","meta":{"footnotes":"","_wp_rev_ctl_limit":""},"categories":[531],"tags":[755,756,757,747,740,126,317,230],"class_list":["post-28232","post","type-post","status-publish","format-standard","has-post-thumbnail","hentry","category-solar-en","tag-proteccion-ideal","tag-que-proteccion-necesito","tag-comprar-proteccion-solar","tag-factor-de-proteccion-solar","tag-agrado-sun-care","tag-agrado","tag-proteccion-solar","tag-spf"],"yoast_head":"<!-- This site is optimized with the Yoast SEO plugin v27.4 - https:\/\/yoast.com\/product\/yoast-seo-wordpress\/ -->\n<title>\u00bfCu\u00e1l es mi protector solar ideal? - Agrado<\/title>\n<meta name=\"description\" content=\"Elegir el protector solar ideal puede parecer una tarea complicada, pero en Agrado Cosmetic te lo ponemos f\u00e1cil.\" \/>\n<meta name=\"robots\" content=\"index, follow, max-snippet:-1, max-image-preview:large, max-video-preview:-1\" \/>\n<link rel=\"canonical\" href=\"https:\/\/agradocosmetic.com\/pt\/cual-es-mi-protector-solar-ideal\/\" \/>\n<meta property=\"og:locale\" content=\"pt_PT\" \/>\n<meta property=\"og:type\" content=\"article\" \/>\n<meta property=\"og:title\" content=\"\u00bfCu\u00e1l es mi protector solar ideal? - Agrado\" \/>\n<meta property=\"og:description\" content=\"Elegir el protector solar ideal puede parecer una tarea complicada, pero en Agrado Cosmetic te lo ponemos f\u00e1cil.\" \/>\n<meta property=\"og:url\" content=\"https:\/\/agradocosmetic.com\/pt\/cual-es-mi-protector-solar-ideal\/\" \/>\n<meta property=\"og:site_name\" content=\"Agrado\" \/>\n<meta property=\"article:published_time\" content=\"2024-06-22T09:30:40+00:00\" \/>\n<meta property=\"article:modified_time\" content=\"2024-09-11T11:25:04+00:00\" \/>\n<meta property=\"og:image\" content=\"https:\/\/agradocosmetic.com\/wp-content\/uploads\/2024\/09\/JUN-2.jpg\" \/>\n\t<meta property=\"og:image:width\" content=\"1140\" \/>\n\t<meta property=\"og:image:height\" content=\"600\" \/>\n\t<meta property=\"og:image:type\" content=\"image\/jpeg\" \/>\n<meta name=\"author\" content=\"carmen\" \/>\n<meta name=\"twitter:card\" content=\"summary_large_image\" \/>\n<meta name=\"twitter:label1\" content=\"Escrito por\" \/>\n\t<meta name=\"twitter:data1\" content=\"carmen\" \/>\n\t<meta name=\"twitter:label2\" content=\"Tempo estimado de leitura\" \/>\n\t<meta name=\"twitter:data2\" content=\"2 minutos\" \/>\n<script type=\"application\/ld+json\" class=\"yoast-schema-graph\">{\"@context\":\"https:\\\/\\\/schema.org\",\"@graph\":[{\"@type\":\"Article\",\"@id\":\"https:\\\/\\\/agradocosmetic.com\\\/cual-es-mi-protector-solar-ideal\\\/#article\",\"isPartOf\":{\"@id\":\"https:\\\/\\\/agradocosmetic.com\\\/cual-es-mi-protector-solar-ideal\\\/\"},\"author\":{\"name\":\"carmen\",\"@id\":\"https:\\\/\\\/agradocosmetic.com\\\/#\\\/schema\\\/person\\\/59124921013b50f80959d84fc7219096\"},\"headline\":\"\u00bfCu\u00e1l es mi protector solar ideal?\",\"datePublished\":\"2024-06-22T09:30:40+00:00\",\"dateModified\":\"2024-09-11T11:25:04+00:00\",\"mainEntityOfPage\":{\"@id\":\"https:\\\/\\\/agradocosmetic.com\\\/cual-es-mi-protector-solar-ideal\\\/\"},\"wordCount\":333,\"commentCount\":0,\"publisher\":{\"@id\":\"https:\\\/\\\/agradocosmetic.com\\\/#organization\"},\"image\":{\"@id\":\"https:\\\/\\\/agradocosmetic.com\\\/cual-es-mi-protector-solar-ideal\\\/#primaryimage\"},\"thumbnailUrl\":\"https:\\\/\\\/agradocosmetic.com\\\/wp-content\\\/uploads\\\/2024\\\/09\\\/JUN-2.jpg\",\"keywords\":[\"proteccion ideal\",\"que protecci\u00f3n necesito\",\"comprar protecci\u00f3n solar\",\"factor de proteccion solar\",\"agrado sun care\",\"agrado\",\"proteccion solar\",\"spf\"],\"articleSection\":[\"Solar\"],\"inLanguage\":\"pt-PT\",\"potentialAction\":[{\"@type\":\"CommentAction\",\"name\":\"Comment\",\"target\":[\"https:\\\/\\\/agradocosmetic.com\\\/cual-es-mi-protector-solar-ideal\\\/#respond\"]}]},{\"@type\":\"WebPage\",\"@id\":\"https:\\\/\\\/agradocosmetic.com\\\/cual-es-mi-protector-solar-ideal\\\/\",\"url\":\"https:\\\/\\\/agradocosmetic.com\\\/cual-es-mi-protector-solar-ideal\\\/\",\"name\":\"\u00bfCu\u00e1l es mi protector solar ideal? - Agrado\",\"isPartOf\":{\"@id\":\"https:\\\/\\\/agradocosmetic.com\\\/#website\"},\"primaryImageOfPage\":{\"@id\":\"https:\\\/\\\/agradocosmetic.com\\\/cual-es-mi-protector-solar-ideal\\\/#primaryimage\"},\"image\":{\"@id\":\"https:\\\/\\\/agradocosmetic.com\\\/cual-es-mi-protector-solar-ideal\\\/#primaryimage\"},\"thumbnailUrl\":\"https:\\\/\\\/agradocosmetic.com\\\/wp-content\\\/uploads\\\/2024\\\/09\\\/JUN-2.jpg\",\"datePublished\":\"2024-06-22T09:30:40+00:00\",\"dateModified\":\"2024-09-11T11:25:04+00:00\",\"description\":\"Elegir el protector solar ideal puede parecer una tarea complicada, pero en Agrado Cosmetic te lo ponemos f\u00e1cil.\",\"breadcrumb\":{\"@id\":\"https:\\\/\\\/agradocosmetic.com\\\/cual-es-mi-protector-solar-ideal\\\/#breadcrumb\"},\"inLanguage\":\"pt-PT\",\"potentialAction\":[{\"@type\":\"ReadAction\",\"target\":[\"https:\\\/\\\/agradocosmetic.com\\\/cual-es-mi-protector-solar-ideal\\\/\"]}]},{\"@type\":\"ImageObject\",\"inLanguage\":\"pt-PT\",\"@id\":\"https:\\\/\\\/agradocosmetic.com\\\/cual-es-mi-protector-solar-ideal\\\/#primaryimage\",\"url\":\"https:\\\/\\\/agradocosmetic.com\\\/wp-content\\\/uploads\\\/2024\\\/09\\\/JUN-2.jpg\",\"contentUrl\":\"https:\\\/\\\/agradocosmetic.com\\\/wp-content\\\/uploads\\\/2024\\\/09\\\/JUN-2.jpg\",\"width\":1140,\"height\":600,\"caption\":\"mi protector solar ideal\"},{\"@type\":\"BreadcrumbList\",\"@id\":\"https:\\\/\\\/agradocosmetic.com\\\/cual-es-mi-protector-solar-ideal\\\/#breadcrumb\",\"itemListElement\":[{\"@type\":\"ListItem\",\"position\":1,\"name\":\"Portada\",\"item\":\"https:\\\/\\\/agradocosmetic.com\\\/\"},{\"@type\":\"ListItem\",\"position\":2,\"name\":\"\u00bfCu\u00e1l es mi protector solar ideal?\"}]},{\"@type\":\"WebSite\",\"@id\":\"https:\\\/\\\/agradocosmetic.com\\\/#website\",\"url\":\"https:\\\/\\\/agradocosmetic.com\\\/\",\"name\":\"Agrado\",\"description\":\"Cosmetic\",\"publisher\":{\"@id\":\"https:\\\/\\\/agradocosmetic.com\\\/#organization\"},\"potentialAction\":[{\"@type\":\"SearchAction\",\"target\":{\"@type\":\"EntryPoint\",\"urlTemplate\":\"https:\\\/\\\/agradocosmetic.com\\\/?s={search_term_string}\"},\"query-input\":{\"@type\":\"PropertyValueSpecification\",\"valueRequired\":true,\"valueName\":\"search_term_string\"}}],\"inLanguage\":\"pt-PT\"},{\"@type\":\"Organization\",\"@id\":\"https:\\\/\\\/agradocosmetic.com\\\/#organization\",\"name\":\"Agrado\",\"url\":\"https:\\\/\\\/agradocosmetic.com\\\/\",\"logo\":{\"@type\":\"ImageObject\",\"inLanguage\":\"pt-PT\",\"@id\":\"https:\\\/\\\/agradocosmetic.com\\\/#\\\/schema\\\/logo\\\/image\\\/\",\"url\":\"https:\\\/\\\/agradocosmetic.com\\\/wp-content\\\/uploads\\\/2023\\\/07\\\/LOGO-AGRADO-WEB-01.png\",\"contentUrl\":\"https:\\\/\\\/agradocosmetic.com\\\/wp-content\\\/uploads\\\/2023\\\/07\\\/LOGO-AGRADO-WEB-01.png\",\"width\":1632,\"height\":300,\"caption\":\"Agrado\"},\"image\":{\"@id\":\"https:\\\/\\\/agradocosmetic.com\\\/#\\\/schema\\\/logo\\\/image\\\/\"}},{\"@type\":\"Person\",\"@id\":\"https:\\\/\\\/agradocosmetic.com\\\/#\\\/schema\\\/person\\\/59124921013b50f80959d84fc7219096\",\"name\":\"carmen\",\"image\":{\"@type\":\"ImageObject\",\"inLanguage\":\"pt-PT\",\"@id\":\"https:\\\/\\\/secure.gravatar.com\\\/avatar\\\/2036bf58c019bb0a3f94937a2ed7cab76ae6ebe239f705f7c62ea5c48f93531f?s=96&d=mm&r=g\",\"url\":\"https:\\\/\\\/secure.gravatar.com\\\/avatar\\\/2036bf58c019bb0a3f94937a2ed7cab76ae6ebe239f705f7c62ea5c48f93531f?s=96&d=mm&r=g\",\"contentUrl\":\"https:\\\/\\\/secure.gravatar.com\\\/avatar\\\/2036bf58c019bb0a3f94937a2ed7cab76ae6ebe239f705f7c62ea5c48f93531f?s=96&d=mm&r=g\",\"caption\":\"carmen\"}}]}<\/script>\n<!-- \/ Yoast SEO plugin. -->","yoast_head_json":{"title":"\u00bfCu\u00e1l es mi protector solar ideal? - Agrado","description":"Elegir el protector solar ideal puede parecer una tarea complicada, pero en Agrado Cosmetic te lo ponemos f\u00e1cil.","robots":{"index":"index","follow":"follow","max-snippet":"max-snippet:-1","max-image-preview":"max-image-preview:large","max-video-preview":"max-video-preview:-1"},"canonical":"https:\/\/agradocosmetic.com\/pt\/cual-es-mi-protector-solar-ideal\/","og_locale":"pt_PT","og_type":"article","og_title":"\u00bfCu\u00e1l es mi protector solar ideal? - Agrado","og_description":"Elegir el protector solar ideal puede parecer una tarea complicada, pero en Agrado Cosmetic te lo ponemos f\u00e1cil.","og_url":"https:\/\/agradocosmetic.com\/pt\/cual-es-mi-protector-solar-ideal\/","og_site_name":"Agrado","article_published_time":"2024-06-22T09:30:40+00:00","article_modified_time":"2024-09-11T11:25:04+00:00","og_image":[{"width":1140,"height":600,"url":"https:\/\/agradocosmetic.com\/wp-content\/uploads\/2024\/09\/JUN-2.jpg","type":"image\/jpeg"}],"author":"carmen","twitter_card":"summary_large_image","twitter_misc":{"Escrito por":"carmen","Tempo estimado de leitura":"2 minutos"},"schema":{"@context":"https:\/\/schema.org","@graph":[{"@type":"Article","@id":"https:\/\/agradocosmetic.com\/cual-es-mi-protector-solar-ideal\/#article","isPartOf":{"@id":"https:\/\/agradocosmetic.com\/cual-es-mi-protector-solar-ideal\/"},"author":{"name":"carmen","@id":"https:\/\/agradocosmetic.com\/#\/schema\/person\/59124921013b50f80959d84fc7219096"},"headline":"\u00bfCu\u00e1l es mi protector solar ideal?","datePublished":"2024-06-22T09:30:40+00:00","dateModified":"2024-09-11T11:25:04+00:00","mainEntityOfPage":{"@id":"https:\/\/agradocosmetic.com\/cual-es-mi-protector-solar-ideal\/"},"wordCount":333,"commentCount":0,"publisher":{"@id":"https:\/\/agradocosmetic.com\/#organization"},"image":{"@id":"https:\/\/agradocosmetic.com\/cual-es-mi-protector-solar-ideal\/#primaryimage"},"thumbnailUrl":"https:\/\/agradocosmetic.com\/wp-content\/uploads\/2024\/09\/JUN-2.jpg","keywords":["proteccion ideal","que protecci\u00f3n necesito","comprar protecci\u00f3n solar","factor de proteccion solar","agrado sun care","agrado","proteccion solar","spf"],"articleSection":["Solar"],"inLanguage":"pt-PT","potentialAction":[{"@type":"CommentAction","name":"Comment","target":["https:\/\/agradocosmetic.com\/cual-es-mi-protector-solar-ideal\/#respond"]}]},{"@type":"WebPage","@id":"https:\/\/agradocosmetic.com\/cual-es-mi-protector-solar-ideal\/","url":"https:\/\/agradocosmetic.com\/cual-es-mi-protector-solar-ideal\/","name":"\u00bfCu\u00e1l es mi protector solar ideal? - Agrado","isPartOf":{"@id":"https:\/\/agradocosmetic.com\/#website"},"primaryImageOfPage":{"@id":"https:\/\/agradocosmetic.com\/cual-es-mi-protector-solar-ideal\/#primaryimage"},"image":{"@id":"https:\/\/agradocosmetic.com\/cual-es-mi-protector-solar-ideal\/#primaryimage"},"thumbnailUrl":"https:\/\/agradocosmetic.com\/wp-content\/uploads\/2024\/09\/JUN-2.jpg","datePublished":"2024-06-22T09:30:40+00:00","dateModified":"2024-09-11T11:25:04+00:00","description":"Elegir el protector solar ideal puede parecer una tarea complicada, pero en Agrado Cosmetic te lo ponemos f\u00e1cil.","breadcrumb":{"@id":"https:\/\/agradocosmetic.com\/cual-es-mi-protector-solar-ideal\/#breadcrumb"},"inLanguage":"pt-PT","potentialAction":[{"@type":"ReadAction","target":["https:\/\/agradocosmetic.com\/cual-es-mi-protector-solar-ideal\/"]}]},{"@type":"ImageObject","inLanguage":"pt-PT","@id":"https:\/\/agradocosmetic.com\/cual-es-mi-protector-solar-ideal\/#primaryimage","url":"https:\/\/agradocosmetic.com\/wp-content\/uploads\/2024\/09\/JUN-2.jpg","contentUrl":"https:\/\/agradocosmetic.com\/wp-content\/uploads\/2024\/09\/JUN-2.jpg","width":1140,"height":600,"caption":"mi protector solar ideal"},{"@type":"BreadcrumbList","@id":"https:\/\/agradocosmetic.com\/cual-es-mi-protector-solar-ideal\/#breadcrumb","itemListElement":[{"@type":"ListItem","position":1,"name":"Portada","item":"https:\/\/agradocosmetic.com\/"},{"@type":"ListItem","position":2,"name":"\u00bfCu\u00e1l es mi protector solar ideal?"}]},{"@type":"WebSite","@id":"https:\/\/agradocosmetic.com\/#website","url":"https:\/\/agradocosmetic.com\/","name":"Gosto","description":"Cosm\u00e9tico","publisher":{"@id":"https:\/\/agradocosmetic.com\/#organization"},"potentialAction":[{"@type":"SearchAction","target":{"@type":"EntryPoint","urlTemplate":"https:\/\/agradocosmetic.com\/?s={search_term_string}"},"query-input":{"@type":"PropertyValueSpecification","valueRequired":true,"valueName":"search_term_string"}}],"inLanguage":"pt-PT"},{"@type":"Organization","@id":"https:\/\/agradocosmetic.com\/#organization","name":"Gosto","url":"https:\/\/agradocosmetic.com\/","logo":{"@type":"ImageObject","inLanguage":"pt-PT","@id":"https:\/\/agradocosmetic.com\/#\/schema\/logo\/image\/","url":"https:\/\/agradocosmetic.com\/wp-content\/uploads\/2023\/07\/LOGO-AGRADO-WEB-01.png","contentUrl":"https:\/\/agradocosmetic.com\/wp-content\/uploads\/2023\/07\/LOGO-AGRADO-WEB-01.png","width":1632,"height":300,"caption":"Agrado"},"image":{"@id":"https:\/\/agradocosmetic.com\/#\/schema\/logo\/image\/"}},{"@type":"Person","@id":"https:\/\/agradocosmetic.com\/#\/schema\/person\/59124921013b50f80959d84fc7219096","name":"Carmem","image":{"@type":"ImageObject","inLanguage":"pt-PT","@id":"https:\/\/secure.gravatar.com\/avatar\/2036bf58c019bb0a3f94937a2ed7cab76ae6ebe239f705f7c62ea5c48f93531f?s=96&d=mm&r=g","url":"https:\/\/secure.gravatar.com\/avatar\/2036bf58c019bb0a3f94937a2ed7cab76ae6ebe239f705f7c62ea5c48f93531f?s=96&d=mm&r=g","contentUrl":"https:\/\/secure.gravatar.com\/avatar\/2036bf58c019bb0a3f94937a2ed7cab76ae6ebe239f705f7c62ea5c48f93531f?s=96&d=mm&r=g","caption":"carmen"}}]}},"_links":{"self":[{"href":"https:\/\/agradocosmetic.com\/pt\/wp-json\/wp\/v2\/posts\/28232","targetHints":{"allow":["GET"]}}],"collection":[{"href":"https:\/\/agradocosmetic.com\/pt\/wp-json\/wp\/v2\/posts"}],"about":[{"href":"https:\/\/agradocosmetic.com\/pt\/wp-json\/wp\/v2\/types\/post"}],"author":[{"embeddable":true,"href":"https:\/\/agradocosmetic.com\/pt\/wp-json\/wp\/v2\/users\/11"}],"replies":[{"embeddable":true,"href":"https:\/\/agradocosmetic.com\/pt\/wp-json\/wp\/v2\/comments?post=28232"}],"version-history":[{"count":1,"href":"https:\/\/agradocosmetic.com\/pt\/wp-json\/wp\/v2\/posts\/28232\/revisions"}],"predecessor-version":[{"id":28233,"href":"https:\/\/agradocosmetic.com\/pt\/wp-json\/wp\/v2\/posts\/28232\/revisions\/28233"}],"wp:featuredmedia":[{"embeddable":true,"href":"https:\/\/agradocosmetic.com\/pt\/wp-json\/wp\/v2\/media\/28223"}],"wp:attachment":[{"href":"https:\/\/agradocosmetic.com\/pt\/wp-json\/wp\/v2\/media?parent=28232"}],"wp:term":[{"taxonomy":"category","embeddable":true,"href":"https:\/\/agradocosmetic.com\/pt\/wp-json\/wp\/v2\/categories?post=28232"},{"taxonomy":"post_tag","embeddable":true,"href":"https:\/\/agradocosmetic.com\/pt\/wp-json\/wp\/v2\/tags?post=28232"}],"curies":[{"name":"wp","href":"https:\/\/api.w.org\/{rel}","templated":true}]}}