{"id":28236,"date":"2024-07-28T11:00:44","date_gmt":"2024-07-28T11:00:44","guid":{"rendered":"https:\/\/agradocosmetic.com\/?p=28236"},"modified":"2024-09-11T11:38:01","modified_gmt":"2024-09-11T11:38:01","slug":"vacaciones-a-salvo-con-el-nuevo-travel-kit","status":"publish","type":"post","link":"https:\/\/agradocosmetic.com\/pt\/vacaciones-a-salvo-con-el-nuevo-travel-kit\/","title":{"rendered":"F\u00e9rias seguras com o novo Kit de Viagem."},"content":{"rendered":"<p><span style=\"font-weight: 400\">O ver\u00e3o chegou e com ele as t\u00e3o esperadas f\u00e9rias! Quer viaje para a praia, para a montanha ou planeie uma escapadela r\u00e1pida, h\u00e1 algo que n\u00e3o pode faltar na sua mala: o novo <a href=\"https:\/\/agradocosmetic.com\/pt\/producto\/neceser-travel-kit\/\" target=\"_blank\" rel=\"noopener\">Kit de viagem Agrado Sun Care<\/a>. Esta bolsa de higiene \u00e9 a companhia perfeita para manter a pele protegida durante as f\u00e9rias e cuidar dela ap\u00f3s a exposi\u00e7\u00e3o solar. Tudo em um formato de viagem conveniente!<\/span><\/p>\n<p><span style=\"font-weight: 400\">O Kit de Viagem Agrado inclui tudo que voc\u00ea precisa para manter sua pele segura. Dentro voc\u00ea encontrar\u00e1 uma sele\u00e7\u00e3o de nossos produtos estrela, come\u00e7ando com o Spray Solar Facial SPF50+ e o tubo de Creme Solar FPS50, ambos ideais para proteger o rosto e o corpo dos raios UVA e UVB enquanto voc\u00ea aproveita o sol. Al\u00e9m disso, inclui a Lo\u00e7\u00e3o P\u00f3s-Solar para hidratar e refrescar a pele ap\u00f3s um dia de exposi\u00e7\u00e3o. Com sua textura leve e de r\u00e1pida absor\u00e7\u00e3o, After Sun \u00e9 perfeito para prevenir o ressecamento e prolongar o bronzeado.<\/span><\/p>\n<p><span style=\"font-weight: 400\">O melhor de tudo \u00e9 que o Kit Viagem tem o tamanho ideal para levar na cabine do avi\u00e3o ou em qualquer mala de m\u00e3o. Dessa forma, voc\u00ea n\u00e3o ter\u00e1 que se preocupar com restri\u00e7\u00f5es de l\u00edquidos ao viajar. \u00c9 o aliado perfeito para proteg\u00ea-lo onde quer que esteja, sem ocupar muito espa\u00e7o.\u00a0\u00a0<\/span><\/p>\n<p><span style=\"font-weight: 400\">N\u00e3o importa se voc\u00ea vai desfrutar de uma longa estadia na praia ou de um fim de semana, <a href=\"https:\/\/agradocosmetic.com\/pt\/producto\/neceser-travel-kit\/\" target=\"_blank\" rel=\"noopener\">este Kit de Viagem<\/a> \u00c9 essencial garantir que sua pele esteja bem cuidada.\u00a0\u00a0<\/span><\/p>\n<p><span style=\"font-weight: 400\">Este ver\u00e3o #LoveCarePlanet tem o novo <a href=\"https:\/\/agradocosmetic.com\/pt\/producto\/neceser-travel-kit\/\" target=\"_blank\" rel=\"noopener\">Kit de viagem Agrado Sun Care<\/a> e aproveite o sol com total tranquilidade. Fa\u00e7a da prote\u00e7\u00e3o a sua melhor companheira de viagem!<\/span><\/p>","protected":false},"excerpt":{"rendered":"<p>\u00a1El verano ya est\u00e1 aqu\u00ed y con \u00e9l, las tan ansiadas vacaciones! Ya sea que viajes a la playa, a la monta\u00f1a o que planees una escapada r\u00e1pida, hay algo que no puede faltar en tu maleta: el nuevo Travel Kit de Agrado Sun Care. Este neceser es el compa\u00f1ero perfecto para mantener tu piel [&hellip;]<\/p>\n","protected":false},"author":11,"featured_media":28221,"comment_status":"open","ping_status":"closed","sticky":false,"template":"","format":"standard","meta":{"footnotes":"","_wp_rev_ctl_limit":""},"categories":[531],"tags":[762,763,764,765,766,767,768,769,740,126,317],"class_list":["post-28236","post","type-post","status-publish","format-standard","has-post-thumbnail","hentry","category-solar-en","tag-vacaciones","tag-travel-kit","tag-neceser-de-viaje","tag-tamano-viaje","tag-bruma-facial","tag-crema-corporal","tag-100ml","tag-after-sun","tag-agrado-sun-care","tag-agrado","tag-proteccion-solar"],"yoast_head":"<!-- This site is optimized with the Yoast SEO plugin v27.4 - https:\/\/yoast.com\/product\/yoast-seo-wordpress\/ -->\n<title>Vacaciones a salvo con el nuevo Travel Kit. - Agrado<\/title>\n<meta name=\"description\" content=\"El nuevo Travel Kit ser\u00e1 el compa\u00f1ero perfecto para mantener tu piel protegida y cuidada durante las vacaciones. \u00a1Todo lo que necesitas!\" \/>\n<meta name=\"robots\" content=\"index, follow, max-snippet:-1, max-image-preview:large, max-video-preview:-1\" \/>\n<link rel=\"canonical\" href=\"https:\/\/agradocosmetic.com\/pt\/vacaciones-a-salvo-con-el-nuevo-travel-kit\/\" \/>\n<meta property=\"og:locale\" content=\"pt_PT\" \/>\n<meta property=\"og:type\" content=\"article\" \/>\n<meta property=\"og:title\" content=\"Vacaciones a salvo con el nuevo Travel Kit. - Agrado\" \/>\n<meta property=\"og:description\" content=\"El nuevo Travel Kit ser\u00e1 el compa\u00f1ero perfecto para mantener tu piel protegida y cuidada durante las vacaciones. \u00a1Todo lo que necesitas!\" \/>\n<meta property=\"og:url\" content=\"https:\/\/agradocosmetic.com\/pt\/vacaciones-a-salvo-con-el-nuevo-travel-kit\/\" \/>\n<meta property=\"og:site_name\" content=\"Agrado\" \/>\n<meta property=\"article:published_time\" content=\"2024-07-28T11:00:44+00:00\" \/>\n<meta property=\"article:modified_time\" content=\"2024-09-11T11:38:01+00:00\" \/>\n<meta property=\"og:image\" content=\"https:\/\/agradocosmetic.com\/wp-content\/uploads\/2024\/09\/JUL-2.jpg\" \/>\n\t<meta property=\"og:image:width\" content=\"1140\" \/>\n\t<meta property=\"og:image:height\" content=\"600\" \/>\n\t<meta property=\"og:image:type\" content=\"image\/jpeg\" \/>\n<meta name=\"author\" content=\"carmen\" \/>\n<meta name=\"twitter:card\" content=\"summary_large_image\" \/>\n<meta name=\"twitter:label1\" content=\"Escrito por\" \/>\n\t<meta name=\"twitter:data1\" content=\"carmen\" \/>\n\t<meta name=\"twitter:label2\" content=\"Tempo estimado de leitura\" \/>\n\t<meta name=\"twitter:data2\" content=\"2 minutos\" \/>\n<script type=\"application\/ld+json\" class=\"yoast-schema-graph\">{\"@context\":\"https:\\\/\\\/schema.org\",\"@graph\":[{\"@type\":\"Article\",\"@id\":\"https:\\\/\\\/agradocosmetic.com\\\/vacaciones-a-salvo-con-el-nuevo-travel-kit\\\/#article\",\"isPartOf\":{\"@id\":\"https:\\\/\\\/agradocosmetic.com\\\/vacaciones-a-salvo-con-el-nuevo-travel-kit\\\/\"},\"author\":{\"name\":\"carmen\",\"@id\":\"https:\\\/\\\/agradocosmetic.com\\\/#\\\/schema\\\/person\\\/59124921013b50f80959d84fc7219096\"},\"headline\":\"Vacaciones a salvo con el nuevo Travel Kit.\",\"datePublished\":\"2024-07-28T11:00:44+00:00\",\"dateModified\":\"2024-09-11T11:38:01+00:00\",\"mainEntityOfPage\":{\"@id\":\"https:\\\/\\\/agradocosmetic.com\\\/vacaciones-a-salvo-con-el-nuevo-travel-kit\\\/\"},\"wordCount\":316,\"commentCount\":0,\"publisher\":{\"@id\":\"https:\\\/\\\/agradocosmetic.com\\\/#organization\"},\"image\":{\"@id\":\"https:\\\/\\\/agradocosmetic.com\\\/vacaciones-a-salvo-con-el-nuevo-travel-kit\\\/#primaryimage\"},\"thumbnailUrl\":\"https:\\\/\\\/agradocosmetic.com\\\/wp-content\\\/uploads\\\/2024\\\/09\\\/JUL-2.jpg\",\"keywords\":[\"vacaciones\",\"travel kit\",\"neceser de viaje\",\"tama\u00f1o viaje\",\"bruma facial\",\"crema corporal\",\"100ml\",\"after sun\",\"agrado sun care\",\"agrado\",\"proteccion solar\"],\"articleSection\":[\"Solar\"],\"inLanguage\":\"pt-PT\",\"potentialAction\":[{\"@type\":\"CommentAction\",\"name\":\"Comment\",\"target\":[\"https:\\\/\\\/agradocosmetic.com\\\/vacaciones-a-salvo-con-el-nuevo-travel-kit\\\/#respond\"]}]},{\"@type\":\"WebPage\",\"@id\":\"https:\\\/\\\/agradocosmetic.com\\\/vacaciones-a-salvo-con-el-nuevo-travel-kit\\\/\",\"url\":\"https:\\\/\\\/agradocosmetic.com\\\/vacaciones-a-salvo-con-el-nuevo-travel-kit\\\/\",\"name\":\"Vacaciones a salvo con el nuevo Travel Kit. - Agrado\",\"isPartOf\":{\"@id\":\"https:\\\/\\\/agradocosmetic.com\\\/#website\"},\"primaryImageOfPage\":{\"@id\":\"https:\\\/\\\/agradocosmetic.com\\\/vacaciones-a-salvo-con-el-nuevo-travel-kit\\\/#primaryimage\"},\"image\":{\"@id\":\"https:\\\/\\\/agradocosmetic.com\\\/vacaciones-a-salvo-con-el-nuevo-travel-kit\\\/#primaryimage\"},\"thumbnailUrl\":\"https:\\\/\\\/agradocosmetic.com\\\/wp-content\\\/uploads\\\/2024\\\/09\\\/JUL-2.jpg\",\"datePublished\":\"2024-07-28T11:00:44+00:00\",\"dateModified\":\"2024-09-11T11:38:01+00:00\",\"description\":\"El nuevo Travel Kit ser\u00e1 el compa\u00f1ero perfecto para mantener tu piel protegida y cuidada durante las vacaciones. \u00a1Todo lo que necesitas!\",\"breadcrumb\":{\"@id\":\"https:\\\/\\\/agradocosmetic.com\\\/vacaciones-a-salvo-con-el-nuevo-travel-kit\\\/#breadcrumb\"},\"inLanguage\":\"pt-PT\",\"potentialAction\":[{\"@type\":\"ReadAction\",\"target\":[\"https:\\\/\\\/agradocosmetic.com\\\/vacaciones-a-salvo-con-el-nuevo-travel-kit\\\/\"]}]},{\"@type\":\"ImageObject\",\"inLanguage\":\"pt-PT\",\"@id\":\"https:\\\/\\\/agradocosmetic.com\\\/vacaciones-a-salvo-con-el-nuevo-travel-kit\\\/#primaryimage\",\"url\":\"https:\\\/\\\/agradocosmetic.com\\\/wp-content\\\/uploads\\\/2024\\\/09\\\/JUL-2.jpg\",\"contentUrl\":\"https:\\\/\\\/agradocosmetic.com\\\/wp-content\\\/uploads\\\/2024\\\/09\\\/JUL-2.jpg\",\"width\":1140,\"height\":600,\"caption\":\"travel kit\"},{\"@type\":\"BreadcrumbList\",\"@id\":\"https:\\\/\\\/agradocosmetic.com\\\/vacaciones-a-salvo-con-el-nuevo-travel-kit\\\/#breadcrumb\",\"itemListElement\":[{\"@type\":\"ListItem\",\"position\":1,\"name\":\"Portada\",\"item\":\"https:\\\/\\\/agradocosmetic.com\\\/\"},{\"@type\":\"ListItem\",\"position\":2,\"name\":\"Vacaciones a salvo con el nuevo Travel Kit.\"}]},{\"@type\":\"WebSite\",\"@id\":\"https:\\\/\\\/agradocosmetic.com\\\/#website\",\"url\":\"https:\\\/\\\/agradocosmetic.com\\\/\",\"name\":\"Agrado\",\"description\":\"Cosmetic\",\"publisher\":{\"@id\":\"https:\\\/\\\/agradocosmetic.com\\\/#organization\"},\"potentialAction\":[{\"@type\":\"SearchAction\",\"target\":{\"@type\":\"EntryPoint\",\"urlTemplate\":\"https:\\\/\\\/agradocosmetic.com\\\/?s={search_term_string}\"},\"query-input\":{\"@type\":\"PropertyValueSpecification\",\"valueRequired\":true,\"valueName\":\"search_term_string\"}}],\"inLanguage\":\"pt-PT\"},{\"@type\":\"Organization\",\"@id\":\"https:\\\/\\\/agradocosmetic.com\\\/#organization\",\"name\":\"Agrado\",\"url\":\"https:\\\/\\\/agradocosmetic.com\\\/\",\"logo\":{\"@type\":\"ImageObject\",\"inLanguage\":\"pt-PT\",\"@id\":\"https:\\\/\\\/agradocosmetic.com\\\/#\\\/schema\\\/logo\\\/image\\\/\",\"url\":\"https:\\\/\\\/agradocosmetic.com\\\/wp-content\\\/uploads\\\/2023\\\/07\\\/LOGO-AGRADO-WEB-01.png\",\"contentUrl\":\"https:\\\/\\\/agradocosmetic.com\\\/wp-content\\\/uploads\\\/2023\\\/07\\\/LOGO-AGRADO-WEB-01.png\",\"width\":1632,\"height\":300,\"caption\":\"Agrado\"},\"image\":{\"@id\":\"https:\\\/\\\/agradocosmetic.com\\\/#\\\/schema\\\/logo\\\/image\\\/\"}},{\"@type\":\"Person\",\"@id\":\"https:\\\/\\\/agradocosmetic.com\\\/#\\\/schema\\\/person\\\/59124921013b50f80959d84fc7219096\",\"name\":\"carmen\",\"image\":{\"@type\":\"ImageObject\",\"inLanguage\":\"pt-PT\",\"@id\":\"https:\\\/\\\/secure.gravatar.com\\\/avatar\\\/2036bf58c019bb0a3f94937a2ed7cab76ae6ebe239f705f7c62ea5c48f93531f?s=96&d=mm&r=g\",\"url\":\"https:\\\/\\\/secure.gravatar.com\\\/avatar\\\/2036bf58c019bb0a3f94937a2ed7cab76ae6ebe239f705f7c62ea5c48f93531f?s=96&d=mm&r=g\",\"contentUrl\":\"https:\\\/\\\/secure.gravatar.com\\\/avatar\\\/2036bf58c019bb0a3f94937a2ed7cab76ae6ebe239f705f7c62ea5c48f93531f?s=96&d=mm&r=g\",\"caption\":\"carmen\"}}]}<\/script>\n<!-- \/ Yoast SEO plugin. -->","yoast_head_json":{"title":"Vacaciones a salvo con el nuevo Travel Kit. - Agrado","description":"El nuevo Travel Kit ser\u00e1 el compa\u00f1ero perfecto para mantener tu piel protegida y cuidada durante las vacaciones. \u00a1Todo lo que necesitas!","robots":{"index":"index","follow":"follow","max-snippet":"max-snippet:-1","max-image-preview":"max-image-preview:large","max-video-preview":"max-video-preview:-1"},"canonical":"https:\/\/agradocosmetic.com\/pt\/vacaciones-a-salvo-con-el-nuevo-travel-kit\/","og_locale":"pt_PT","og_type":"article","og_title":"Vacaciones a salvo con el nuevo Travel Kit. - Agrado","og_description":"El nuevo Travel Kit ser\u00e1 el compa\u00f1ero perfecto para mantener tu piel protegida y cuidada durante las vacaciones. \u00a1Todo lo que necesitas!","og_url":"https:\/\/agradocosmetic.com\/pt\/vacaciones-a-salvo-con-el-nuevo-travel-kit\/","og_site_name":"Agrado","article_published_time":"2024-07-28T11:00:44+00:00","article_modified_time":"2024-09-11T11:38:01+00:00","og_image":[{"width":1140,"height":600,"url":"https:\/\/agradocosmetic.com\/wp-content\/uploads\/2024\/09\/JUL-2.jpg","type":"image\/jpeg"}],"author":"carmen","twitter_card":"summary_large_image","twitter_misc":{"Escrito por":"carmen","Tempo estimado de leitura":"2 minutos"},"schema":{"@context":"https:\/\/schema.org","@graph":[{"@type":"Article","@id":"https:\/\/agradocosmetic.com\/vacaciones-a-salvo-con-el-nuevo-travel-kit\/#article","isPartOf":{"@id":"https:\/\/agradocosmetic.com\/vacaciones-a-salvo-con-el-nuevo-travel-kit\/"},"author":{"name":"carmen","@id":"https:\/\/agradocosmetic.com\/#\/schema\/person\/59124921013b50f80959d84fc7219096"},"headline":"Vacaciones a salvo con el nuevo Travel Kit.","datePublished":"2024-07-28T11:00:44+00:00","dateModified":"2024-09-11T11:38:01+00:00","mainEntityOfPage":{"@id":"https:\/\/agradocosmetic.com\/vacaciones-a-salvo-con-el-nuevo-travel-kit\/"},"wordCount":316,"commentCount":0,"publisher":{"@id":"https:\/\/agradocosmetic.com\/#organization"},"image":{"@id":"https:\/\/agradocosmetic.com\/vacaciones-a-salvo-con-el-nuevo-travel-kit\/#primaryimage"},"thumbnailUrl":"https:\/\/agradocosmetic.com\/wp-content\/uploads\/2024\/09\/JUL-2.jpg","keywords":["vacaciones","travel kit","neceser de viaje","tama\u00f1o viaje","bruma facial","crema corporal","100ml","after sun","agrado sun care","agrado","proteccion solar"],"articleSection":["Solar"],"inLanguage":"pt-PT","potentialAction":[{"@type":"CommentAction","name":"Comment","target":["https:\/\/agradocosmetic.com\/vacaciones-a-salvo-con-el-nuevo-travel-kit\/#respond"]}]},{"@type":"WebPage","@id":"https:\/\/agradocosmetic.com\/vacaciones-a-salvo-con-el-nuevo-travel-kit\/","url":"https:\/\/agradocosmetic.com\/vacaciones-a-salvo-con-el-nuevo-travel-kit\/","name":"Vacaciones a salvo con el nuevo Travel Kit. - Agrado","isPartOf":{"@id":"https:\/\/agradocosmetic.com\/#website"},"primaryImageOfPage":{"@id":"https:\/\/agradocosmetic.com\/vacaciones-a-salvo-con-el-nuevo-travel-kit\/#primaryimage"},"image":{"@id":"https:\/\/agradocosmetic.com\/vacaciones-a-salvo-con-el-nuevo-travel-kit\/#primaryimage"},"thumbnailUrl":"https:\/\/agradocosmetic.com\/wp-content\/uploads\/2024\/09\/JUL-2.jpg","datePublished":"2024-07-28T11:00:44+00:00","dateModified":"2024-09-11T11:38:01+00:00","description":"El nuevo Travel Kit ser\u00e1 el compa\u00f1ero perfecto para mantener tu piel protegida y cuidada durante las vacaciones. \u00a1Todo lo que necesitas!","breadcrumb":{"@id":"https:\/\/agradocosmetic.com\/vacaciones-a-salvo-con-el-nuevo-travel-kit\/#breadcrumb"},"inLanguage":"pt-PT","potentialAction":[{"@type":"ReadAction","target":["https:\/\/agradocosmetic.com\/vacaciones-a-salvo-con-el-nuevo-travel-kit\/"]}]},{"@type":"ImageObject","inLanguage":"pt-PT","@id":"https:\/\/agradocosmetic.com\/vacaciones-a-salvo-con-el-nuevo-travel-kit\/#primaryimage","url":"https:\/\/agradocosmetic.com\/wp-content\/uploads\/2024\/09\/JUL-2.jpg","contentUrl":"https:\/\/agradocosmetic.com\/wp-content\/uploads\/2024\/09\/JUL-2.jpg","width":1140,"height":600,"caption":"travel kit"},{"@type":"BreadcrumbList","@id":"https:\/\/agradocosmetic.com\/vacaciones-a-salvo-con-el-nuevo-travel-kit\/#breadcrumb","itemListElement":[{"@type":"ListItem","position":1,"name":"Portada","item":"https:\/\/agradocosmetic.com\/"},{"@type":"ListItem","position":2,"name":"Vacaciones a salvo con el nuevo Travel Kit."}]},{"@type":"WebSite","@id":"https:\/\/agradocosmetic.com\/#website","url":"https:\/\/agradocosmetic.com\/","name":"Gosto","description":"Cosm\u00e9tico","publisher":{"@id":"https:\/\/agradocosmetic.com\/#organization"},"potentialAction":[{"@type":"SearchAction","target":{"@type":"EntryPoint","urlTemplate":"https:\/\/agradocosmetic.com\/?s={search_term_string}"},"query-input":{"@type":"PropertyValueSpecification","valueRequired":true,"valueName":"search_term_string"}}],"inLanguage":"pt-PT"},{"@type":"Organization","@id":"https:\/\/agradocosmetic.com\/#organization","name":"Gosto","url":"https:\/\/agradocosmetic.com\/","logo":{"@type":"ImageObject","inLanguage":"pt-PT","@id":"https:\/\/agradocosmetic.com\/#\/schema\/logo\/image\/","url":"https:\/\/agradocosmetic.com\/wp-content\/uploads\/2023\/07\/LOGO-AGRADO-WEB-01.png","contentUrl":"https:\/\/agradocosmetic.com\/wp-content\/uploads\/2023\/07\/LOGO-AGRADO-WEB-01.png","width":1632,"height":300,"caption":"Agrado"},"image":{"@id":"https:\/\/agradocosmetic.com\/#\/schema\/logo\/image\/"}},{"@type":"Person","@id":"https:\/\/agradocosmetic.com\/#\/schema\/person\/59124921013b50f80959d84fc7219096","name":"Carmem","image":{"@type":"ImageObject","inLanguage":"pt-PT","@id":"https:\/\/secure.gravatar.com\/avatar\/2036bf58c019bb0a3f94937a2ed7cab76ae6ebe239f705f7c62ea5c48f93531f?s=96&d=mm&r=g","url":"https:\/\/secure.gravatar.com\/avatar\/2036bf58c019bb0a3f94937a2ed7cab76ae6ebe239f705f7c62ea5c48f93531f?s=96&d=mm&r=g","contentUrl":"https:\/\/secure.gravatar.com\/avatar\/2036bf58c019bb0a3f94937a2ed7cab76ae6ebe239f705f7c62ea5c48f93531f?s=96&d=mm&r=g","caption":"carmen"}}]}},"_links":{"self":[{"href":"https:\/\/agradocosmetic.com\/pt\/wp-json\/wp\/v2\/posts\/28236","targetHints":{"allow":["GET"]}}],"collection":[{"href":"https:\/\/agradocosmetic.com\/pt\/wp-json\/wp\/v2\/posts"}],"about":[{"href":"https:\/\/agradocosmetic.com\/pt\/wp-json\/wp\/v2\/types\/post"}],"author":[{"embeddable":true,"href":"https:\/\/agradocosmetic.com\/pt\/wp-json\/wp\/v2\/users\/11"}],"replies":[{"embeddable":true,"href":"https:\/\/agradocosmetic.com\/pt\/wp-json\/wp\/v2\/comments?post=28236"}],"version-history":[{"count":1,"href":"https:\/\/agradocosmetic.com\/pt\/wp-json\/wp\/v2\/posts\/28236\/revisions"}],"predecessor-version":[{"id":28237,"href":"https:\/\/agradocosmetic.com\/pt\/wp-json\/wp\/v2\/posts\/28236\/revisions\/28237"}],"wp:featuredmedia":[{"embeddable":true,"href":"https:\/\/agradocosmetic.com\/pt\/wp-json\/wp\/v2\/media\/28221"}],"wp:attachment":[{"href":"https:\/\/agradocosmetic.com\/pt\/wp-json\/wp\/v2\/media?parent=28236"}],"wp:term":[{"taxonomy":"category","embeddable":true,"href":"https:\/\/agradocosmetic.com\/pt\/wp-json\/wp\/v2\/categories?post=28236"},{"taxonomy":"post_tag","embeddable":true,"href":"https:\/\/agradocosmetic.com\/pt\/wp-json\/wp\/v2\/tags?post=28236"}],"curies":[{"name":"wp","href":"https:\/\/api.w.org\/{rel}","templated":true}]}}