{"id":28240,"date":"2024-08-25T16:12:52","date_gmt":"2024-08-25T16:12:52","guid":{"rendered":"https:\/\/agradocosmetic.com\/?p=28240"},"modified":"2024-09-11T11:53:16","modified_gmt":"2024-09-11T11:53:16","slug":"novedades-after-sun-para-tu-rutina-post-exposicion-solar","status":"publish","type":"post","link":"https:\/\/agradocosmetic.com\/pt\/novedades-after-sun-para-tu-rutina-post-exposicion-solar\/","title":{"rendered":"Novidades After Sun para sua rotina p\u00f3s-exposi\u00e7\u00e3o solar."},"content":{"rendered":"<p><span style=\"font-weight: 400\">Depois de curtir um dia de sol, sua pele precisa de cuidados especiais para se manter hidratada e saud\u00e1vel. Por isso, incluir um bom p\u00f3s-sol na sua rotina p\u00f3s-exposi\u00e7\u00e3o solar \u00e9 essencial. Na Agrado Cosmetic sabemos bem disso e por isso lan\u00e7\u00e1mos os nossos novos produtos p\u00f3s-sol que n\u00e3o s\u00f3 acalmam e regeneram a sua pele, mas tamb\u00e9m a fazem sentir-se fresca e radiante.<\/span><\/p>\n<p><span style=\"font-weight: 400\">Um dos nossos produtos estrela \u00e9 o <a href=\"https:\/\/agradocosmetic.com\/pt\/producto\/after-sun-hidragel-aloe-vera\/\" target=\"_blank\" rel=\"noopener\">P\u00f3s-Solar Hydragel Aloe Vera<\/a>, uma f\u00f3rmula leve e refrescante de r\u00e1pida absor\u00e7\u00e3o. Perfeita para aqueles dias intensos de sol, sua textura em gel alivia imediatamente a vermelhid\u00e3o e a sensa\u00e7\u00e3o de calor, proporcionando hidrata\u00e7\u00e3o profunda sem deixar res\u00edduos pegajosos. \u00c9 ideal para peles que procuram uma sensa\u00e7\u00e3o de frescura instant\u00e2nea. E, se preferir, o novo Gel Corporal Aloe Vera cont\u00e9m as mesmas propriedades no formato de 400ml. N\u00e3o perca!<\/span><\/p>\n<p><span style=\"font-weight: 400\">Se preferir uma textura mais cremosa, o <a href=\"https:\/\/agradocosmetic.com\/pt\/producto\/locion-hidrocalmante-after-sun\/\" target=\"_blank\" rel=\"noopener\">Lo\u00e7\u00e3o calmante p\u00f3s-sol<\/a> \u00c9 para voc\u00ea. Enriquecido com ingredientes calmantes, este produto ajuda a restaurar a hidrata\u00e7\u00e3o perdida ap\u00f3s a exposi\u00e7\u00e3o solar, deixando a pele macia e nutrida. Al\u00e9m disso, sua f\u00f3rmula leve mas cremosa \u00e9 ideal para peles que necessitam de hidrata\u00e7\u00e3o e cuidados extras ap\u00f3s um longo dia ao ar livre.<\/span><\/p>\n<p><span style=\"font-weight: 400\">Voc\u00ea prefere um efeito seco? Nosso <a href=\"https:\/\/agradocosmetic.com\/pt\/producto\/after-sun-locion-hidrocalmante-aerosol\/\" target=\"_blank\" rel=\"noopener\">N\u00e9voa p\u00f3s-sol hidrocalmante<\/a>. Um spray de r\u00e1pida absor\u00e7\u00e3o e f\u00e1cil de aplicar. Sua f\u00f3rmula proporciona al\u00edvio imediato, frescor e hidrata\u00e7\u00e3o \u00e0 pele ap\u00f3s a exposi\u00e7\u00e3o solar.<\/span><\/p>\n<p><span style=\"font-weight: 400\">Lembre-se que cuidar da pele ap\u00f3s a exposi\u00e7\u00e3o solar \u00e9 t\u00e3o importante quanto proteg\u00ea-la antes da exposi\u00e7\u00e3o. Neste ver\u00e3o do #LoveCarePlanet, confie em nossos produtos <a href=\"https:\/\/agradocosmetic.com\/pt\/categoria-de-producto\/after-sun\/\" target=\"_blank\" rel=\"noopener\">Aftersun de Agrado Sun Care<\/a> para manter a pele hidratada, calma e brilhante. Inclua-os na sua rotina di\u00e1ria e desfrute de um ver\u00e3o despreocupado!<\/span><\/p>","protected":false},"excerpt":{"rendered":"<p>Despu\u00e9s de disfrutar de un d\u00eda bajo el sol, tu piel necesita cuidados especiales para mantenerse hidratada y saludable. Por eso, incluir un buen after sun en tu rutina post-exposici\u00f3n solar es fundamental. En Agrado Cosmetic lo sabemos bien, y por eso hemos lanzado nuestras novedades en productos after sun que no solo calman y [&hellip;]<\/p>\n","protected":false},"author":11,"featured_media":28219,"comment_status":"open","ping_status":"closed","sticky":false,"template":"","format":"standard","meta":{"footnotes":"","_wp_rev_ctl_limit":""},"categories":[1],"tags":[],"class_list":["post-28240","post","type-post","status-publish","format-standard","has-post-thumbnail","hentry","category-todos"],"yoast_head":"<!-- This site is optimized with the Yoast SEO plugin v27.4 - https:\/\/yoast.com\/product\/yoast-seo-wordpress\/ -->\n<title>Novedades After Sun para tu rutina post-exposici\u00f3n solar. - Agrado<\/title>\n<meta name=\"description\" content=\"Incluir un buen after sun en tu rutina post-exposici\u00f3n solar es fundamental, y tenemos novedades para que encuentres tu textura favorita.\" \/>\n<meta name=\"robots\" content=\"index, follow, max-snippet:-1, max-image-preview:large, max-video-preview:-1\" \/>\n<link rel=\"canonical\" href=\"https:\/\/agradocosmetic.com\/pt\/novedades-after-sun-para-tu-rutina-post-exposicion-solar\/\" \/>\n<meta property=\"og:locale\" content=\"pt_PT\" \/>\n<meta property=\"og:type\" content=\"article\" \/>\n<meta property=\"og:title\" content=\"Novedades After Sun para tu rutina post-exposici\u00f3n solar. - Agrado\" \/>\n<meta property=\"og:description\" content=\"Incluir un buen after sun en tu rutina post-exposici\u00f3n solar es fundamental, y tenemos novedades para que encuentres tu textura favorita.\" \/>\n<meta property=\"og:url\" content=\"https:\/\/agradocosmetic.com\/pt\/novedades-after-sun-para-tu-rutina-post-exposicion-solar\/\" \/>\n<meta property=\"og:site_name\" content=\"Agrado\" \/>\n<meta property=\"article:published_time\" content=\"2024-08-25T16:12:52+00:00\" \/>\n<meta property=\"article:modified_time\" content=\"2024-09-11T11:53:16+00:00\" \/>\n<meta property=\"og:image\" content=\"https:\/\/agradocosmetic.com\/wp-content\/uploads\/2024\/09\/AGO-2.jpg\" \/>\n\t<meta property=\"og:image:width\" content=\"1140\" \/>\n\t<meta property=\"og:image:height\" content=\"600\" \/>\n\t<meta property=\"og:image:type\" content=\"image\/jpeg\" \/>\n<meta name=\"author\" content=\"carmen\" \/>\n<meta name=\"twitter:card\" content=\"summary_large_image\" \/>\n<meta name=\"twitter:label1\" content=\"Escrito por\" \/>\n\t<meta name=\"twitter:data1\" content=\"carmen\" \/>\n\t<meta name=\"twitter:label2\" content=\"Tempo estimado de leitura\" \/>\n\t<meta name=\"twitter:data2\" content=\"2 minutos\" \/>\n<script type=\"application\/ld+json\" class=\"yoast-schema-graph\">{\"@context\":\"https:\\\/\\\/schema.org\",\"@graph\":[{\"@type\":\"Article\",\"@id\":\"https:\\\/\\\/agradocosmetic.com\\\/novedades-after-sun-para-tu-rutina-post-exposicion-solar\\\/#article\",\"isPartOf\":{\"@id\":\"https:\\\/\\\/agradocosmetic.com\\\/novedades-after-sun-para-tu-rutina-post-exposicion-solar\\\/\"},\"author\":{\"name\":\"carmen\",\"@id\":\"https:\\\/\\\/agradocosmetic.com\\\/#\\\/schema\\\/person\\\/59124921013b50f80959d84fc7219096\"},\"headline\":\"Novedades After Sun para tu rutina post-exposici\u00f3n solar.\",\"datePublished\":\"2024-08-25T16:12:52+00:00\",\"dateModified\":\"2024-09-11T11:53:16+00:00\",\"mainEntityOfPage\":{\"@id\":\"https:\\\/\\\/agradocosmetic.com\\\/novedades-after-sun-para-tu-rutina-post-exposicion-solar\\\/\"},\"wordCount\":332,\"commentCount\":0,\"publisher\":{\"@id\":\"https:\\\/\\\/agradocosmetic.com\\\/#organization\"},\"image\":{\"@id\":\"https:\\\/\\\/agradocosmetic.com\\\/novedades-after-sun-para-tu-rutina-post-exposicion-solar\\\/#primaryimage\"},\"thumbnailUrl\":\"https:\\\/\\\/agradocosmetic.com\\\/wp-content\\\/uploads\\\/2024\\\/09\\\/AGO-2.jpg\",\"articleSection\":[\"Todos\"],\"inLanguage\":\"pt-PT\",\"potentialAction\":[{\"@type\":\"CommentAction\",\"name\":\"Comment\",\"target\":[\"https:\\\/\\\/agradocosmetic.com\\\/novedades-after-sun-para-tu-rutina-post-exposicion-solar\\\/#respond\"]}]},{\"@type\":\"WebPage\",\"@id\":\"https:\\\/\\\/agradocosmetic.com\\\/novedades-after-sun-para-tu-rutina-post-exposicion-solar\\\/\",\"url\":\"https:\\\/\\\/agradocosmetic.com\\\/novedades-after-sun-para-tu-rutina-post-exposicion-solar\\\/\",\"name\":\"Novedades After Sun para tu rutina post-exposici\u00f3n solar. - Agrado\",\"isPartOf\":{\"@id\":\"https:\\\/\\\/agradocosmetic.com\\\/#website\"},\"primaryImageOfPage\":{\"@id\":\"https:\\\/\\\/agradocosmetic.com\\\/novedades-after-sun-para-tu-rutina-post-exposicion-solar\\\/#primaryimage\"},\"image\":{\"@id\":\"https:\\\/\\\/agradocosmetic.com\\\/novedades-after-sun-para-tu-rutina-post-exposicion-solar\\\/#primaryimage\"},\"thumbnailUrl\":\"https:\\\/\\\/agradocosmetic.com\\\/wp-content\\\/uploads\\\/2024\\\/09\\\/AGO-2.jpg\",\"datePublished\":\"2024-08-25T16:12:52+00:00\",\"dateModified\":\"2024-09-11T11:53:16+00:00\",\"description\":\"Incluir un buen after sun en tu rutina post-exposici\u00f3n solar es fundamental, y tenemos novedades para que encuentres tu textura favorita.\",\"breadcrumb\":{\"@id\":\"https:\\\/\\\/agradocosmetic.com\\\/novedades-after-sun-para-tu-rutina-post-exposicion-solar\\\/#breadcrumb\"},\"inLanguage\":\"pt-PT\",\"potentialAction\":[{\"@type\":\"ReadAction\",\"target\":[\"https:\\\/\\\/agradocosmetic.com\\\/novedades-after-sun-para-tu-rutina-post-exposicion-solar\\\/\"]}]},{\"@type\":\"ImageObject\",\"inLanguage\":\"pt-PT\",\"@id\":\"https:\\\/\\\/agradocosmetic.com\\\/novedades-after-sun-para-tu-rutina-post-exposicion-solar\\\/#primaryimage\",\"url\":\"https:\\\/\\\/agradocosmetic.com\\\/wp-content\\\/uploads\\\/2024\\\/09\\\/AGO-2.jpg\",\"contentUrl\":\"https:\\\/\\\/agradocosmetic.com\\\/wp-content\\\/uploads\\\/2024\\\/09\\\/AGO-2.jpg\",\"width\":1140,\"height\":600,\"caption\":\"after sun\"},{\"@type\":\"BreadcrumbList\",\"@id\":\"https:\\\/\\\/agradocosmetic.com\\\/novedades-after-sun-para-tu-rutina-post-exposicion-solar\\\/#breadcrumb\",\"itemListElement\":[{\"@type\":\"ListItem\",\"position\":1,\"name\":\"Portada\",\"item\":\"https:\\\/\\\/agradocosmetic.com\\\/\"},{\"@type\":\"ListItem\",\"position\":2,\"name\":\"Novedades After Sun para tu rutina post-exposici\u00f3n solar.\"}]},{\"@type\":\"WebSite\",\"@id\":\"https:\\\/\\\/agradocosmetic.com\\\/#website\",\"url\":\"https:\\\/\\\/agradocosmetic.com\\\/\",\"name\":\"Agrado\",\"description\":\"Cosmetic\",\"publisher\":{\"@id\":\"https:\\\/\\\/agradocosmetic.com\\\/#organization\"},\"potentialAction\":[{\"@type\":\"SearchAction\",\"target\":{\"@type\":\"EntryPoint\",\"urlTemplate\":\"https:\\\/\\\/agradocosmetic.com\\\/?s={search_term_string}\"},\"query-input\":{\"@type\":\"PropertyValueSpecification\",\"valueRequired\":true,\"valueName\":\"search_term_string\"}}],\"inLanguage\":\"pt-PT\"},{\"@type\":\"Organization\",\"@id\":\"https:\\\/\\\/agradocosmetic.com\\\/#organization\",\"name\":\"Agrado\",\"url\":\"https:\\\/\\\/agradocosmetic.com\\\/\",\"logo\":{\"@type\":\"ImageObject\",\"inLanguage\":\"pt-PT\",\"@id\":\"https:\\\/\\\/agradocosmetic.com\\\/#\\\/schema\\\/logo\\\/image\\\/\",\"url\":\"https:\\\/\\\/agradocosmetic.com\\\/wp-content\\\/uploads\\\/2023\\\/07\\\/LOGO-AGRADO-WEB-01.png\",\"contentUrl\":\"https:\\\/\\\/agradocosmetic.com\\\/wp-content\\\/uploads\\\/2023\\\/07\\\/LOGO-AGRADO-WEB-01.png\",\"width\":1632,\"height\":300,\"caption\":\"Agrado\"},\"image\":{\"@id\":\"https:\\\/\\\/agradocosmetic.com\\\/#\\\/schema\\\/logo\\\/image\\\/\"}},{\"@type\":\"Person\",\"@id\":\"https:\\\/\\\/agradocosmetic.com\\\/#\\\/schema\\\/person\\\/59124921013b50f80959d84fc7219096\",\"name\":\"carmen\",\"image\":{\"@type\":\"ImageObject\",\"inLanguage\":\"pt-PT\",\"@id\":\"https:\\\/\\\/secure.gravatar.com\\\/avatar\\\/2036bf58c019bb0a3f94937a2ed7cab76ae6ebe239f705f7c62ea5c48f93531f?s=96&d=mm&r=g\",\"url\":\"https:\\\/\\\/secure.gravatar.com\\\/avatar\\\/2036bf58c019bb0a3f94937a2ed7cab76ae6ebe239f705f7c62ea5c48f93531f?s=96&d=mm&r=g\",\"contentUrl\":\"https:\\\/\\\/secure.gravatar.com\\\/avatar\\\/2036bf58c019bb0a3f94937a2ed7cab76ae6ebe239f705f7c62ea5c48f93531f?s=96&d=mm&r=g\",\"caption\":\"carmen\"}}]}<\/script>\n<!-- \/ Yoast SEO plugin. -->","yoast_head_json":{"title":"Novedades After Sun para tu rutina post-exposici\u00f3n solar. - Agrado","description":"Incluir un buen after sun en tu rutina post-exposici\u00f3n solar es fundamental, y tenemos novedades para que encuentres tu textura favorita.","robots":{"index":"index","follow":"follow","max-snippet":"max-snippet:-1","max-image-preview":"max-image-preview:large","max-video-preview":"max-video-preview:-1"},"canonical":"https:\/\/agradocosmetic.com\/pt\/novedades-after-sun-para-tu-rutina-post-exposicion-solar\/","og_locale":"pt_PT","og_type":"article","og_title":"Novedades After Sun para tu rutina post-exposici\u00f3n solar. - Agrado","og_description":"Incluir un buen after sun en tu rutina post-exposici\u00f3n solar es fundamental, y tenemos novedades para que encuentres tu textura favorita.","og_url":"https:\/\/agradocosmetic.com\/pt\/novedades-after-sun-para-tu-rutina-post-exposicion-solar\/","og_site_name":"Agrado","article_published_time":"2024-08-25T16:12:52+00:00","article_modified_time":"2024-09-11T11:53:16+00:00","og_image":[{"width":1140,"height":600,"url":"https:\/\/agradocosmetic.com\/wp-content\/uploads\/2024\/09\/AGO-2.jpg","type":"image\/jpeg"}],"author":"carmen","twitter_card":"summary_large_image","twitter_misc":{"Escrito por":"carmen","Tempo estimado de leitura":"2 minutos"},"schema":{"@context":"https:\/\/schema.org","@graph":[{"@type":"Article","@id":"https:\/\/agradocosmetic.com\/novedades-after-sun-para-tu-rutina-post-exposicion-solar\/#article","isPartOf":{"@id":"https:\/\/agradocosmetic.com\/novedades-after-sun-para-tu-rutina-post-exposicion-solar\/"},"author":{"name":"carmen","@id":"https:\/\/agradocosmetic.com\/#\/schema\/person\/59124921013b50f80959d84fc7219096"},"headline":"Novedades After Sun para tu rutina post-exposici\u00f3n solar.","datePublished":"2024-08-25T16:12:52+00:00","dateModified":"2024-09-11T11:53:16+00:00","mainEntityOfPage":{"@id":"https:\/\/agradocosmetic.com\/novedades-after-sun-para-tu-rutina-post-exposicion-solar\/"},"wordCount":332,"commentCount":0,"publisher":{"@id":"https:\/\/agradocosmetic.com\/#organization"},"image":{"@id":"https:\/\/agradocosmetic.com\/novedades-after-sun-para-tu-rutina-post-exposicion-solar\/#primaryimage"},"thumbnailUrl":"https:\/\/agradocosmetic.com\/wp-content\/uploads\/2024\/09\/AGO-2.jpg","articleSection":["Todos"],"inLanguage":"pt-PT","potentialAction":[{"@type":"CommentAction","name":"Comment","target":["https:\/\/agradocosmetic.com\/novedades-after-sun-para-tu-rutina-post-exposicion-solar\/#respond"]}]},{"@type":"WebPage","@id":"https:\/\/agradocosmetic.com\/novedades-after-sun-para-tu-rutina-post-exposicion-solar\/","url":"https:\/\/agradocosmetic.com\/novedades-after-sun-para-tu-rutina-post-exposicion-solar\/","name":"Novedades After Sun para tu rutina post-exposici\u00f3n solar. - Agrado","isPartOf":{"@id":"https:\/\/agradocosmetic.com\/#website"},"primaryImageOfPage":{"@id":"https:\/\/agradocosmetic.com\/novedades-after-sun-para-tu-rutina-post-exposicion-solar\/#primaryimage"},"image":{"@id":"https:\/\/agradocosmetic.com\/novedades-after-sun-para-tu-rutina-post-exposicion-solar\/#primaryimage"},"thumbnailUrl":"https:\/\/agradocosmetic.com\/wp-content\/uploads\/2024\/09\/AGO-2.jpg","datePublished":"2024-08-25T16:12:52+00:00","dateModified":"2024-09-11T11:53:16+00:00","description":"Incluir un buen after sun en tu rutina post-exposici\u00f3n solar es fundamental, y tenemos novedades para que encuentres tu textura favorita.","breadcrumb":{"@id":"https:\/\/agradocosmetic.com\/novedades-after-sun-para-tu-rutina-post-exposicion-solar\/#breadcrumb"},"inLanguage":"pt-PT","potentialAction":[{"@type":"ReadAction","target":["https:\/\/agradocosmetic.com\/novedades-after-sun-para-tu-rutina-post-exposicion-solar\/"]}]},{"@type":"ImageObject","inLanguage":"pt-PT","@id":"https:\/\/agradocosmetic.com\/novedades-after-sun-para-tu-rutina-post-exposicion-solar\/#primaryimage","url":"https:\/\/agradocosmetic.com\/wp-content\/uploads\/2024\/09\/AGO-2.jpg","contentUrl":"https:\/\/agradocosmetic.com\/wp-content\/uploads\/2024\/09\/AGO-2.jpg","width":1140,"height":600,"caption":"after sun"},{"@type":"BreadcrumbList","@id":"https:\/\/agradocosmetic.com\/novedades-after-sun-para-tu-rutina-post-exposicion-solar\/#breadcrumb","itemListElement":[{"@type":"ListItem","position":1,"name":"Portada","item":"https:\/\/agradocosmetic.com\/"},{"@type":"ListItem","position":2,"name":"Novedades After Sun para tu rutina post-exposici\u00f3n solar."}]},{"@type":"WebSite","@id":"https:\/\/agradocosmetic.com\/#website","url":"https:\/\/agradocosmetic.com\/","name":"Gosto","description":"Cosm\u00e9tico","publisher":{"@id":"https:\/\/agradocosmetic.com\/#organization"},"potentialAction":[{"@type":"SearchAction","target":{"@type":"EntryPoint","urlTemplate":"https:\/\/agradocosmetic.com\/?s={search_term_string}"},"query-input":{"@type":"PropertyValueSpecification","valueRequired":true,"valueName":"search_term_string"}}],"inLanguage":"pt-PT"},{"@type":"Organization","@id":"https:\/\/agradocosmetic.com\/#organization","name":"Gosto","url":"https:\/\/agradocosmetic.com\/","logo":{"@type":"ImageObject","inLanguage":"pt-PT","@id":"https:\/\/agradocosmetic.com\/#\/schema\/logo\/image\/","url":"https:\/\/agradocosmetic.com\/wp-content\/uploads\/2023\/07\/LOGO-AGRADO-WEB-01.png","contentUrl":"https:\/\/agradocosmetic.com\/wp-content\/uploads\/2023\/07\/LOGO-AGRADO-WEB-01.png","width":1632,"height":300,"caption":"Agrado"},"image":{"@id":"https:\/\/agradocosmetic.com\/#\/schema\/logo\/image\/"}},{"@type":"Person","@id":"https:\/\/agradocosmetic.com\/#\/schema\/person\/59124921013b50f80959d84fc7219096","name":"Carmem","image":{"@type":"ImageObject","inLanguage":"pt-PT","@id":"https:\/\/secure.gravatar.com\/avatar\/2036bf58c019bb0a3f94937a2ed7cab76ae6ebe239f705f7c62ea5c48f93531f?s=96&d=mm&r=g","url":"https:\/\/secure.gravatar.com\/avatar\/2036bf58c019bb0a3f94937a2ed7cab76ae6ebe239f705f7c62ea5c48f93531f?s=96&d=mm&r=g","contentUrl":"https:\/\/secure.gravatar.com\/avatar\/2036bf58c019bb0a3f94937a2ed7cab76ae6ebe239f705f7c62ea5c48f93531f?s=96&d=mm&r=g","caption":"carmen"}}]}},"_links":{"self":[{"href":"https:\/\/agradocosmetic.com\/pt\/wp-json\/wp\/v2\/posts\/28240","targetHints":{"allow":["GET"]}}],"collection":[{"href":"https:\/\/agradocosmetic.com\/pt\/wp-json\/wp\/v2\/posts"}],"about":[{"href":"https:\/\/agradocosmetic.com\/pt\/wp-json\/wp\/v2\/types\/post"}],"author":[{"embeddable":true,"href":"https:\/\/agradocosmetic.com\/pt\/wp-json\/wp\/v2\/users\/11"}],"replies":[{"embeddable":true,"href":"https:\/\/agradocosmetic.com\/pt\/wp-json\/wp\/v2\/comments?post=28240"}],"version-history":[{"count":1,"href":"https:\/\/agradocosmetic.com\/pt\/wp-json\/wp\/v2\/posts\/28240\/revisions"}],"predecessor-version":[{"id":28241,"href":"https:\/\/agradocosmetic.com\/pt\/wp-json\/wp\/v2\/posts\/28240\/revisions\/28241"}],"wp:featuredmedia":[{"embeddable":true,"href":"https:\/\/agradocosmetic.com\/pt\/wp-json\/wp\/v2\/media\/28219"}],"wp:attachment":[{"href":"https:\/\/agradocosmetic.com\/pt\/wp-json\/wp\/v2\/media?parent=28240"}],"wp:term":[{"taxonomy":"category","embeddable":true,"href":"https:\/\/agradocosmetic.com\/pt\/wp-json\/wp\/v2\/categories?post=28240"},{"taxonomy":"post_tag","embeddable":true,"href":"https:\/\/agradocosmetic.com\/pt\/wp-json\/wp\/v2\/tags?post=28240"}],"curies":[{"name":"wp","href":"https:\/\/api.w.org\/{rel}","templated":true}]}}