{"id":29418,"date":"2024-09-29T10:13:22","date_gmt":"2024-09-29T09:13:22","guid":{"rendered":"https:\/\/agradocosmetic.com\/?p=29418"},"modified":"2025-01-17T13:27:47","modified_gmt":"2025-01-17T12:27:47","slug":"por-esto-debes-usar-la-bruma-facial-solar-todo-el-ano","status":"publish","type":"post","link":"https:\/\/agradocosmetic.com\/pt\/por-esto-debes-usar-la-bruma-facial-solar-todo-el-ano\/","title":{"rendered":"\u00c9 por isso que voc\u00ea deve usar Solar Facial Mist o ano todo"},"content":{"rendered":"<p><span style=\"font-weight: 400\">Quando pensamos em nos proteger do sol, muitas vezes limitamos o uso de produtos com FPS aos meses de ver\u00e3o. No entanto, a realidade \u00e9 que o rosto fica exposto aos raios UV o ano todo, mesmo nos dias mais nublados. Portanto, incorporar os <a href=\"https:\/\/agradocosmetic.com\/pt\/producto\/bruma-facial-solar-spf50\/\" target=\"_blank\" rel=\"noopener\"><strong>Bruma Facial Solar Agrado<\/strong><\/a> na sua rotina di\u00e1ria \u00e9 essencial manter sua pele saud\u00e1vel e protegida.<\/span><\/p>\n<p><span style=\"font-weight: 400\">A exposi\u00e7\u00e3o solar desprotegida pode causar envelhecimento precoce, manchas escuras, ressecamento e problemas ainda mais s\u00e9rios, como c\u00e2ncer de pele. \u00c9 a\u00ed que o Sun Facial Mist da Agrado se torna seu melhor aliado. Este pr\u00e1tico formato em spray permite uma aplica\u00e7\u00e3o r\u00e1pida e uniforme, perfeita para quem tem um estilo de vida agitado.<\/span><\/p>\n<p><span style=\"font-weight: 400\">Uma das maiores vantagens deste spray \u00e9 sua textura ultraleve, que n\u00e3o deixa sensa\u00e7\u00e3o oleosa nem res\u00edduos brancos, algo que muitas de n\u00f3s procuramos em um protetor solar. Al\u00e9m disso, \u00e9 perfeito para maquiagem, pois voc\u00ea pode aplic\u00e1-lo sobre a base sem estragar o visual. Perfeito para aqueles retoques do meio do dia!<\/span><\/p>\n<p><span style=\"font-weight: 400\">E n\u00e3o podemos esquecer seu alto fator de prote\u00e7\u00e3o: FPS 50+. Isso significa que sua pele estar\u00e1 protegida dos raios UVA e UVB nocivos, independentemente da esta\u00e7\u00e3o ou das condi\u00e7\u00f5es clim\u00e1ticas.<\/span><\/p>\n<p><span style=\"font-weight: 400\">Com o Sun Facial Mist, cuidar do seu rosto nunca foi t\u00e3o f\u00e1cil e pr\u00e1tico. Portanto, n\u00e3o h\u00e1 mais desculpas para n\u00e3o proteger a sua pele todos os dias. Tornar o FPS um h\u00e1bito di\u00e1rio far\u00e1 a diferen\u00e7a na sua sa\u00fade e na apar\u00eancia da sua pele a longo prazo.<\/span><\/p>\n<p><span style=\"font-weight: 400\">Adicione-o \u00e0 sua rotina de cuidados com a pele e fa\u00e7a-o <\/span><strong><a href=\"https:\/\/agradocosmetic.com\/pt\/producto\/bruma-facial-solar-spf50\/\" target=\"_blank\" rel=\"noopener\">N\u00e9voa Facial Solar<\/a><\/strong><span style=\"font-weight: 400\"> Agrado \u00e9 essencial para o ano todo. Sua pele vai agradecer. <\/span><\/p>","protected":false},"excerpt":{"rendered":"<p>Cuando pensamos en protegernos del sol, muchas veces limitamos el uso de productos con SPF a los meses de verano. Sin embargo, la realidad es que el rostro est\u00e1 expuesto a los rayos UV durante todo el a\u00f1o, incluso en los d\u00edas m\u00e1s nublados. Por eso, incorporar la Bruma Facial Solar de Agrado en tu [&hellip;]<\/p>\n","protected":false},"author":11,"featured_media":29416,"comment_status":"open","ping_status":"closed","sticky":false,"template":"","format":"standard","meta":{"footnotes":"","_wp_rev_ctl_limit":""},"categories":[519,531],"tags":[797,798,799,800,766,751,126,274,317],"class_list":["post-29418","post","type-post","status-publish","format-standard","has-post-thumbnail","hentry","category-facial-en-todos","category-solar-en","tag-agrado-suncare","tag-bruma-protectora","tag-proteccion-solar-facial","tag-bruma-solar-facial","tag-bruma-facial","tag-spf50","tag-agrado","tag-agrado-cosmetic","tag-proteccion-solar"],"yoast_head":"<!-- This site is optimized with the Yoast SEO plugin v27.4 - https:\/\/yoast.com\/product\/yoast-seo-wordpress\/ -->\n<title>Por esto debes usar la Bruma Facial Solar todo el a\u00f1o - Agrado<\/title>\n<meta name=\"description\" content=\"Por esto incorporar la Bruma Facial Solar de Agrado en tu rutina diaria es esencial para mantener tu piel sana y protegida.\" \/>\n<meta name=\"robots\" content=\"index, follow, max-snippet:-1, max-image-preview:large, max-video-preview:-1\" \/>\n<link rel=\"canonical\" href=\"https:\/\/agradocosmetic.com\/pt\/por-esto-debes-usar-la-bruma-facial-solar-todo-el-ano\/\" \/>\n<meta property=\"og:locale\" content=\"pt_PT\" \/>\n<meta property=\"og:type\" content=\"article\" \/>\n<meta property=\"og:title\" content=\"Por esto debes usar la Bruma Facial Solar todo el a\u00f1o - Agrado\" \/>\n<meta property=\"og:description\" content=\"Por esto incorporar la Bruma Facial Solar de Agrado en tu rutina diaria es esencial para mantener tu piel sana y protegida.\" \/>\n<meta property=\"og:url\" content=\"https:\/\/agradocosmetic.com\/pt\/por-esto-debes-usar-la-bruma-facial-solar-todo-el-ano\/\" \/>\n<meta property=\"og:site_name\" content=\"Agrado\" \/>\n<meta property=\"article:published_time\" content=\"2024-09-29T09:13:22+00:00\" \/>\n<meta property=\"article:modified_time\" content=\"2025-01-17T12:27:47+00:00\" \/>\n<meta property=\"og:image\" content=\"https:\/\/agradocosmetic.com\/wp-content\/uploads\/2025\/01\/SEPTIEMBRE-2.jpg\" \/>\n\t<meta property=\"og:image:width\" content=\"1140\" \/>\n\t<meta property=\"og:image:height\" content=\"600\" \/>\n\t<meta property=\"og:image:type\" content=\"image\/jpeg\" \/>\n<meta name=\"author\" content=\"carmen\" \/>\n<meta name=\"twitter:card\" content=\"summary_large_image\" \/>\n<meta name=\"twitter:label1\" content=\"Escrito por\" \/>\n\t<meta name=\"twitter:data1\" content=\"carmen\" \/>\n\t<meta name=\"twitter:label2\" content=\"Tempo estimado de leitura\" \/>\n\t<meta name=\"twitter:data2\" content=\"2 minutos\" \/>\n<script type=\"application\/ld+json\" class=\"yoast-schema-graph\">{\"@context\":\"https:\\\/\\\/schema.org\",\"@graph\":[{\"@type\":\"Article\",\"@id\":\"https:\\\/\\\/agradocosmetic.com\\\/por-esto-debes-usar-la-bruma-facial-solar-todo-el-ano\\\/#article\",\"isPartOf\":{\"@id\":\"https:\\\/\\\/agradocosmetic.com\\\/por-esto-debes-usar-la-bruma-facial-solar-todo-el-ano\\\/\"},\"author\":{\"name\":\"carmen\",\"@id\":\"https:\\\/\\\/agradocosmetic.com\\\/#\\\/schema\\\/person\\\/59124921013b50f80959d84fc7219096\"},\"headline\":\"Por esto debes usar la Bruma Facial Solar todo el a\u00f1o\",\"datePublished\":\"2024-09-29T09:13:22+00:00\",\"dateModified\":\"2025-01-17T12:27:47+00:00\",\"mainEntityOfPage\":{\"@id\":\"https:\\\/\\\/agradocosmetic.com\\\/por-esto-debes-usar-la-bruma-facial-solar-todo-el-ano\\\/\"},\"wordCount\":324,\"commentCount\":0,\"publisher\":{\"@id\":\"https:\\\/\\\/agradocosmetic.com\\\/#organization\"},\"image\":{\"@id\":\"https:\\\/\\\/agradocosmetic.com\\\/por-esto-debes-usar-la-bruma-facial-solar-todo-el-ano\\\/#primaryimage\"},\"thumbnailUrl\":\"https:\\\/\\\/agradocosmetic.com\\\/wp-content\\\/uploads\\\/2025\\\/01\\\/SEPTIEMBRE-2.jpg\",\"keywords\":[\"agrado suncare\",\"bruma protectora\",\"proteccion solar facial\",\"bruma solar facial\",\"bruma facial\",\"spf50+\",\"agrado\",\"agrado cosmetic\",\"proteccion solar\"],\"articleSection\":[\"Facial\",\"Solar\"],\"inLanguage\":\"pt-PT\",\"potentialAction\":[{\"@type\":\"CommentAction\",\"name\":\"Comment\",\"target\":[\"https:\\\/\\\/agradocosmetic.com\\\/por-esto-debes-usar-la-bruma-facial-solar-todo-el-ano\\\/#respond\"]}]},{\"@type\":\"WebPage\",\"@id\":\"https:\\\/\\\/agradocosmetic.com\\\/por-esto-debes-usar-la-bruma-facial-solar-todo-el-ano\\\/\",\"url\":\"https:\\\/\\\/agradocosmetic.com\\\/por-esto-debes-usar-la-bruma-facial-solar-todo-el-ano\\\/\",\"name\":\"Por esto debes usar la Bruma Facial Solar todo el a\u00f1o - Agrado\",\"isPartOf\":{\"@id\":\"https:\\\/\\\/agradocosmetic.com\\\/#website\"},\"primaryImageOfPage\":{\"@id\":\"https:\\\/\\\/agradocosmetic.com\\\/por-esto-debes-usar-la-bruma-facial-solar-todo-el-ano\\\/#primaryimage\"},\"image\":{\"@id\":\"https:\\\/\\\/agradocosmetic.com\\\/por-esto-debes-usar-la-bruma-facial-solar-todo-el-ano\\\/#primaryimage\"},\"thumbnailUrl\":\"https:\\\/\\\/agradocosmetic.com\\\/wp-content\\\/uploads\\\/2025\\\/01\\\/SEPTIEMBRE-2.jpg\",\"datePublished\":\"2024-09-29T09:13:22+00:00\",\"dateModified\":\"2025-01-17T12:27:47+00:00\",\"description\":\"Por esto incorporar la Bruma Facial Solar de Agrado en tu rutina diaria es esencial para mantener tu piel sana y protegida.\",\"breadcrumb\":{\"@id\":\"https:\\\/\\\/agradocosmetic.com\\\/por-esto-debes-usar-la-bruma-facial-solar-todo-el-ano\\\/#breadcrumb\"},\"inLanguage\":\"pt-PT\",\"potentialAction\":[{\"@type\":\"ReadAction\",\"target\":[\"https:\\\/\\\/agradocosmetic.com\\\/por-esto-debes-usar-la-bruma-facial-solar-todo-el-ano\\\/\"]}]},{\"@type\":\"ImageObject\",\"inLanguage\":\"pt-PT\",\"@id\":\"https:\\\/\\\/agradocosmetic.com\\\/por-esto-debes-usar-la-bruma-facial-solar-todo-el-ano\\\/#primaryimage\",\"url\":\"https:\\\/\\\/agradocosmetic.com\\\/wp-content\\\/uploads\\\/2025\\\/01\\\/SEPTIEMBRE-2.jpg\",\"contentUrl\":\"https:\\\/\\\/agradocosmetic.com\\\/wp-content\\\/uploads\\\/2025\\\/01\\\/SEPTIEMBRE-2.jpg\",\"width\":1140,\"height\":600,\"caption\":\"bruma facial solar\"},{\"@type\":\"BreadcrumbList\",\"@id\":\"https:\\\/\\\/agradocosmetic.com\\\/por-esto-debes-usar-la-bruma-facial-solar-todo-el-ano\\\/#breadcrumb\",\"itemListElement\":[{\"@type\":\"ListItem\",\"position\":1,\"name\":\"Portada\",\"item\":\"https:\\\/\\\/agradocosmetic.com\\\/\"},{\"@type\":\"ListItem\",\"position\":2,\"name\":\"Por esto debes usar la Bruma Facial Solar todo el a\u00f1o\"}]},{\"@type\":\"WebSite\",\"@id\":\"https:\\\/\\\/agradocosmetic.com\\\/#website\",\"url\":\"https:\\\/\\\/agradocosmetic.com\\\/\",\"name\":\"Agrado\",\"description\":\"Cosmetic\",\"publisher\":{\"@id\":\"https:\\\/\\\/agradocosmetic.com\\\/#organization\"},\"potentialAction\":[{\"@type\":\"SearchAction\",\"target\":{\"@type\":\"EntryPoint\",\"urlTemplate\":\"https:\\\/\\\/agradocosmetic.com\\\/?s={search_term_string}\"},\"query-input\":{\"@type\":\"PropertyValueSpecification\",\"valueRequired\":true,\"valueName\":\"search_term_string\"}}],\"inLanguage\":\"pt-PT\"},{\"@type\":\"Organization\",\"@id\":\"https:\\\/\\\/agradocosmetic.com\\\/#organization\",\"name\":\"Agrado\",\"url\":\"https:\\\/\\\/agradocosmetic.com\\\/\",\"logo\":{\"@type\":\"ImageObject\",\"inLanguage\":\"pt-PT\",\"@id\":\"https:\\\/\\\/agradocosmetic.com\\\/#\\\/schema\\\/logo\\\/image\\\/\",\"url\":\"https:\\\/\\\/agradocosmetic.com\\\/wp-content\\\/uploads\\\/2023\\\/07\\\/LOGO-AGRADO-WEB-01.png\",\"contentUrl\":\"https:\\\/\\\/agradocosmetic.com\\\/wp-content\\\/uploads\\\/2023\\\/07\\\/LOGO-AGRADO-WEB-01.png\",\"width\":1632,\"height\":300,\"caption\":\"Agrado\"},\"image\":{\"@id\":\"https:\\\/\\\/agradocosmetic.com\\\/#\\\/schema\\\/logo\\\/image\\\/\"}},{\"@type\":\"Person\",\"@id\":\"https:\\\/\\\/agradocosmetic.com\\\/#\\\/schema\\\/person\\\/59124921013b50f80959d84fc7219096\",\"name\":\"carmen\",\"image\":{\"@type\":\"ImageObject\",\"inLanguage\":\"pt-PT\",\"@id\":\"https:\\\/\\\/secure.gravatar.com\\\/avatar\\\/2036bf58c019bb0a3f94937a2ed7cab76ae6ebe239f705f7c62ea5c48f93531f?s=96&d=mm&r=g\",\"url\":\"https:\\\/\\\/secure.gravatar.com\\\/avatar\\\/2036bf58c019bb0a3f94937a2ed7cab76ae6ebe239f705f7c62ea5c48f93531f?s=96&d=mm&r=g\",\"contentUrl\":\"https:\\\/\\\/secure.gravatar.com\\\/avatar\\\/2036bf58c019bb0a3f94937a2ed7cab76ae6ebe239f705f7c62ea5c48f93531f?s=96&d=mm&r=g\",\"caption\":\"carmen\"}}]}<\/script>\n<!-- \/ Yoast SEO plugin. -->","yoast_head_json":{"title":"Por esto debes usar la Bruma Facial Solar todo el a\u00f1o - Agrado","description":"Por esto incorporar la Bruma Facial Solar de Agrado en tu rutina diaria es esencial para mantener tu piel sana y protegida.","robots":{"index":"index","follow":"follow","max-snippet":"max-snippet:-1","max-image-preview":"max-image-preview:large","max-video-preview":"max-video-preview:-1"},"canonical":"https:\/\/agradocosmetic.com\/pt\/por-esto-debes-usar-la-bruma-facial-solar-todo-el-ano\/","og_locale":"pt_PT","og_type":"article","og_title":"Por esto debes usar la Bruma Facial Solar todo el a\u00f1o - Agrado","og_description":"Por esto incorporar la Bruma Facial Solar de Agrado en tu rutina diaria es esencial para mantener tu piel sana y protegida.","og_url":"https:\/\/agradocosmetic.com\/pt\/por-esto-debes-usar-la-bruma-facial-solar-todo-el-ano\/","og_site_name":"Agrado","article_published_time":"2024-09-29T09:13:22+00:00","article_modified_time":"2025-01-17T12:27:47+00:00","og_image":[{"width":1140,"height":600,"url":"https:\/\/agradocosmetic.com\/wp-content\/uploads\/2025\/01\/SEPTIEMBRE-2.jpg","type":"image\/jpeg"}],"author":"carmen","twitter_card":"summary_large_image","twitter_misc":{"Escrito por":"carmen","Tempo estimado de leitura":"2 minutos"},"schema":{"@context":"https:\/\/schema.org","@graph":[{"@type":"Article","@id":"https:\/\/agradocosmetic.com\/por-esto-debes-usar-la-bruma-facial-solar-todo-el-ano\/#article","isPartOf":{"@id":"https:\/\/agradocosmetic.com\/por-esto-debes-usar-la-bruma-facial-solar-todo-el-ano\/"},"author":{"name":"carmen","@id":"https:\/\/agradocosmetic.com\/#\/schema\/person\/59124921013b50f80959d84fc7219096"},"headline":"Por esto debes usar la Bruma Facial Solar todo el a\u00f1o","datePublished":"2024-09-29T09:13:22+00:00","dateModified":"2025-01-17T12:27:47+00:00","mainEntityOfPage":{"@id":"https:\/\/agradocosmetic.com\/por-esto-debes-usar-la-bruma-facial-solar-todo-el-ano\/"},"wordCount":324,"commentCount":0,"publisher":{"@id":"https:\/\/agradocosmetic.com\/#organization"},"image":{"@id":"https:\/\/agradocosmetic.com\/por-esto-debes-usar-la-bruma-facial-solar-todo-el-ano\/#primaryimage"},"thumbnailUrl":"https:\/\/agradocosmetic.com\/wp-content\/uploads\/2025\/01\/SEPTIEMBRE-2.jpg","keywords":["agrado suncare","bruma protectora","proteccion solar facial","bruma solar facial","bruma facial","spf50+","agrado","agrado cosmetic","proteccion solar"],"articleSection":["Facial","Solar"],"inLanguage":"pt-PT","potentialAction":[{"@type":"CommentAction","name":"Comment","target":["https:\/\/agradocosmetic.com\/por-esto-debes-usar-la-bruma-facial-solar-todo-el-ano\/#respond"]}]},{"@type":"WebPage","@id":"https:\/\/agradocosmetic.com\/por-esto-debes-usar-la-bruma-facial-solar-todo-el-ano\/","url":"https:\/\/agradocosmetic.com\/por-esto-debes-usar-la-bruma-facial-solar-todo-el-ano\/","name":"Por esto debes usar la Bruma Facial Solar todo el a\u00f1o - Agrado","isPartOf":{"@id":"https:\/\/agradocosmetic.com\/#website"},"primaryImageOfPage":{"@id":"https:\/\/agradocosmetic.com\/por-esto-debes-usar-la-bruma-facial-solar-todo-el-ano\/#primaryimage"},"image":{"@id":"https:\/\/agradocosmetic.com\/por-esto-debes-usar-la-bruma-facial-solar-todo-el-ano\/#primaryimage"},"thumbnailUrl":"https:\/\/agradocosmetic.com\/wp-content\/uploads\/2025\/01\/SEPTIEMBRE-2.jpg","datePublished":"2024-09-29T09:13:22+00:00","dateModified":"2025-01-17T12:27:47+00:00","description":"Por esto incorporar la Bruma Facial Solar de Agrado en tu rutina diaria es esencial para mantener tu piel sana y protegida.","breadcrumb":{"@id":"https:\/\/agradocosmetic.com\/por-esto-debes-usar-la-bruma-facial-solar-todo-el-ano\/#breadcrumb"},"inLanguage":"pt-PT","potentialAction":[{"@type":"ReadAction","target":["https:\/\/agradocosmetic.com\/por-esto-debes-usar-la-bruma-facial-solar-todo-el-ano\/"]}]},{"@type":"ImageObject","inLanguage":"pt-PT","@id":"https:\/\/agradocosmetic.com\/por-esto-debes-usar-la-bruma-facial-solar-todo-el-ano\/#primaryimage","url":"https:\/\/agradocosmetic.com\/wp-content\/uploads\/2025\/01\/SEPTIEMBRE-2.jpg","contentUrl":"https:\/\/agradocosmetic.com\/wp-content\/uploads\/2025\/01\/SEPTIEMBRE-2.jpg","width":1140,"height":600,"caption":"bruma facial solar"},{"@type":"BreadcrumbList","@id":"https:\/\/agradocosmetic.com\/por-esto-debes-usar-la-bruma-facial-solar-todo-el-ano\/#breadcrumb","itemListElement":[{"@type":"ListItem","position":1,"name":"Portada","item":"https:\/\/agradocosmetic.com\/"},{"@type":"ListItem","position":2,"name":"Por esto debes usar la Bruma Facial Solar todo el a\u00f1o"}]},{"@type":"WebSite","@id":"https:\/\/agradocosmetic.com\/#website","url":"https:\/\/agradocosmetic.com\/","name":"Gosto","description":"Cosm\u00e9tico","publisher":{"@id":"https:\/\/agradocosmetic.com\/#organization"},"potentialAction":[{"@type":"SearchAction","target":{"@type":"EntryPoint","urlTemplate":"https:\/\/agradocosmetic.com\/?s={search_term_string}"},"query-input":{"@type":"PropertyValueSpecification","valueRequired":true,"valueName":"search_term_string"}}],"inLanguage":"pt-PT"},{"@type":"Organization","@id":"https:\/\/agradocosmetic.com\/#organization","name":"Gosto","url":"https:\/\/agradocosmetic.com\/","logo":{"@type":"ImageObject","inLanguage":"pt-PT","@id":"https:\/\/agradocosmetic.com\/#\/schema\/logo\/image\/","url":"https:\/\/agradocosmetic.com\/wp-content\/uploads\/2023\/07\/LOGO-AGRADO-WEB-01.png","contentUrl":"https:\/\/agradocosmetic.com\/wp-content\/uploads\/2023\/07\/LOGO-AGRADO-WEB-01.png","width":1632,"height":300,"caption":"Agrado"},"image":{"@id":"https:\/\/agradocosmetic.com\/#\/schema\/logo\/image\/"}},{"@type":"Person","@id":"https:\/\/agradocosmetic.com\/#\/schema\/person\/59124921013b50f80959d84fc7219096","name":"Carmem","image":{"@type":"ImageObject","inLanguage":"pt-PT","@id":"https:\/\/secure.gravatar.com\/avatar\/2036bf58c019bb0a3f94937a2ed7cab76ae6ebe239f705f7c62ea5c48f93531f?s=96&d=mm&r=g","url":"https:\/\/secure.gravatar.com\/avatar\/2036bf58c019bb0a3f94937a2ed7cab76ae6ebe239f705f7c62ea5c48f93531f?s=96&d=mm&r=g","contentUrl":"https:\/\/secure.gravatar.com\/avatar\/2036bf58c019bb0a3f94937a2ed7cab76ae6ebe239f705f7c62ea5c48f93531f?s=96&d=mm&r=g","caption":"carmen"}}]}},"_links":{"self":[{"href":"https:\/\/agradocosmetic.com\/pt\/wp-json\/wp\/v2\/posts\/29418","targetHints":{"allow":["GET"]}}],"collection":[{"href":"https:\/\/agradocosmetic.com\/pt\/wp-json\/wp\/v2\/posts"}],"about":[{"href":"https:\/\/agradocosmetic.com\/pt\/wp-json\/wp\/v2\/types\/post"}],"author":[{"embeddable":true,"href":"https:\/\/agradocosmetic.com\/pt\/wp-json\/wp\/v2\/users\/11"}],"replies":[{"embeddable":true,"href":"https:\/\/agradocosmetic.com\/pt\/wp-json\/wp\/v2\/comments?post=29418"}],"version-history":[{"count":1,"href":"https:\/\/agradocosmetic.com\/pt\/wp-json\/wp\/v2\/posts\/29418\/revisions"}],"predecessor-version":[{"id":29419,"href":"https:\/\/agradocosmetic.com\/pt\/wp-json\/wp\/v2\/posts\/29418\/revisions\/29419"}],"wp:featuredmedia":[{"embeddable":true,"href":"https:\/\/agradocosmetic.com\/pt\/wp-json\/wp\/v2\/media\/29416"}],"wp:attachment":[{"href":"https:\/\/agradocosmetic.com\/pt\/wp-json\/wp\/v2\/media?parent=29418"}],"wp:term":[{"taxonomy":"category","embeddable":true,"href":"https:\/\/agradocosmetic.com\/pt\/wp-json\/wp\/v2\/categories?post=29418"},{"taxonomy":"post_tag","embeddable":true,"href":"https:\/\/agradocosmetic.com\/pt\/wp-json\/wp\/v2\/tags?post=29418"}],"curies":[{"name":"wp","href":"https:\/\/api.w.org\/{rel}","templated":true}]}}