{"id":30486,"date":"2025-03-11T12:00:52","date_gmt":"2025-03-11T11:00:52","guid":{"rendered":"https:\/\/agradocosmetic.com\/?p=30486"},"modified":"2025-06-09T12:01:07","modified_gmt":"2025-06-09T11:01:07","slug":"todo-lo-que-el-aloe-vera-puede-hacer-por-tu-piel","status":"publish","type":"post","link":"https:\/\/agradocosmetic.com\/pt\/todo-lo-que-el-aloe-vera-puede-hacer-por-tu-piel\/","title":{"rendered":"Tudo o que a aloe vera pode fazer pela sua pele"},"content":{"rendered":"<p><span style=\"font-weight: 400\">Existem ingredientes que nunca saem de moda por um motivo: eles funcionam. E a babosa \u00e9 um daqueles cl\u00e1ssicos de cuidados com a pele que, esta\u00e7\u00e3o ap\u00f3s esta\u00e7\u00e3o, prova por que merece um lugar permanente em nossas rotinas.<\/span><\/p>\n<p><span style=\"font-weight: 400\">Este tesouro natural \u00e9 conhecido por suas propriedades calmantes, hidratantes e regeneradoras. Ideal para todos os tipos de pele (incluindo as mais sens\u00edveis), a babosa ajuda a aliviar a irrita\u00e7\u00e3o, acalmar a pele ap\u00f3s o banho de sol ou o barbear, e ainda reduz a vermelhid\u00e3o e proporciona um frescor instant\u00e2neo.<\/span><\/p>\n<p><span style=\"font-weight: 400\">Nosso favorito para aproveitar todos esses benef\u00edcios? <a href=\"https:\/\/agradocosmetic.com\/pt\/producto\/crema-corporal-aloe-vera\/\" target=\"_blank\" rel=\"noopener\">Creme Corporal Alo\u00e9 Vera<\/a>Sua textura leve penetra instantaneamente na pele, sem deixar sensa\u00e7\u00e3o pegajosa ou oleosa. \u00c9 perfeito para aplicar ap\u00f3s o banho ou sempre que precisar de mais frescor e maciez. Voc\u00ea notar\u00e1 sua pele mais hidratada, macia e radiante desde a primeira aplica\u00e7\u00e3o.<\/span><\/p>\n<p><span style=\"font-weight: 400\">Al\u00e9m disso, este produto \u00e9 ideal para aqueles dias em que sua pele precisa de um cuidado extra: depois do banho de sol, depois da depila\u00e7\u00e3o ou simplesmente como parte do seu ritual di\u00e1rio de autocuidado.<\/span><\/p>\n<p><span style=\"font-weight: 400\">E como em Agrado cuidamos de cada detalhe, o <a href=\"https:\/\/agradocosmetic.com\/pt\/producto\/crema-corporal-aloe-vera\/\" target=\"_blank\" rel=\"noopener\">Creme Corporal Alo\u00e9 Vera<\/a> Vem em embalagens pr\u00e1ticas e mais ecol\u00f3gicas, reafirmando nosso compromisso com uma cosm\u00e9tica cada vez mais consciente.<\/span><\/p>\n<p><span style=\"font-weight: 400\">Neste m\u00eas de mar\u00e7o, fa\u00e7a do aloe vera seu melhor aliado e redescubra o prazer de cuidar da sua pele com um gesto t\u00e3o simples quanto eficaz.<\/span><span style=\"font-weight: 400\">Porque cuidar de si tamb\u00e9m \u00e9 uma forma de se reconectar consigo mesmo!<\/span><\/p>","protected":false},"excerpt":{"rendered":"<p>Hay ingredientes que nunca pasan de moda por una raz\u00f3n: funcionan. Y el aloe vera es uno de esos grandes cl\u00e1sicos del cuidado de la piel que, temporada tras temporada, demuestra por qu\u00e9 merece un lugar fijo en nuestra rutina. Este tesoro natural es conocido por su poder calmante, hidratante y regenerador. Ideal para todo [&hellip;]<\/p>\n","protected":false},"author":11,"featured_media":30474,"comment_status":"open","ping_status":"closed","sticky":false,"template":"","format":"standard","meta":{"footnotes":"","_wp_rev_ctl_limit":""},"categories":[149],"tags":[863,864,865,866,867,853,796,126,274,275,355,375,205],"class_list":["post-30486","post","type-post","status-publish","format-standard","has-post-thumbnail","hentry","category-corporal","tag-aloe","tag-gel-aloe","tag-gel-de-ducha-aloe","tag-after-sun-aloe","tag-beneficios-aloe-vera","tag-cuidado-piel","tag-body-milk","tag-agrado","tag-agrado-cosmetic","tag-aloe-vera","tag-beneficios","tag-cuidado-corporal","tag-hidratacion"],"yoast_head":"<!-- This site is optimized with the Yoast SEO plugin v27.4 - https:\/\/yoast.com\/product\/yoast-seo-wordpress\/ -->\n<title>Todo lo que el aloe vera puede hacer por tu piel - Agrado<\/title>\n<meta name=\"description\" content=\"El aloe vera es uno de esos grandes ingredientes del cuidado de la piel. \u00a1Te demostramos por qu\u00e9 merece un lugar fijo en tu rutina!\" \/>\n<meta name=\"robots\" content=\"index, follow, max-snippet:-1, max-image-preview:large, max-video-preview:-1\" \/>\n<link rel=\"canonical\" href=\"https:\/\/agradocosmetic.com\/pt\/todo-lo-que-el-aloe-vera-puede-hacer-por-tu-piel\/\" \/>\n<meta property=\"og:locale\" content=\"pt_PT\" \/>\n<meta property=\"og:type\" content=\"article\" \/>\n<meta property=\"og:title\" content=\"Todo lo que el aloe vera puede hacer por tu piel - Agrado\" \/>\n<meta property=\"og:description\" content=\"El aloe vera es uno de esos grandes ingredientes del cuidado de la piel. \u00a1Te demostramos por qu\u00e9 merece un lugar fijo en tu rutina!\" \/>\n<meta property=\"og:url\" content=\"https:\/\/agradocosmetic.com\/pt\/todo-lo-que-el-aloe-vera-puede-hacer-por-tu-piel\/\" \/>\n<meta property=\"og:site_name\" content=\"Agrado\" \/>\n<meta property=\"article:published_time\" content=\"2025-03-11T11:00:52+00:00\" \/>\n<meta property=\"article:modified_time\" content=\"2025-06-09T11:01:07+00:00\" \/>\n<meta property=\"og:image\" content=\"https:\/\/agradocosmetic.com\/wp-content\/uploads\/2025\/06\/FEBRERO-2.jpg\" \/>\n\t<meta property=\"og:image:width\" content=\"1140\" \/>\n\t<meta property=\"og:image:height\" content=\"600\" \/>\n\t<meta property=\"og:image:type\" content=\"image\/jpeg\" \/>\n<meta name=\"author\" content=\"carmen\" \/>\n<meta name=\"twitter:card\" content=\"summary_large_image\" \/>\n<meta name=\"twitter:label1\" content=\"Escrito por\" \/>\n\t<meta name=\"twitter:data1\" content=\"carmen\" \/>\n\t<meta name=\"twitter:label2\" content=\"Tempo estimado de leitura\" \/>\n\t<meta name=\"twitter:data2\" content=\"2 minutos\" \/>\n<script type=\"application\/ld+json\" class=\"yoast-schema-graph\">{\"@context\":\"https:\\\/\\\/schema.org\",\"@graph\":[{\"@type\":\"Article\",\"@id\":\"https:\\\/\\\/agradocosmetic.com\\\/todo-lo-que-el-aloe-vera-puede-hacer-por-tu-piel\\\/#article\",\"isPartOf\":{\"@id\":\"https:\\\/\\\/agradocosmetic.com\\\/todo-lo-que-el-aloe-vera-puede-hacer-por-tu-piel\\\/\"},\"author\":{\"name\":\"carmen\",\"@id\":\"https:\\\/\\\/agradocosmetic.com\\\/#\\\/schema\\\/person\\\/59124921013b50f80959d84fc7219096\"},\"headline\":\"Todo lo que el aloe vera puede hacer por tu piel\",\"datePublished\":\"2025-03-11T11:00:52+00:00\",\"dateModified\":\"2025-06-09T11:01:07+00:00\",\"mainEntityOfPage\":{\"@id\":\"https:\\\/\\\/agradocosmetic.com\\\/todo-lo-que-el-aloe-vera-puede-hacer-por-tu-piel\\\/\"},\"wordCount\":275,\"commentCount\":0,\"publisher\":{\"@id\":\"https:\\\/\\\/agradocosmetic.com\\\/#organization\"},\"image\":{\"@id\":\"https:\\\/\\\/agradocosmetic.com\\\/todo-lo-que-el-aloe-vera-puede-hacer-por-tu-piel\\\/#primaryimage\"},\"thumbnailUrl\":\"https:\\\/\\\/agradocosmetic.com\\\/wp-content\\\/uploads\\\/2025\\\/06\\\/FEBRERO-2.jpg\",\"keywords\":[\"aloe\",\"gel aloe\",\"gel de ducha aloe\",\"after sun aloe\",\"beneficios aloe vera\",\"cuidado piel\",\"body milk\",\"agrado\",\"agrado cosmetic\",\"aloe vera\",\"beneficios\",\"cuidado corporal\",\"hidrataci\u00f3n\"],\"articleSection\":[\"Corporal\"],\"inLanguage\":\"pt-PT\",\"potentialAction\":[{\"@type\":\"CommentAction\",\"name\":\"Comment\",\"target\":[\"https:\\\/\\\/agradocosmetic.com\\\/todo-lo-que-el-aloe-vera-puede-hacer-por-tu-piel\\\/#respond\"]}]},{\"@type\":\"WebPage\",\"@id\":\"https:\\\/\\\/agradocosmetic.com\\\/todo-lo-que-el-aloe-vera-puede-hacer-por-tu-piel\\\/\",\"url\":\"https:\\\/\\\/agradocosmetic.com\\\/todo-lo-que-el-aloe-vera-puede-hacer-por-tu-piel\\\/\",\"name\":\"Todo lo que el aloe vera puede hacer por tu piel - Agrado\",\"isPartOf\":{\"@id\":\"https:\\\/\\\/agradocosmetic.com\\\/#website\"},\"primaryImageOfPage\":{\"@id\":\"https:\\\/\\\/agradocosmetic.com\\\/todo-lo-que-el-aloe-vera-puede-hacer-por-tu-piel\\\/#primaryimage\"},\"image\":{\"@id\":\"https:\\\/\\\/agradocosmetic.com\\\/todo-lo-que-el-aloe-vera-puede-hacer-por-tu-piel\\\/#primaryimage\"},\"thumbnailUrl\":\"https:\\\/\\\/agradocosmetic.com\\\/wp-content\\\/uploads\\\/2025\\\/06\\\/FEBRERO-2.jpg\",\"datePublished\":\"2025-03-11T11:00:52+00:00\",\"dateModified\":\"2025-06-09T11:01:07+00:00\",\"description\":\"El aloe vera es uno de esos grandes ingredientes del cuidado de la piel. \u00a1Te demostramos por qu\u00e9 merece un lugar fijo en tu rutina!\",\"breadcrumb\":{\"@id\":\"https:\\\/\\\/agradocosmetic.com\\\/todo-lo-que-el-aloe-vera-puede-hacer-por-tu-piel\\\/#breadcrumb\"},\"inLanguage\":\"pt-PT\",\"potentialAction\":[{\"@type\":\"ReadAction\",\"target\":[\"https:\\\/\\\/agradocosmetic.com\\\/todo-lo-que-el-aloe-vera-puede-hacer-por-tu-piel\\\/\"]}]},{\"@type\":\"ImageObject\",\"inLanguage\":\"pt-PT\",\"@id\":\"https:\\\/\\\/agradocosmetic.com\\\/todo-lo-que-el-aloe-vera-puede-hacer-por-tu-piel\\\/#primaryimage\",\"url\":\"https:\\\/\\\/agradocosmetic.com\\\/wp-content\\\/uploads\\\/2025\\\/06\\\/FEBRERO-2.jpg\",\"contentUrl\":\"https:\\\/\\\/agradocosmetic.com\\\/wp-content\\\/uploads\\\/2025\\\/06\\\/FEBRERO-2.jpg\",\"width\":1140,\"height\":600,\"caption\":\"aloe vera\"},{\"@type\":\"BreadcrumbList\",\"@id\":\"https:\\\/\\\/agradocosmetic.com\\\/todo-lo-que-el-aloe-vera-puede-hacer-por-tu-piel\\\/#breadcrumb\",\"itemListElement\":[{\"@type\":\"ListItem\",\"position\":1,\"name\":\"Portada\",\"item\":\"https:\\\/\\\/agradocosmetic.com\\\/\"},{\"@type\":\"ListItem\",\"position\":2,\"name\":\"Todo lo que el aloe vera puede hacer por tu piel\"}]},{\"@type\":\"WebSite\",\"@id\":\"https:\\\/\\\/agradocosmetic.com\\\/#website\",\"url\":\"https:\\\/\\\/agradocosmetic.com\\\/\",\"name\":\"Agrado\",\"description\":\"Cosmetic\",\"publisher\":{\"@id\":\"https:\\\/\\\/agradocosmetic.com\\\/#organization\"},\"potentialAction\":[{\"@type\":\"SearchAction\",\"target\":{\"@type\":\"EntryPoint\",\"urlTemplate\":\"https:\\\/\\\/agradocosmetic.com\\\/?s={search_term_string}\"},\"query-input\":{\"@type\":\"PropertyValueSpecification\",\"valueRequired\":true,\"valueName\":\"search_term_string\"}}],\"inLanguage\":\"pt-PT\"},{\"@type\":\"Organization\",\"@id\":\"https:\\\/\\\/agradocosmetic.com\\\/#organization\",\"name\":\"Agrado\",\"url\":\"https:\\\/\\\/agradocosmetic.com\\\/\",\"logo\":{\"@type\":\"ImageObject\",\"inLanguage\":\"pt-PT\",\"@id\":\"https:\\\/\\\/agradocosmetic.com\\\/#\\\/schema\\\/logo\\\/image\\\/\",\"url\":\"https:\\\/\\\/agradocosmetic.com\\\/wp-content\\\/uploads\\\/2023\\\/07\\\/LOGO-AGRADO-WEB-01.png\",\"contentUrl\":\"https:\\\/\\\/agradocosmetic.com\\\/wp-content\\\/uploads\\\/2023\\\/07\\\/LOGO-AGRADO-WEB-01.png\",\"width\":1632,\"height\":300,\"caption\":\"Agrado\"},\"image\":{\"@id\":\"https:\\\/\\\/agradocosmetic.com\\\/#\\\/schema\\\/logo\\\/image\\\/\"}},{\"@type\":\"Person\",\"@id\":\"https:\\\/\\\/agradocosmetic.com\\\/#\\\/schema\\\/person\\\/59124921013b50f80959d84fc7219096\",\"name\":\"carmen\",\"image\":{\"@type\":\"ImageObject\",\"inLanguage\":\"pt-PT\",\"@id\":\"https:\\\/\\\/secure.gravatar.com\\\/avatar\\\/2036bf58c019bb0a3f94937a2ed7cab76ae6ebe239f705f7c62ea5c48f93531f?s=96&d=mm&r=g\",\"url\":\"https:\\\/\\\/secure.gravatar.com\\\/avatar\\\/2036bf58c019bb0a3f94937a2ed7cab76ae6ebe239f705f7c62ea5c48f93531f?s=96&d=mm&r=g\",\"contentUrl\":\"https:\\\/\\\/secure.gravatar.com\\\/avatar\\\/2036bf58c019bb0a3f94937a2ed7cab76ae6ebe239f705f7c62ea5c48f93531f?s=96&d=mm&r=g\",\"caption\":\"carmen\"}}]}<\/script>\n<!-- \/ Yoast SEO plugin. -->","yoast_head_json":{"title":"Todo lo que el aloe vera puede hacer por tu piel - Agrado","description":"El aloe vera es uno de esos grandes ingredientes del cuidado de la piel. \u00a1Te demostramos por qu\u00e9 merece un lugar fijo en tu rutina!","robots":{"index":"index","follow":"follow","max-snippet":"max-snippet:-1","max-image-preview":"max-image-preview:large","max-video-preview":"max-video-preview:-1"},"canonical":"https:\/\/agradocosmetic.com\/pt\/todo-lo-que-el-aloe-vera-puede-hacer-por-tu-piel\/","og_locale":"pt_PT","og_type":"article","og_title":"Todo lo que el aloe vera puede hacer por tu piel - Agrado","og_description":"El aloe vera es uno de esos grandes ingredientes del cuidado de la piel. \u00a1Te demostramos por qu\u00e9 merece un lugar fijo en tu rutina!","og_url":"https:\/\/agradocosmetic.com\/pt\/todo-lo-que-el-aloe-vera-puede-hacer-por-tu-piel\/","og_site_name":"Agrado","article_published_time":"2025-03-11T11:00:52+00:00","article_modified_time":"2025-06-09T11:01:07+00:00","og_image":[{"width":1140,"height":600,"url":"https:\/\/agradocosmetic.com\/wp-content\/uploads\/2025\/06\/FEBRERO-2.jpg","type":"image\/jpeg"}],"author":"carmen","twitter_card":"summary_large_image","twitter_misc":{"Escrito por":"carmen","Tempo estimado de leitura":"2 minutos"},"schema":{"@context":"https:\/\/schema.org","@graph":[{"@type":"Article","@id":"https:\/\/agradocosmetic.com\/todo-lo-que-el-aloe-vera-puede-hacer-por-tu-piel\/#article","isPartOf":{"@id":"https:\/\/agradocosmetic.com\/todo-lo-que-el-aloe-vera-puede-hacer-por-tu-piel\/"},"author":{"name":"carmen","@id":"https:\/\/agradocosmetic.com\/#\/schema\/person\/59124921013b50f80959d84fc7219096"},"headline":"Todo lo que el aloe vera puede hacer por tu piel","datePublished":"2025-03-11T11:00:52+00:00","dateModified":"2025-06-09T11:01:07+00:00","mainEntityOfPage":{"@id":"https:\/\/agradocosmetic.com\/todo-lo-que-el-aloe-vera-puede-hacer-por-tu-piel\/"},"wordCount":275,"commentCount":0,"publisher":{"@id":"https:\/\/agradocosmetic.com\/#organization"},"image":{"@id":"https:\/\/agradocosmetic.com\/todo-lo-que-el-aloe-vera-puede-hacer-por-tu-piel\/#primaryimage"},"thumbnailUrl":"https:\/\/agradocosmetic.com\/wp-content\/uploads\/2025\/06\/FEBRERO-2.jpg","keywords":["aloe","gel aloe","gel de ducha aloe","after sun aloe","beneficios aloe vera","cuidado piel","body milk","agrado","agrado cosmetic","aloe vera","beneficios","cuidado corporal","hidrataci\u00f3n"],"articleSection":["Corporal"],"inLanguage":"pt-PT","potentialAction":[{"@type":"CommentAction","name":"Comment","target":["https:\/\/agradocosmetic.com\/todo-lo-que-el-aloe-vera-puede-hacer-por-tu-piel\/#respond"]}]},{"@type":"WebPage","@id":"https:\/\/agradocosmetic.com\/todo-lo-que-el-aloe-vera-puede-hacer-por-tu-piel\/","url":"https:\/\/agradocosmetic.com\/todo-lo-que-el-aloe-vera-puede-hacer-por-tu-piel\/","name":"Todo lo que el aloe vera puede hacer por tu piel - Agrado","isPartOf":{"@id":"https:\/\/agradocosmetic.com\/#website"},"primaryImageOfPage":{"@id":"https:\/\/agradocosmetic.com\/todo-lo-que-el-aloe-vera-puede-hacer-por-tu-piel\/#primaryimage"},"image":{"@id":"https:\/\/agradocosmetic.com\/todo-lo-que-el-aloe-vera-puede-hacer-por-tu-piel\/#primaryimage"},"thumbnailUrl":"https:\/\/agradocosmetic.com\/wp-content\/uploads\/2025\/06\/FEBRERO-2.jpg","datePublished":"2025-03-11T11:00:52+00:00","dateModified":"2025-06-09T11:01:07+00:00","description":"El aloe vera es uno de esos grandes ingredientes del cuidado de la piel. \u00a1Te demostramos por qu\u00e9 merece un lugar fijo en tu rutina!","breadcrumb":{"@id":"https:\/\/agradocosmetic.com\/todo-lo-que-el-aloe-vera-puede-hacer-por-tu-piel\/#breadcrumb"},"inLanguage":"pt-PT","potentialAction":[{"@type":"ReadAction","target":["https:\/\/agradocosmetic.com\/todo-lo-que-el-aloe-vera-puede-hacer-por-tu-piel\/"]}]},{"@type":"ImageObject","inLanguage":"pt-PT","@id":"https:\/\/agradocosmetic.com\/todo-lo-que-el-aloe-vera-puede-hacer-por-tu-piel\/#primaryimage","url":"https:\/\/agradocosmetic.com\/wp-content\/uploads\/2025\/06\/FEBRERO-2.jpg","contentUrl":"https:\/\/agradocosmetic.com\/wp-content\/uploads\/2025\/06\/FEBRERO-2.jpg","width":1140,"height":600,"caption":"aloe vera"},{"@type":"BreadcrumbList","@id":"https:\/\/agradocosmetic.com\/todo-lo-que-el-aloe-vera-puede-hacer-por-tu-piel\/#breadcrumb","itemListElement":[{"@type":"ListItem","position":1,"name":"Portada","item":"https:\/\/agradocosmetic.com\/"},{"@type":"ListItem","position":2,"name":"Todo lo que el aloe vera puede hacer por tu piel"}]},{"@type":"WebSite","@id":"https:\/\/agradocosmetic.com\/#website","url":"https:\/\/agradocosmetic.com\/","name":"Gosto","description":"Cosm\u00e9tico","publisher":{"@id":"https:\/\/agradocosmetic.com\/#organization"},"potentialAction":[{"@type":"SearchAction","target":{"@type":"EntryPoint","urlTemplate":"https:\/\/agradocosmetic.com\/?s={search_term_string}"},"query-input":{"@type":"PropertyValueSpecification","valueRequired":true,"valueName":"search_term_string"}}],"inLanguage":"pt-PT"},{"@type":"Organization","@id":"https:\/\/agradocosmetic.com\/#organization","name":"Gosto","url":"https:\/\/agradocosmetic.com\/","logo":{"@type":"ImageObject","inLanguage":"pt-PT","@id":"https:\/\/agradocosmetic.com\/#\/schema\/logo\/image\/","url":"https:\/\/agradocosmetic.com\/wp-content\/uploads\/2023\/07\/LOGO-AGRADO-WEB-01.png","contentUrl":"https:\/\/agradocosmetic.com\/wp-content\/uploads\/2023\/07\/LOGO-AGRADO-WEB-01.png","width":1632,"height":300,"caption":"Agrado"},"image":{"@id":"https:\/\/agradocosmetic.com\/#\/schema\/logo\/image\/"}},{"@type":"Person","@id":"https:\/\/agradocosmetic.com\/#\/schema\/person\/59124921013b50f80959d84fc7219096","name":"Carmem","image":{"@type":"ImageObject","inLanguage":"pt-PT","@id":"https:\/\/secure.gravatar.com\/avatar\/2036bf58c019bb0a3f94937a2ed7cab76ae6ebe239f705f7c62ea5c48f93531f?s=96&d=mm&r=g","url":"https:\/\/secure.gravatar.com\/avatar\/2036bf58c019bb0a3f94937a2ed7cab76ae6ebe239f705f7c62ea5c48f93531f?s=96&d=mm&r=g","contentUrl":"https:\/\/secure.gravatar.com\/avatar\/2036bf58c019bb0a3f94937a2ed7cab76ae6ebe239f705f7c62ea5c48f93531f?s=96&d=mm&r=g","caption":"carmen"}}]}},"_links":{"self":[{"href":"https:\/\/agradocosmetic.com\/pt\/wp-json\/wp\/v2\/posts\/30486","targetHints":{"allow":["GET"]}}],"collection":[{"href":"https:\/\/agradocosmetic.com\/pt\/wp-json\/wp\/v2\/posts"}],"about":[{"href":"https:\/\/agradocosmetic.com\/pt\/wp-json\/wp\/v2\/types\/post"}],"author":[{"embeddable":true,"href":"https:\/\/agradocosmetic.com\/pt\/wp-json\/wp\/v2\/users\/11"}],"replies":[{"embeddable":true,"href":"https:\/\/agradocosmetic.com\/pt\/wp-json\/wp\/v2\/comments?post=30486"}],"version-history":[{"count":1,"href":"https:\/\/agradocosmetic.com\/pt\/wp-json\/wp\/v2\/posts\/30486\/revisions"}],"predecessor-version":[{"id":30487,"href":"https:\/\/agradocosmetic.com\/pt\/wp-json\/wp\/v2\/posts\/30486\/revisions\/30487"}],"wp:featuredmedia":[{"embeddable":true,"href":"https:\/\/agradocosmetic.com\/pt\/wp-json\/wp\/v2\/media\/30474"}],"wp:attachment":[{"href":"https:\/\/agradocosmetic.com\/pt\/wp-json\/wp\/v2\/media?parent=30486"}],"wp:term":[{"taxonomy":"category","embeddable":true,"href":"https:\/\/agradocosmetic.com\/pt\/wp-json\/wp\/v2\/categories?post=30486"},{"taxonomy":"post_tag","embeddable":true,"href":"https:\/\/agradocosmetic.com\/pt\/wp-json\/wp\/v2\/tags?post=30486"}],"curies":[{"name":"wp","href":"https:\/\/api.w.org\/{rel}","templated":true}]}}