{"id":30492,"date":"2025-04-30T13:15:33","date_gmt":"2025-04-30T12:15:33","guid":{"rendered":"https:\/\/agradocosmetic.com\/?p=30492"},"modified":"2025-06-09T12:16:57","modified_gmt":"2025-06-09T11:16:57","slug":"5-mitos-sobre-los-protectores-solares","status":"publish","type":"post","link":"https:\/\/agradocosmetic.com\/pt\/5-mitos-sobre-los-protectores-solares\/","title":{"rendered":"5 mitos sobre protetores solares"},"content":{"rendered":"<p><span style=\"font-weight: 400\">O sol \u00e9 a fonte da vida, da energia... e tamb\u00e9m de muitos mitos. \u00c0 medida que o tempo mais quente se aproxima, \u00e9 comum ouvirmos equ\u00edvocos sobre o sol. <a href=\"https:\/\/agradocosmetic.com\/pt\/categoria-de-producto\/proteccion-solar\/\" target=\"_blank\" rel=\"noopener\">Protetores solares<\/a> que podem colocar a sa\u00fade da nossa pele em risco. Hoje, vamos desmistificar cinco dos mitos mais comuns sobre protetor solar para que voc\u00ea possa aproveitar o sol com seguran\u00e7a e confian\u00e7a.<\/span><\/p>\n<h3><span style=\"font-family: -apple-system, BlinkMacSystemFont, 'Segoe UI', Roboto, 'Helvetica Neue', Arial, 'Noto Sans', sans-serif, 'Apple Color Emoji', 'Segoe UI Emoji', 'Segoe UI Symbol', 'Noto Color Emoji'\">\u201cS\u00f3 preciso de protetor solar na praia ou na piscina.\u201d<\/span><\/h3>\n<p><span style=\"font-weight: 400\">Falso! A radia\u00e7\u00e3o UV est\u00e1 presente o ano todo, mesmo em dias nublados ou ao dirigir. Aplicar protetor solar diariamente \u00e9 essencial para prevenir o envelhecimento precoce e reduzir o risco de c\u00e2ncer de pele.<\/span><\/p>\n<h3><span style=\"font-family: -apple-system, BlinkMacSystemFont, 'Segoe UI', Roboto, 'Helvetica Neue', Arial, 'Noto Sans', sans-serif, 'Apple Color Emoji', 'Segoe UI Emoji', 'Segoe UI Symbol', 'Noto Color Emoji'\">\u201cSe eu tenho pele escura, n\u00e3o preciso de prote\u00e7\u00e3o solar.\u201d<\/span><\/h3>\n<p><span style=\"font-weight: 400\">Embora tons de pele mais escuros contenham mais melanina, eles n\u00e3o s\u00e3o imunes aos danos causados pelo sol. Todos os tons de pele podem sofrer queimaduras e desenvolver c\u00e2ncer de pele.<\/span><\/p>\n<h3><span style=\"font-family: -apple-system, BlinkMacSystemFont, 'Segoe UI', Roboto, 'Helvetica Neue', Arial, 'Noto Sans', sans-serif, 'Apple Color Emoji', 'Segoe UI Emoji', 'Segoe UI Symbol', 'Noto Color Emoji'\">\u201cUm FPS alto me protege o dia todo.\u201d<\/span><\/h3>\n<p><span style=\"font-weight: 400\">O FPS indica o n\u00edvel de prote\u00e7\u00e3o, mas n\u00e3o a dura\u00e7\u00e3o. Todos os protetores solares devem ser reaplicados a cada duas horas, especialmente ap\u00f3s nadar ou transpirar.<\/span><\/p>\n<h3><span style=\"font-family: -apple-system, BlinkMacSystemFont, 'Segoe UI', Roboto, 'Helvetica Neue', Arial, 'Noto Sans', sans-serif, 'Apple Color Emoji', 'Segoe UI Emoji', 'Segoe UI Symbol', 'Noto Color Emoji'\">\u201cMinha maquiagem com FPS \u00e9 suficiente.\u201d<\/span><\/h3>\n<p><span style=\"font-weight: 400\">Maquiagem com FPS pode oferecer alguma prote\u00e7\u00e3o, mas geralmente n\u00e3o \u00e9 aplicada em quantidade suficiente ou para cobrir todas as \u00e1reas expostas. Recomenda-se o uso de um protetor solar espec\u00edfico por baixo da maquiagem.<\/span><\/p>\n<h3><span style=\"font-family: -apple-system, BlinkMacSystemFont, 'Segoe UI', Roboto, 'Helvetica Neue', Arial, 'Noto Sans', sans-serif, 'Apple Color Emoji', 'Segoe UI Emoji', 'Segoe UI Symbol', 'Noto Color Emoji'\">\u201cProtetores solares n\u00e3o expiram.\u201d<\/span><\/h3>\n<p><span style=\"font-weight: 400\">Como qualquer produto cosm\u00e9tico, <a href=\"https:\/\/agradocosmetic.com\/pt\/categoria-de-producto\/proteccion-solar\/\" target=\"_blank\" rel=\"noopener\">Protetores solares<\/a> Eles t\u00eam prazo de validade. Usar um produto vencido pode resultar em prote\u00e7\u00e3o ineficaz. Sempre verifique a data antes de aplicar.<\/span><\/p>\n<p><span style=\"font-weight: 400\">Agora que voc\u00ea conhece alguns dos mitos mais comuns sobre protetor solar, \u00e9 hora de coloc\u00e1-los em pr\u00e1tica! Na Agrado Cosmetic, oferecemos uma <a href=\"https:\/\/agradocosmetic.com\/pt\/categoria-de-producto\/proteccion-solar\/\" target=\"_blank\" rel=\"noopener\">gama de protetores solares<\/a> Feito sob medida para cada tipo e necessidade de pele, com f\u00f3rmulas leves, eficazes e ecologicamente corretas. Proteja sua pele com informa\u00e7\u00f5es precisas e produtos de qualidade!<\/span><\/p>","protected":false},"excerpt":{"rendered":"<p>El sol es fuente de vida, energ\u00eda\u2026 y tambi\u00e9n de muchos mitos. A medida que se acerca el buen tiempo, es com\u00fan escuchar ideas equivocadas sobre los protectores solares que pueden poner en riesgo la salud de nuestra piel. Hoy desmontamos cinco de los mitos sobre protectores solares m\u00e1s frecuentes para que disfrutes del sol [&hellip;]<\/p>\n","protected":false},"author":11,"featured_media":30470,"comment_status":"open","ping_status":"closed","sticky":false,"template":"","format":"standard","meta":{"footnotes":"","_wp_rev_ctl_limit":""},"categories":[531],"tags":[873,874,740,126,274,375,444,317,230],"class_list":["post-30492","post","type-post","status-publish","format-standard","has-post-thumbnail","hentry","category-solar-en","tag-mitos","tag-mitos-proteccion-solar","tag-agrado-sun-care","tag-agrado","tag-agrado-cosmetic","tag-cuidado-corporal","tag-cuidado-facial","tag-proteccion-solar","tag-spf"],"yoast_head":"<!-- This site is optimized with the Yoast SEO plugin v27.4 - https:\/\/yoast.com\/product\/yoast-seo-wordpress\/ -->\n<title>5 mitos sobre los protectores solares - Agrado<\/title>\n<meta name=\"description\" content=\"El sol es fuente de vida\u2026 y tambi\u00e9n de muchos mitos. Desmontamos 5 de los m\u00e1s frecuentes para que disfrutes del sol con seguridad y confianza.\" \/>\n<meta name=\"robots\" content=\"index, follow, max-snippet:-1, max-image-preview:large, max-video-preview:-1\" \/>\n<link rel=\"canonical\" href=\"https:\/\/agradocosmetic.com\/pt\/5-mitos-sobre-los-protectores-solares\/\" \/>\n<meta property=\"og:locale\" content=\"pt_PT\" \/>\n<meta property=\"og:type\" content=\"article\" \/>\n<meta property=\"og:title\" content=\"5 mitos sobre los protectores solares - Agrado\" \/>\n<meta property=\"og:description\" content=\"El sol es fuente de vida\u2026 y tambi\u00e9n de muchos mitos. Desmontamos 5 de los m\u00e1s frecuentes para que disfrutes del sol con seguridad y confianza.\" \/>\n<meta property=\"og:url\" content=\"https:\/\/agradocosmetic.com\/pt\/5-mitos-sobre-los-protectores-solares\/\" \/>\n<meta property=\"og:site_name\" content=\"Agrado\" \/>\n<meta property=\"article:published_time\" content=\"2025-04-30T12:15:33+00:00\" \/>\n<meta property=\"article:modified_time\" content=\"2025-06-09T11:16:57+00:00\" \/>\n<meta property=\"og:image\" content=\"https:\/\/agradocosmetic.com\/wp-content\/uploads\/2025\/06\/ABRIL-2.jpg\" \/>\n\t<meta property=\"og:image:width\" content=\"1140\" \/>\n\t<meta property=\"og:image:height\" content=\"600\" \/>\n\t<meta property=\"og:image:type\" content=\"image\/jpeg\" \/>\n<meta name=\"author\" content=\"carmen\" \/>\n<meta name=\"twitter:card\" content=\"summary_large_image\" \/>\n<meta name=\"twitter:label1\" content=\"Escrito por\" \/>\n\t<meta name=\"twitter:data1\" content=\"carmen\" \/>\n\t<meta name=\"twitter:label2\" content=\"Tempo estimado de leitura\" \/>\n\t<meta name=\"twitter:data2\" content=\"2 minutos\" \/>\n<script type=\"application\/ld+json\" class=\"yoast-schema-graph\">{\"@context\":\"https:\\\/\\\/schema.org\",\"@graph\":[{\"@type\":\"Article\",\"@id\":\"https:\\\/\\\/agradocosmetic.com\\\/5-mitos-sobre-los-protectores-solares\\\/#article\",\"isPartOf\":{\"@id\":\"https:\\\/\\\/agradocosmetic.com\\\/5-mitos-sobre-los-protectores-solares\\\/\"},\"author\":{\"name\":\"carmen\",\"@id\":\"https:\\\/\\\/agradocosmetic.com\\\/#\\\/schema\\\/person\\\/59124921013b50f80959d84fc7219096\"},\"headline\":\"5 mitos sobre los protectores solares\",\"datePublished\":\"2025-04-30T12:15:33+00:00\",\"dateModified\":\"2025-06-09T11:16:57+00:00\",\"mainEntityOfPage\":{\"@id\":\"https:\\\/\\\/agradocosmetic.com\\\/5-mitos-sobre-los-protectores-solares\\\/\"},\"wordCount\":330,\"commentCount\":0,\"publisher\":{\"@id\":\"https:\\\/\\\/agradocosmetic.com\\\/#organization\"},\"image\":{\"@id\":\"https:\\\/\\\/agradocosmetic.com\\\/5-mitos-sobre-los-protectores-solares\\\/#primaryimage\"},\"thumbnailUrl\":\"https:\\\/\\\/agradocosmetic.com\\\/wp-content\\\/uploads\\\/2025\\\/06\\\/ABRIL-2.jpg\",\"keywords\":[\"mitos\",\"mitos protecci\u00f3n solar\",\"agrado sun care\",\"agrado\",\"agrado cosmetic\",\"cuidado corporal\",\"cuidado facial\",\"proteccion solar\",\"spf\"],\"articleSection\":[\"Solar\"],\"inLanguage\":\"pt-PT\",\"potentialAction\":[{\"@type\":\"CommentAction\",\"name\":\"Comment\",\"target\":[\"https:\\\/\\\/agradocosmetic.com\\\/5-mitos-sobre-los-protectores-solares\\\/#respond\"]}]},{\"@type\":\"WebPage\",\"@id\":\"https:\\\/\\\/agradocosmetic.com\\\/5-mitos-sobre-los-protectores-solares\\\/\",\"url\":\"https:\\\/\\\/agradocosmetic.com\\\/5-mitos-sobre-los-protectores-solares\\\/\",\"name\":\"5 mitos sobre los protectores solares - Agrado\",\"isPartOf\":{\"@id\":\"https:\\\/\\\/agradocosmetic.com\\\/#website\"},\"primaryImageOfPage\":{\"@id\":\"https:\\\/\\\/agradocosmetic.com\\\/5-mitos-sobre-los-protectores-solares\\\/#primaryimage\"},\"image\":{\"@id\":\"https:\\\/\\\/agradocosmetic.com\\\/5-mitos-sobre-los-protectores-solares\\\/#primaryimage\"},\"thumbnailUrl\":\"https:\\\/\\\/agradocosmetic.com\\\/wp-content\\\/uploads\\\/2025\\\/06\\\/ABRIL-2.jpg\",\"datePublished\":\"2025-04-30T12:15:33+00:00\",\"dateModified\":\"2025-06-09T11:16:57+00:00\",\"description\":\"El sol es fuente de vida\u2026 y tambi\u00e9n de muchos mitos. Desmontamos 5 de los m\u00e1s frecuentes para que disfrutes del sol con seguridad y confianza.\",\"breadcrumb\":{\"@id\":\"https:\\\/\\\/agradocosmetic.com\\\/5-mitos-sobre-los-protectores-solares\\\/#breadcrumb\"},\"inLanguage\":\"pt-PT\",\"potentialAction\":[{\"@type\":\"ReadAction\",\"target\":[\"https:\\\/\\\/agradocosmetic.com\\\/5-mitos-sobre-los-protectores-solares\\\/\"]}]},{\"@type\":\"ImageObject\",\"inLanguage\":\"pt-PT\",\"@id\":\"https:\\\/\\\/agradocosmetic.com\\\/5-mitos-sobre-los-protectores-solares\\\/#primaryimage\",\"url\":\"https:\\\/\\\/agradocosmetic.com\\\/wp-content\\\/uploads\\\/2025\\\/06\\\/ABRIL-2.jpg\",\"contentUrl\":\"https:\\\/\\\/agradocosmetic.com\\\/wp-content\\\/uploads\\\/2025\\\/06\\\/ABRIL-2.jpg\",\"width\":1140,\"height\":600,\"caption\":\"mitos sobre los protectores solares\"},{\"@type\":\"BreadcrumbList\",\"@id\":\"https:\\\/\\\/agradocosmetic.com\\\/5-mitos-sobre-los-protectores-solares\\\/#breadcrumb\",\"itemListElement\":[{\"@type\":\"ListItem\",\"position\":1,\"name\":\"Portada\",\"item\":\"https:\\\/\\\/agradocosmetic.com\\\/\"},{\"@type\":\"ListItem\",\"position\":2,\"name\":\"5 mitos sobre los protectores solares\"}]},{\"@type\":\"WebSite\",\"@id\":\"https:\\\/\\\/agradocosmetic.com\\\/#website\",\"url\":\"https:\\\/\\\/agradocosmetic.com\\\/\",\"name\":\"Agrado\",\"description\":\"Cosmetic\",\"publisher\":{\"@id\":\"https:\\\/\\\/agradocosmetic.com\\\/#organization\"},\"potentialAction\":[{\"@type\":\"SearchAction\",\"target\":{\"@type\":\"EntryPoint\",\"urlTemplate\":\"https:\\\/\\\/agradocosmetic.com\\\/?s={search_term_string}\"},\"query-input\":{\"@type\":\"PropertyValueSpecification\",\"valueRequired\":true,\"valueName\":\"search_term_string\"}}],\"inLanguage\":\"pt-PT\"},{\"@type\":\"Organization\",\"@id\":\"https:\\\/\\\/agradocosmetic.com\\\/#organization\",\"name\":\"Agrado\",\"url\":\"https:\\\/\\\/agradocosmetic.com\\\/\",\"logo\":{\"@type\":\"ImageObject\",\"inLanguage\":\"pt-PT\",\"@id\":\"https:\\\/\\\/agradocosmetic.com\\\/#\\\/schema\\\/logo\\\/image\\\/\",\"url\":\"https:\\\/\\\/agradocosmetic.com\\\/wp-content\\\/uploads\\\/2023\\\/07\\\/LOGO-AGRADO-WEB-01.png\",\"contentUrl\":\"https:\\\/\\\/agradocosmetic.com\\\/wp-content\\\/uploads\\\/2023\\\/07\\\/LOGO-AGRADO-WEB-01.png\",\"width\":1632,\"height\":300,\"caption\":\"Agrado\"},\"image\":{\"@id\":\"https:\\\/\\\/agradocosmetic.com\\\/#\\\/schema\\\/logo\\\/image\\\/\"}},{\"@type\":\"Person\",\"@id\":\"https:\\\/\\\/agradocosmetic.com\\\/#\\\/schema\\\/person\\\/59124921013b50f80959d84fc7219096\",\"name\":\"carmen\",\"image\":{\"@type\":\"ImageObject\",\"inLanguage\":\"pt-PT\",\"@id\":\"https:\\\/\\\/secure.gravatar.com\\\/avatar\\\/2036bf58c019bb0a3f94937a2ed7cab76ae6ebe239f705f7c62ea5c48f93531f?s=96&d=mm&r=g\",\"url\":\"https:\\\/\\\/secure.gravatar.com\\\/avatar\\\/2036bf58c019bb0a3f94937a2ed7cab76ae6ebe239f705f7c62ea5c48f93531f?s=96&d=mm&r=g\",\"contentUrl\":\"https:\\\/\\\/secure.gravatar.com\\\/avatar\\\/2036bf58c019bb0a3f94937a2ed7cab76ae6ebe239f705f7c62ea5c48f93531f?s=96&d=mm&r=g\",\"caption\":\"carmen\"}}]}<\/script>\n<!-- \/ Yoast SEO plugin. -->","yoast_head_json":{"title":"5 mitos sobre protetores solares - Agrado","description":"O sol \u00e9 a fonte da vida... e tamb\u00e9m de muitos mitos. Desmistificamos cinco dos mais comuns para que voc\u00ea possa aproveitar o sol com seguran\u00e7a e confian\u00e7a.","robots":{"index":"index","follow":"follow","max-snippet":"max-snippet:-1","max-image-preview":"max-image-preview:large","max-video-preview":"max-video-preview:-1"},"canonical":"https:\/\/agradocosmetic.com\/pt\/5-mitos-sobre-los-protectores-solares\/","og_locale":"pt_PT","og_type":"article","og_title":"5 mitos sobre los protectores solares - Agrado","og_description":"El sol es fuente de vida\u2026 y tambi\u00e9n de muchos mitos. Desmontamos 5 de los m\u00e1s frecuentes para que disfrutes del sol con seguridad y confianza.","og_url":"https:\/\/agradocosmetic.com\/pt\/5-mitos-sobre-los-protectores-solares\/","og_site_name":"Agrado","article_published_time":"2025-04-30T12:15:33+00:00","article_modified_time":"2025-06-09T11:16:57+00:00","og_image":[{"width":1140,"height":600,"url":"https:\/\/agradocosmetic.com\/wp-content\/uploads\/2025\/06\/ABRIL-2.jpg","type":"image\/jpeg"}],"author":"carmen","twitter_card":"summary_large_image","twitter_misc":{"Escrito por":"carmen","Tempo estimado de leitura":"2 minutos"},"schema":{"@context":"https:\/\/schema.org","@graph":[{"@type":"Article","@id":"https:\/\/agradocosmetic.com\/5-mitos-sobre-los-protectores-solares\/#article","isPartOf":{"@id":"https:\/\/agradocosmetic.com\/5-mitos-sobre-los-protectores-solares\/"},"author":{"name":"carmen","@id":"https:\/\/agradocosmetic.com\/#\/schema\/person\/59124921013b50f80959d84fc7219096"},"headline":"5 mitos sobre los protectores solares","datePublished":"2025-04-30T12:15:33+00:00","dateModified":"2025-06-09T11:16:57+00:00","mainEntityOfPage":{"@id":"https:\/\/agradocosmetic.com\/5-mitos-sobre-los-protectores-solares\/"},"wordCount":330,"commentCount":0,"publisher":{"@id":"https:\/\/agradocosmetic.com\/#organization"},"image":{"@id":"https:\/\/agradocosmetic.com\/5-mitos-sobre-los-protectores-solares\/#primaryimage"},"thumbnailUrl":"https:\/\/agradocosmetic.com\/wp-content\/uploads\/2025\/06\/ABRIL-2.jpg","keywords":["mitos","mitos protecci\u00f3n solar","agrado sun care","agrado","agrado cosmetic","cuidado corporal","cuidado facial","proteccion solar","spf"],"articleSection":["Solar"],"inLanguage":"pt-PT","potentialAction":[{"@type":"CommentAction","name":"Comment","target":["https:\/\/agradocosmetic.com\/5-mitos-sobre-los-protectores-solares\/#respond"]}]},{"@type":"WebPage","@id":"https:\/\/agradocosmetic.com\/5-mitos-sobre-los-protectores-solares\/","url":"https:\/\/agradocosmetic.com\/5-mitos-sobre-los-protectores-solares\/","name":"5 mitos sobre protetores solares - Agrado","isPartOf":{"@id":"https:\/\/agradocosmetic.com\/#website"},"primaryImageOfPage":{"@id":"https:\/\/agradocosmetic.com\/5-mitos-sobre-los-protectores-solares\/#primaryimage"},"image":{"@id":"https:\/\/agradocosmetic.com\/5-mitos-sobre-los-protectores-solares\/#primaryimage"},"thumbnailUrl":"https:\/\/agradocosmetic.com\/wp-content\/uploads\/2025\/06\/ABRIL-2.jpg","datePublished":"2025-04-30T12:15:33+00:00","dateModified":"2025-06-09T11:16:57+00:00","description":"O sol \u00e9 a fonte da vida... e tamb\u00e9m de muitos mitos. Desmistificamos cinco dos mais comuns para que voc\u00ea possa aproveitar o sol com seguran\u00e7a e confian\u00e7a.","breadcrumb":{"@id":"https:\/\/agradocosmetic.com\/5-mitos-sobre-los-protectores-solares\/#breadcrumb"},"inLanguage":"pt-PT","potentialAction":[{"@type":"ReadAction","target":["https:\/\/agradocosmetic.com\/5-mitos-sobre-los-protectores-solares\/"]}]},{"@type":"ImageObject","inLanguage":"pt-PT","@id":"https:\/\/agradocosmetic.com\/5-mitos-sobre-los-protectores-solares\/#primaryimage","url":"https:\/\/agradocosmetic.com\/wp-content\/uploads\/2025\/06\/ABRIL-2.jpg","contentUrl":"https:\/\/agradocosmetic.com\/wp-content\/uploads\/2025\/06\/ABRIL-2.jpg","width":1140,"height":600,"caption":"mitos sobre los protectores solares"},{"@type":"BreadcrumbList","@id":"https:\/\/agradocosmetic.com\/5-mitos-sobre-los-protectores-solares\/#breadcrumb","itemListElement":[{"@type":"ListItem","position":1,"name":"Portada","item":"https:\/\/agradocosmetic.com\/"},{"@type":"ListItem","position":2,"name":"5 mitos sobre los protectores solares"}]},{"@type":"WebSite","@id":"https:\/\/agradocosmetic.com\/#website","url":"https:\/\/agradocosmetic.com\/","name":"Gosto","description":"Cosm\u00e9tico","publisher":{"@id":"https:\/\/agradocosmetic.com\/#organization"},"potentialAction":[{"@type":"SearchAction","target":{"@type":"EntryPoint","urlTemplate":"https:\/\/agradocosmetic.com\/?s={search_term_string}"},"query-input":{"@type":"PropertyValueSpecification","valueRequired":true,"valueName":"search_term_string"}}],"inLanguage":"pt-PT"},{"@type":"Organization","@id":"https:\/\/agradocosmetic.com\/#organization","name":"Gosto","url":"https:\/\/agradocosmetic.com\/","logo":{"@type":"ImageObject","inLanguage":"pt-PT","@id":"https:\/\/agradocosmetic.com\/#\/schema\/logo\/image\/","url":"https:\/\/agradocosmetic.com\/wp-content\/uploads\/2023\/07\/LOGO-AGRADO-WEB-01.png","contentUrl":"https:\/\/agradocosmetic.com\/wp-content\/uploads\/2023\/07\/LOGO-AGRADO-WEB-01.png","width":1632,"height":300,"caption":"Agrado"},"image":{"@id":"https:\/\/agradocosmetic.com\/#\/schema\/logo\/image\/"}},{"@type":"Person","@id":"https:\/\/agradocosmetic.com\/#\/schema\/person\/59124921013b50f80959d84fc7219096","name":"Carmem","image":{"@type":"ImageObject","inLanguage":"pt-PT","@id":"https:\/\/secure.gravatar.com\/avatar\/2036bf58c019bb0a3f94937a2ed7cab76ae6ebe239f705f7c62ea5c48f93531f?s=96&d=mm&r=g","url":"https:\/\/secure.gravatar.com\/avatar\/2036bf58c019bb0a3f94937a2ed7cab76ae6ebe239f705f7c62ea5c48f93531f?s=96&d=mm&r=g","contentUrl":"https:\/\/secure.gravatar.com\/avatar\/2036bf58c019bb0a3f94937a2ed7cab76ae6ebe239f705f7c62ea5c48f93531f?s=96&d=mm&r=g","caption":"carmen"}}]}},"_links":{"self":[{"href":"https:\/\/agradocosmetic.com\/pt\/wp-json\/wp\/v2\/posts\/30492","targetHints":{"allow":["GET"]}}],"collection":[{"href":"https:\/\/agradocosmetic.com\/pt\/wp-json\/wp\/v2\/posts"}],"about":[{"href":"https:\/\/agradocosmetic.com\/pt\/wp-json\/wp\/v2\/types\/post"}],"author":[{"embeddable":true,"href":"https:\/\/agradocosmetic.com\/pt\/wp-json\/wp\/v2\/users\/11"}],"replies":[{"embeddable":true,"href":"https:\/\/agradocosmetic.com\/pt\/wp-json\/wp\/v2\/comments?post=30492"}],"version-history":[{"count":1,"href":"https:\/\/agradocosmetic.com\/pt\/wp-json\/wp\/v2\/posts\/30492\/revisions"}],"predecessor-version":[{"id":30493,"href":"https:\/\/agradocosmetic.com\/pt\/wp-json\/wp\/v2\/posts\/30492\/revisions\/30493"}],"wp:featuredmedia":[{"embeddable":true,"href":"https:\/\/agradocosmetic.com\/pt\/wp-json\/wp\/v2\/media\/30470"}],"wp:attachment":[{"href":"https:\/\/agradocosmetic.com\/pt\/wp-json\/wp\/v2\/media?parent=30492"}],"wp:term":[{"taxonomy":"category","embeddable":true,"href":"https:\/\/agradocosmetic.com\/pt\/wp-json\/wp\/v2\/categories?post=30492"},{"taxonomy":"post_tag","embeddable":true,"href":"https:\/\/agradocosmetic.com\/pt\/wp-json\/wp\/v2\/tags?post=30492"}],"curies":[{"name":"wp","href":"https:\/\/api.w.org\/{rel}","templated":true}]}}