{"id":30494,"date":"2025-05-07T09:24:06","date_gmt":"2025-05-07T08:24:06","guid":{"rendered":"https:\/\/agradocosmetic.com\/?p=30494"},"modified":"2025-06-09T12:24:27","modified_gmt":"2025-06-09T11:24:27","slug":"dime-como-eres-y-te-dire-cual-es-tu-protector-solar","status":"publish","type":"post","link":"https:\/\/agradocosmetic.com\/pt\/dime-como-eres-y-te-dire-cual-es-tu-protector-solar\/","title":{"rendered":"Diga-me como voc\u00ea \u00e9 e eu lhe direi qual \u00e9 o seu protetor solar."},"content":{"rendered":"<p><span style=\"font-weight: 400\">O sol nos convida a aproveitar atividades ao ar livre, mas cada tipo de pele e estilo de vida exigem cuidados espec\u00edficos. Na Agrado, entendemos que n\u00e3o existe um protetor solar que sirva para todos. Por isso, desenvolvemos uma linha sob medida para voc\u00ea. Descubra qual protetor solar \u00e9 o melhor para voc\u00ea:<\/span><\/p>\n<h3><span style=\"font-family: -apple-system, BlinkMacSystemFont, 'Segoe UI', Roboto, 'Helvetica Neue', Arial, 'Noto Sans', sans-serif, 'Apple Color Emoji', 'Segoe UI Emoji', 'Segoe UI Symbol', 'Noto Color Emoji'\">Para atletas incans\u00e1veis<\/span><\/h3>\n<p><span style=\"font-weight: 400\">Se sua rotina inclui corrida, ciclismo ou qualquer atividade ao ar livre, voc\u00ea precisa de prote\u00e7\u00e3o que acompanhe seu ritmo. Nossa <a href=\"https:\/\/agradocosmetic.com\/pt\/producto\/bruma-solar-sport-spf50\/\" target=\"_blank\" rel=\"noopener\">Brume Solar Sport SPF50+<\/a> \u00c9 ideal: r\u00e1pido de aplicar, resistente \u00e0 \u00e1gua e ao suor e com textura leve e sem res\u00edduos. Perfeito para se proteger sem interromper o treino.<\/span><\/p>\n<h3><span style=\"font-family: -apple-system, BlinkMacSystemFont, 'Segoe UI', Roboto, 'Helvetica Neue', Arial, 'Noto Sans', sans-serif, 'Apple Color Emoji', 'Segoe UI Emoji', 'Segoe UI Symbol', 'Noto Color Emoji'\">Para as peles mais sens\u00edveis<\/span><\/h3>\n<p><span style=\"font-weight: 400\">Sua pele reage facilmente ao sol ou a certos produtos? <a href=\"https:\/\/agradocosmetic.com\/pt\/producto\/crema-solar-sensitive-spf50\/\" target=\"_blank\" rel=\"noopener\">Creme Solar Sens\u00edvel FPS50+<\/a> Sua f\u00f3rmula \u00e9 sem perfume ou \u00e1lcool, com vitamina E para acalmar e proteger. Sua textura suave e de r\u00e1pida absor\u00e7\u00e3o o torna perfeito para peles delicadas, proporcionando uma barreira eficaz contra os raios UVA e UVB.<\/span><\/p>\n<h3><span style=\"font-family: -apple-system, BlinkMacSystemFont, 'Segoe UI', Roboto, 'Helvetica Neue', Arial, 'Noto Sans', sans-serif, 'Apple Color Emoji', 'Segoe UI Emoji', 'Segoe UI Symbol', 'Noto Color Emoji'\">Para os amantes de praia e piscina<\/span><\/h3>\n<p><span style=\"font-weight: 400\">Se o seu plano ideal inclui sol e \u00e1gua, voc\u00ea precisa de prote\u00e7\u00e3o duradoura. Nossa <a href=\"https:\/\/agradocosmetic.com\/pt\/producto\/bruma-seca-solar-spf-50-aerosol\/\" target=\"_blank\" rel=\"noopener\">N\u00e9voa Seca Solar FPS50<\/a> \u00c9 resistente \u00e0 \u00e1gua e oferece cobertura uniforme. Seu formato em spray facilita a aplica\u00e7\u00e3o, mesmo em \u00e1reas de dif\u00edcil acesso.<\/span><\/p>\n<h3><span style=\"font-family: -apple-system, BlinkMacSystemFont, 'Segoe UI', Roboto, 'Helvetica Neue', Arial, 'Noto Sans', sans-serif, 'Apple Color Emoji', 'Segoe UI Emoji', 'Segoe UI Symbol', 'Noto Color Emoji'\">Para os mais pequenos<\/span><\/h3>\n<p><span style=\"font-weight: 400\">A pele das crian\u00e7as requer cuidados especiais. Nossa <a href=\"https:\/\/agradocosmetic.com\/pt\/producto\/locion-solar-kids-pieles-sensibles-spf50\/\" target=\"_blank\" rel=\"noopener\">Protetor Solar Infantil FPS 50<\/a> Foi desenvolvido para proteger as peles mais delicadas, com uma f\u00f3rmula suave e resistente \u00e0 \u00e1gua, para que os pequenos possam aproveitar o sol com total seguran\u00e7a.<\/span><\/p>\n<p><span style=\"font-weight: 400\">Lembre-se: escolher o protetor solar certo \u00e9 essencial para cuidar da sua pele e aproveitar o sol sem preocupa\u00e7\u00f5es. Na Agrado Sun Care, temos o produto perfeito para cada necessidade. Encontre o seu e viva o ver\u00e3o ao m\u00e1ximo!<\/span><\/p>","protected":false},"excerpt":{"rendered":"<p>El sol nos invita a disfrutar de actividades al aire libre, pero cada piel y estilo de vida requiere un cuidado espec\u00edfico. En Agrado entendemos que no hay un \u00fanico protector solar para todos. Por eso, hemos desarrollado una gama que se adapta a ti. Descubre cu\u00e1l es tu protector solar ideal: Para las deportistas [&hellip;]<\/p>\n","protected":false},"author":11,"featured_media":30477,"comment_status":"open","ping_status":"closed","sticky":false,"template":"","format":"standard","meta":{"footnotes":"","_wp_rev_ctl_limit":""},"categories":[531],"tags":[875,876,877,878,879,880,766,740,126,274,412],"class_list":["post-30494","post","type-post","status-publish","format-standard","has-post-thumbnail","hentry","category-solar-en","tag-protector-solar-idea","tag-tu-solar-ideal","tag-cual-es-para-mi","tag-deportista","tag-sport","tag-kids","tag-bruma-facial","tag-agrado-sun-care","tag-agrado","tag-agrado-cosmetic","tag-proteccion-solar-ninos"],"yoast_head":"<!-- This site is optimized with the Yoast SEO plugin v27.4 - https:\/\/yoast.com\/product\/yoast-seo-wordpress\/ -->\n<title>Dime c\u00f3mo eres y te dir\u00e9 cu\u00e1l es tu protector solar - Agrado<\/title>\n<meta name=\"description\" content=\"Sabemos que no hay un \u00fanico protector solar para todos, por eso ofrecemos una gama que se adapta a ti. \u00a1Descubre cu\u00e1l es tu aliado perfecto!\" \/>\n<meta name=\"robots\" content=\"index, follow, max-snippet:-1, max-image-preview:large, max-video-preview:-1\" \/>\n<link rel=\"canonical\" href=\"https:\/\/agradocosmetic.com\/pt\/dime-como-eres-y-te-dire-cual-es-tu-protector-solar\/\" \/>\n<meta property=\"og:locale\" content=\"pt_PT\" \/>\n<meta property=\"og:type\" content=\"article\" \/>\n<meta property=\"og:title\" content=\"Dime c\u00f3mo eres y te dir\u00e9 cu\u00e1l es tu protector solar - Agrado\" \/>\n<meta property=\"og:description\" content=\"Sabemos que no hay un \u00fanico protector solar para todos, por eso ofrecemos una gama que se adapta a ti. \u00a1Descubre cu\u00e1l es tu aliado perfecto!\" \/>\n<meta property=\"og:url\" content=\"https:\/\/agradocosmetic.com\/pt\/dime-como-eres-y-te-dire-cual-es-tu-protector-solar\/\" \/>\n<meta property=\"og:site_name\" content=\"Agrado\" \/>\n<meta property=\"article:published_time\" content=\"2025-05-07T08:24:06+00:00\" \/>\n<meta property=\"article:modified_time\" content=\"2025-06-09T11:24:27+00:00\" \/>\n<meta property=\"og:image\" content=\"https:\/\/agradocosmetic.com\/wp-content\/uploads\/2025\/06\/MAYO-1.jpg\" \/>\n\t<meta property=\"og:image:width\" content=\"1140\" \/>\n\t<meta property=\"og:image:height\" content=\"600\" \/>\n\t<meta property=\"og:image:type\" content=\"image\/jpeg\" \/>\n<meta name=\"author\" content=\"carmen\" \/>\n<meta name=\"twitter:card\" content=\"summary_large_image\" \/>\n<meta name=\"twitter:label1\" content=\"Escrito por\" \/>\n\t<meta name=\"twitter:data1\" content=\"carmen\" \/>\n\t<meta name=\"twitter:label2\" content=\"Tempo estimado de leitura\" \/>\n\t<meta name=\"twitter:data2\" content=\"2 minutos\" \/>\n<script type=\"application\/ld+json\" class=\"yoast-schema-graph\">{\"@context\":\"https:\\\/\\\/schema.org\",\"@graph\":[{\"@type\":\"Article\",\"@id\":\"https:\\\/\\\/agradocosmetic.com\\\/dime-como-eres-y-te-dire-cual-es-tu-protector-solar\\\/#article\",\"isPartOf\":{\"@id\":\"https:\\\/\\\/agradocosmetic.com\\\/dime-como-eres-y-te-dire-cual-es-tu-protector-solar\\\/\"},\"author\":{\"name\":\"carmen\",\"@id\":\"https:\\\/\\\/agradocosmetic.com\\\/#\\\/schema\\\/person\\\/59124921013b50f80959d84fc7219096\"},\"headline\":\"Dime c\u00f3mo eres y te dir\u00e9 cu\u00e1l es tu protector solar\",\"datePublished\":\"2025-05-07T08:24:06+00:00\",\"dateModified\":\"2025-06-09T11:24:27+00:00\",\"mainEntityOfPage\":{\"@id\":\"https:\\\/\\\/agradocosmetic.com\\\/dime-como-eres-y-te-dire-cual-es-tu-protector-solar\\\/\"},\"wordCount\":328,\"commentCount\":0,\"publisher\":{\"@id\":\"https:\\\/\\\/agradocosmetic.com\\\/#organization\"},\"image\":{\"@id\":\"https:\\\/\\\/agradocosmetic.com\\\/dime-como-eres-y-te-dire-cual-es-tu-protector-solar\\\/#primaryimage\"},\"thumbnailUrl\":\"https:\\\/\\\/agradocosmetic.com\\\/wp-content\\\/uploads\\\/2025\\\/06\\\/MAYO-1.jpg\",\"keywords\":[\"protector solar idea\",\"tu solar ideal\",\"cual es para mi\",\"deportista\",\"sport\",\"kids\",\"bruma facial\",\"agrado sun care\",\"agrado\",\"agrado cosmetic\",\"protecci\u00f3n solar ni\u00f1os\"],\"articleSection\":[\"Solar\"],\"inLanguage\":\"pt-PT\",\"potentialAction\":[{\"@type\":\"CommentAction\",\"name\":\"Comment\",\"target\":[\"https:\\\/\\\/agradocosmetic.com\\\/dime-como-eres-y-te-dire-cual-es-tu-protector-solar\\\/#respond\"]}]},{\"@type\":\"WebPage\",\"@id\":\"https:\\\/\\\/agradocosmetic.com\\\/dime-como-eres-y-te-dire-cual-es-tu-protector-solar\\\/\",\"url\":\"https:\\\/\\\/agradocosmetic.com\\\/dime-como-eres-y-te-dire-cual-es-tu-protector-solar\\\/\",\"name\":\"Dime c\u00f3mo eres y te dir\u00e9 cu\u00e1l es tu protector solar - Agrado\",\"isPartOf\":{\"@id\":\"https:\\\/\\\/agradocosmetic.com\\\/#website\"},\"primaryImageOfPage\":{\"@id\":\"https:\\\/\\\/agradocosmetic.com\\\/dime-como-eres-y-te-dire-cual-es-tu-protector-solar\\\/#primaryimage\"},\"image\":{\"@id\":\"https:\\\/\\\/agradocosmetic.com\\\/dime-como-eres-y-te-dire-cual-es-tu-protector-solar\\\/#primaryimage\"},\"thumbnailUrl\":\"https:\\\/\\\/agradocosmetic.com\\\/wp-content\\\/uploads\\\/2025\\\/06\\\/MAYO-1.jpg\",\"datePublished\":\"2025-05-07T08:24:06+00:00\",\"dateModified\":\"2025-06-09T11:24:27+00:00\",\"description\":\"Sabemos que no hay un \u00fanico protector solar para todos, por eso ofrecemos una gama que se adapta a ti. \u00a1Descubre cu\u00e1l es tu aliado perfecto!\",\"breadcrumb\":{\"@id\":\"https:\\\/\\\/agradocosmetic.com\\\/dime-como-eres-y-te-dire-cual-es-tu-protector-solar\\\/#breadcrumb\"},\"inLanguage\":\"pt-PT\",\"potentialAction\":[{\"@type\":\"ReadAction\",\"target\":[\"https:\\\/\\\/agradocosmetic.com\\\/dime-como-eres-y-te-dire-cual-es-tu-protector-solar\\\/\"]}]},{\"@type\":\"ImageObject\",\"inLanguage\":\"pt-PT\",\"@id\":\"https:\\\/\\\/agradocosmetic.com\\\/dime-como-eres-y-te-dire-cual-es-tu-protector-solar\\\/#primaryimage\",\"url\":\"https:\\\/\\\/agradocosmetic.com\\\/wp-content\\\/uploads\\\/2025\\\/06\\\/MAYO-1.jpg\",\"contentUrl\":\"https:\\\/\\\/agradocosmetic.com\\\/wp-content\\\/uploads\\\/2025\\\/06\\\/MAYO-1.jpg\",\"width\":1140,\"height\":600,\"caption\":\"protector solar\"},{\"@type\":\"BreadcrumbList\",\"@id\":\"https:\\\/\\\/agradocosmetic.com\\\/dime-como-eres-y-te-dire-cual-es-tu-protector-solar\\\/#breadcrumb\",\"itemListElement\":[{\"@type\":\"ListItem\",\"position\":1,\"name\":\"Portada\",\"item\":\"https:\\\/\\\/agradocosmetic.com\\\/\"},{\"@type\":\"ListItem\",\"position\":2,\"name\":\"Dime c\u00f3mo eres y te dir\u00e9 cu\u00e1l es tu protector solar\"}]},{\"@type\":\"WebSite\",\"@id\":\"https:\\\/\\\/agradocosmetic.com\\\/#website\",\"url\":\"https:\\\/\\\/agradocosmetic.com\\\/\",\"name\":\"Agrado\",\"description\":\"Cosmetic\",\"publisher\":{\"@id\":\"https:\\\/\\\/agradocosmetic.com\\\/#organization\"},\"potentialAction\":[{\"@type\":\"SearchAction\",\"target\":{\"@type\":\"EntryPoint\",\"urlTemplate\":\"https:\\\/\\\/agradocosmetic.com\\\/?s={search_term_string}\"},\"query-input\":{\"@type\":\"PropertyValueSpecification\",\"valueRequired\":true,\"valueName\":\"search_term_string\"}}],\"inLanguage\":\"pt-PT\"},{\"@type\":\"Organization\",\"@id\":\"https:\\\/\\\/agradocosmetic.com\\\/#organization\",\"name\":\"Agrado\",\"url\":\"https:\\\/\\\/agradocosmetic.com\\\/\",\"logo\":{\"@type\":\"ImageObject\",\"inLanguage\":\"pt-PT\",\"@id\":\"https:\\\/\\\/agradocosmetic.com\\\/#\\\/schema\\\/logo\\\/image\\\/\",\"url\":\"https:\\\/\\\/agradocosmetic.com\\\/wp-content\\\/uploads\\\/2023\\\/07\\\/LOGO-AGRADO-WEB-01.png\",\"contentUrl\":\"https:\\\/\\\/agradocosmetic.com\\\/wp-content\\\/uploads\\\/2023\\\/07\\\/LOGO-AGRADO-WEB-01.png\",\"width\":1632,\"height\":300,\"caption\":\"Agrado\"},\"image\":{\"@id\":\"https:\\\/\\\/agradocosmetic.com\\\/#\\\/schema\\\/logo\\\/image\\\/\"}},{\"@type\":\"Person\",\"@id\":\"https:\\\/\\\/agradocosmetic.com\\\/#\\\/schema\\\/person\\\/59124921013b50f80959d84fc7219096\",\"name\":\"carmen\",\"image\":{\"@type\":\"ImageObject\",\"inLanguage\":\"pt-PT\",\"@id\":\"https:\\\/\\\/secure.gravatar.com\\\/avatar\\\/2036bf58c019bb0a3f94937a2ed7cab76ae6ebe239f705f7c62ea5c48f93531f?s=96&d=mm&r=g\",\"url\":\"https:\\\/\\\/secure.gravatar.com\\\/avatar\\\/2036bf58c019bb0a3f94937a2ed7cab76ae6ebe239f705f7c62ea5c48f93531f?s=96&d=mm&r=g\",\"contentUrl\":\"https:\\\/\\\/secure.gravatar.com\\\/avatar\\\/2036bf58c019bb0a3f94937a2ed7cab76ae6ebe239f705f7c62ea5c48f93531f?s=96&d=mm&r=g\",\"caption\":\"carmen\"}}]}<\/script>\n<!-- \/ Yoast SEO plugin. -->","yoast_head_json":{"title":"Diga-me como voc\u00ea \u00e9 e eu lhe direi qual \u00e9 o seu protetor solar - Agrado","description":"Sabemos que n\u00e3o existe um protetor solar universal, por isso oferecemos uma linha adaptada \u00e0s suas necessidades. Encontre o seu par perfeito!","robots":{"index":"index","follow":"follow","max-snippet":"max-snippet:-1","max-image-preview":"max-image-preview:large","max-video-preview":"max-video-preview:-1"},"canonical":"https:\/\/agradocosmetic.com\/pt\/dime-como-eres-y-te-dire-cual-es-tu-protector-solar\/","og_locale":"pt_PT","og_type":"article","og_title":"Dime c\u00f3mo eres y te dir\u00e9 cu\u00e1l es tu protector solar - Agrado","og_description":"Sabemos que no hay un \u00fanico protector solar para todos, por eso ofrecemos una gama que se adapta a ti. \u00a1Descubre cu\u00e1l es tu aliado perfecto!","og_url":"https:\/\/agradocosmetic.com\/pt\/dime-como-eres-y-te-dire-cual-es-tu-protector-solar\/","og_site_name":"Agrado","article_published_time":"2025-05-07T08:24:06+00:00","article_modified_time":"2025-06-09T11:24:27+00:00","og_image":[{"width":1140,"height":600,"url":"https:\/\/agradocosmetic.com\/wp-content\/uploads\/2025\/06\/MAYO-1.jpg","type":"image\/jpeg"}],"author":"carmen","twitter_card":"summary_large_image","twitter_misc":{"Escrito por":"carmen","Tempo estimado de leitura":"2 minutos"},"schema":{"@context":"https:\/\/schema.org","@graph":[{"@type":"Article","@id":"https:\/\/agradocosmetic.com\/dime-como-eres-y-te-dire-cual-es-tu-protector-solar\/#article","isPartOf":{"@id":"https:\/\/agradocosmetic.com\/dime-como-eres-y-te-dire-cual-es-tu-protector-solar\/"},"author":{"name":"carmen","@id":"https:\/\/agradocosmetic.com\/#\/schema\/person\/59124921013b50f80959d84fc7219096"},"headline":"Dime c\u00f3mo eres y te dir\u00e9 cu\u00e1l es tu protector solar","datePublished":"2025-05-07T08:24:06+00:00","dateModified":"2025-06-09T11:24:27+00:00","mainEntityOfPage":{"@id":"https:\/\/agradocosmetic.com\/dime-como-eres-y-te-dire-cual-es-tu-protector-solar\/"},"wordCount":328,"commentCount":0,"publisher":{"@id":"https:\/\/agradocosmetic.com\/#organization"},"image":{"@id":"https:\/\/agradocosmetic.com\/dime-como-eres-y-te-dire-cual-es-tu-protector-solar\/#primaryimage"},"thumbnailUrl":"https:\/\/agradocosmetic.com\/wp-content\/uploads\/2025\/06\/MAYO-1.jpg","keywords":["protector solar idea","tu solar ideal","cual es para mi","deportista","sport","kids","bruma facial","agrado sun care","agrado","agrado cosmetic","protecci\u00f3n solar ni\u00f1os"],"articleSection":["Solar"],"inLanguage":"pt-PT","potentialAction":[{"@type":"CommentAction","name":"Comment","target":["https:\/\/agradocosmetic.com\/dime-como-eres-y-te-dire-cual-es-tu-protector-solar\/#respond"]}]},{"@type":"WebPage","@id":"https:\/\/agradocosmetic.com\/dime-como-eres-y-te-dire-cual-es-tu-protector-solar\/","url":"https:\/\/agradocosmetic.com\/dime-como-eres-y-te-dire-cual-es-tu-protector-solar\/","name":"Diga-me como voc\u00ea \u00e9 e eu lhe direi qual \u00e9 o seu protetor solar - Agrado","isPartOf":{"@id":"https:\/\/agradocosmetic.com\/#website"},"primaryImageOfPage":{"@id":"https:\/\/agradocosmetic.com\/dime-como-eres-y-te-dire-cual-es-tu-protector-solar\/#primaryimage"},"image":{"@id":"https:\/\/agradocosmetic.com\/dime-como-eres-y-te-dire-cual-es-tu-protector-solar\/#primaryimage"},"thumbnailUrl":"https:\/\/agradocosmetic.com\/wp-content\/uploads\/2025\/06\/MAYO-1.jpg","datePublished":"2025-05-07T08:24:06+00:00","dateModified":"2025-06-09T11:24:27+00:00","description":"Sabemos que n\u00e3o existe um protetor solar universal, por isso oferecemos uma linha adaptada \u00e0s suas necessidades. Encontre o seu par perfeito!","breadcrumb":{"@id":"https:\/\/agradocosmetic.com\/dime-como-eres-y-te-dire-cual-es-tu-protector-solar\/#breadcrumb"},"inLanguage":"pt-PT","potentialAction":[{"@type":"ReadAction","target":["https:\/\/agradocosmetic.com\/dime-como-eres-y-te-dire-cual-es-tu-protector-solar\/"]}]},{"@type":"ImageObject","inLanguage":"pt-PT","@id":"https:\/\/agradocosmetic.com\/dime-como-eres-y-te-dire-cual-es-tu-protector-solar\/#primaryimage","url":"https:\/\/agradocosmetic.com\/wp-content\/uploads\/2025\/06\/MAYO-1.jpg","contentUrl":"https:\/\/agradocosmetic.com\/wp-content\/uploads\/2025\/06\/MAYO-1.jpg","width":1140,"height":600,"caption":"protector solar"},{"@type":"BreadcrumbList","@id":"https:\/\/agradocosmetic.com\/dime-como-eres-y-te-dire-cual-es-tu-protector-solar\/#breadcrumb","itemListElement":[{"@type":"ListItem","position":1,"name":"Portada","item":"https:\/\/agradocosmetic.com\/"},{"@type":"ListItem","position":2,"name":"Dime c\u00f3mo eres y te dir\u00e9 cu\u00e1l es tu protector solar"}]},{"@type":"WebSite","@id":"https:\/\/agradocosmetic.com\/#website","url":"https:\/\/agradocosmetic.com\/","name":"Gosto","description":"Cosm\u00e9tico","publisher":{"@id":"https:\/\/agradocosmetic.com\/#organization"},"potentialAction":[{"@type":"SearchAction","target":{"@type":"EntryPoint","urlTemplate":"https:\/\/agradocosmetic.com\/?s={search_term_string}"},"query-input":{"@type":"PropertyValueSpecification","valueRequired":true,"valueName":"search_term_string"}}],"inLanguage":"pt-PT"},{"@type":"Organization","@id":"https:\/\/agradocosmetic.com\/#organization","name":"Gosto","url":"https:\/\/agradocosmetic.com\/","logo":{"@type":"ImageObject","inLanguage":"pt-PT","@id":"https:\/\/agradocosmetic.com\/#\/schema\/logo\/image\/","url":"https:\/\/agradocosmetic.com\/wp-content\/uploads\/2023\/07\/LOGO-AGRADO-WEB-01.png","contentUrl":"https:\/\/agradocosmetic.com\/wp-content\/uploads\/2023\/07\/LOGO-AGRADO-WEB-01.png","width":1632,"height":300,"caption":"Agrado"},"image":{"@id":"https:\/\/agradocosmetic.com\/#\/schema\/logo\/image\/"}},{"@type":"Person","@id":"https:\/\/agradocosmetic.com\/#\/schema\/person\/59124921013b50f80959d84fc7219096","name":"Carmem","image":{"@type":"ImageObject","inLanguage":"pt-PT","@id":"https:\/\/secure.gravatar.com\/avatar\/2036bf58c019bb0a3f94937a2ed7cab76ae6ebe239f705f7c62ea5c48f93531f?s=96&d=mm&r=g","url":"https:\/\/secure.gravatar.com\/avatar\/2036bf58c019bb0a3f94937a2ed7cab76ae6ebe239f705f7c62ea5c48f93531f?s=96&d=mm&r=g","contentUrl":"https:\/\/secure.gravatar.com\/avatar\/2036bf58c019bb0a3f94937a2ed7cab76ae6ebe239f705f7c62ea5c48f93531f?s=96&d=mm&r=g","caption":"carmen"}}]}},"_links":{"self":[{"href":"https:\/\/agradocosmetic.com\/pt\/wp-json\/wp\/v2\/posts\/30494","targetHints":{"allow":["GET"]}}],"collection":[{"href":"https:\/\/agradocosmetic.com\/pt\/wp-json\/wp\/v2\/posts"}],"about":[{"href":"https:\/\/agradocosmetic.com\/pt\/wp-json\/wp\/v2\/types\/post"}],"author":[{"embeddable":true,"href":"https:\/\/agradocosmetic.com\/pt\/wp-json\/wp\/v2\/users\/11"}],"replies":[{"embeddable":true,"href":"https:\/\/agradocosmetic.com\/pt\/wp-json\/wp\/v2\/comments?post=30494"}],"version-history":[{"count":1,"href":"https:\/\/agradocosmetic.com\/pt\/wp-json\/wp\/v2\/posts\/30494\/revisions"}],"predecessor-version":[{"id":30495,"href":"https:\/\/agradocosmetic.com\/pt\/wp-json\/wp\/v2\/posts\/30494\/revisions\/30495"}],"wp:featuredmedia":[{"embeddable":true,"href":"https:\/\/agradocosmetic.com\/pt\/wp-json\/wp\/v2\/media\/30477"}],"wp:attachment":[{"href":"https:\/\/agradocosmetic.com\/pt\/wp-json\/wp\/v2\/media?parent=30494"}],"wp:term":[{"taxonomy":"category","embeddable":true,"href":"https:\/\/agradocosmetic.com\/pt\/wp-json\/wp\/v2\/categories?post=30494"},{"taxonomy":"post_tag","embeddable":true,"href":"https:\/\/agradocosmetic.com\/pt\/wp-json\/wp\/v2\/tags?post=30494"}],"curies":[{"name":"wp","href":"https:\/\/api.w.org\/{rel}","templated":true}]}}