{"id":30496,"date":"2025-05-22T11:00:59","date_gmt":"2025-05-22T10:00:59","guid":{"rendered":"https:\/\/agradocosmetic.com\/?p=30496"},"modified":"2025-06-09T12:29:24","modified_gmt":"2025-06-09T11:29:24","slug":"guia-de-proteccion-solar-todo-lo-que-debes-saber","status":"publish","type":"post","link":"https:\/\/agradocosmetic.com\/pt\/guia-de-proteccion-solar-todo-lo-que-debes-saber\/","title":{"rendered":"Guia de Prote\u00e7\u00e3o Solar: Tudo o que Voc\u00ea Precisa Saber"},"content":{"rendered":"<p><span style=\"font-weight: 400\">O ver\u00e3o est\u00e1 chegando, e com ele v\u00eam os dias de praia, piscina e relaxamento ao ar livre. Mas antes de aproveitar o sol, \u00e9 essencial saber como proteger a pele adequadamente. Aqui est\u00e1 um guia pr\u00e1tico de prote\u00e7\u00e3o solar para manter sua pele saud\u00e1vel e radiante durante toda a esta\u00e7\u00e3o.<\/span><\/p>\n<h3><span style=\"font-family: -apple-system, BlinkMacSystemFont, 'Segoe UI', Roboto, 'Helvetica Neue', Arial, 'Noto Sans', sans-serif, 'Apple Color Emoji', 'Segoe UI Emoji', 'Segoe UI Symbol', 'Noto Color Emoji'\">Escolha o protetor solar certo<\/span><\/h3>\n<p><span style=\"font-weight: 400\">Nem todos eles <a href=\"https:\/\/agradocosmetic.com\/pt\/categoria-de-producto\/proteccion-solar\/\" target=\"_blank\" rel=\"noopener\">Protetores solares<\/a> S\u00e3o todos iguais. \u00c9 importante escolher um que seja adequado ao seu tipo de pele e \u00e0s suas atividades. Por exemplo, se voc\u00ea tem pele sens\u00edvel, opte por f\u00f3rmulas hipoalerg\u00eanicas e sem fragr\u00e2ncia. Para atividades ao ar livre ou esportes, procure op\u00e7\u00f5es resistentes \u00e0 \u00e1gua e ao suor.<\/span><\/p>\n<h3><span style=\"font-family: -apple-system, BlinkMacSystemFont, 'Segoe UI', Roboto, 'Helvetica Neue', Arial, 'Noto Sans', sans-serif, 'Apple Color Emoji', 'Segoe UI Emoji', 'Segoe UI Symbol', 'Noto Color Emoji'\">Aplique a quantidade correta<\/span><\/h3>\n<p><span style=\"font-weight: 400\">Para uma prote\u00e7\u00e3o eficaz, recomenda-se aplicar aproximadamente 2 mg de protetor solar por cm\u00b2 de pele. Isso equivale a cerca de duas colheres de sopa para cobrir o corpo de um adulto m\u00e9dio.<\/span><\/p>\n<h3><span style=\"font-family: -apple-system, BlinkMacSystemFont, 'Segoe UI', Roboto, 'Helvetica Neue', Arial, 'Noto Sans', sans-serif, 'Apple Color Emoji', 'Segoe UI Emoji', 'Segoe UI Symbol', 'Noto Color Emoji'\">Reaplique com frequ\u00eancia<\/span><\/h3>\n<p><span style=\"font-weight: 400\">O protetor solar n\u00e3o dura o dia todo. \u00c9 essencial reaplic\u00e1-lo a cada duas horas e ap\u00f3s nadar, transpirar ou se secar com a toalha.<\/span><\/p>\n<h3><span style=\"font-family: -apple-system, BlinkMacSystemFont, 'Segoe UI', Roboto, 'Helvetica Neue', Arial, 'Noto Sans', sans-serif, 'Apple Color Emoji', 'Segoe UI Emoji', 'Segoe UI Symbol', 'Noto Color Emoji'\">N\u00e3o se exponha em hor\u00e1rios de pico<\/span><\/h3>\n<p><span style=\"font-weight: 400\">Evite a exposi\u00e7\u00e3o ao sol entre 12h e 16h, quando os raios UV s\u00e3o mais intensos. Se precisar ficar ao ar livre durante esse per\u00edodo, procure sombra e use roupas de prote\u00e7\u00e3o, chap\u00e9us e \u00f3culos de sol.<\/span><\/p>\n<h3><span style=\"font-family: -apple-system, BlinkMacSystemFont, 'Segoe UI', Roboto, 'Helvetica Neue', Arial, 'Noto Sans', sans-serif, 'Apple Color Emoji', 'Segoe UI Emoji', 'Segoe UI Symbol', 'Noto Color Emoji'\">Proteja todas as \u00e1reas expostas<\/span><\/h3>\n<p><span style=\"font-weight: 400\">N\u00e3o se esque\u00e7a de aplicar protetor solar em \u00e1reas como orelhas, pesco\u00e7o, peito do p\u00e9 e l\u00e1bios. Essas \u00e1reas s\u00e3o propensas a queimaduras solares e muitas vezes passam despercebidas.<\/span><\/p>\n<h3><span style=\"font-family: -apple-system, BlinkMacSystemFont, 'Segoe UI', Roboto, 'Helvetica Neue', Arial, 'Noto Sans', sans-serif, 'Apple Color Emoji', 'Segoe UI Emoji', 'Segoe UI Symbol', 'Noto Color Emoji'\">Cuide da sua pele ap\u00f3s a exposi\u00e7\u00e3o solar<\/span><\/h3>\n<p><span style=\"font-weight: 400\">Ap\u00f3s a exposi\u00e7\u00e3o ao sol, \u00e9 importante hidratar e acalmar a pele. Produtos com ingredientes como aloe vera podem ajudar a reduzir a inflama\u00e7\u00e3o e restaurar a hidrata\u00e7\u00e3o.<\/span><\/p>\n<p><span style=\"font-weight: 400\">Na Agrado Sun Care temos uma ampla gama de <a href=\"https:\/\/agradocosmetic.com\/pt\/categoria-de-producto\/proteccion-solar\/\" target=\"_blank\" rel=\"noopener\">gama de produtos de prote\u00e7\u00e3o solar<\/a> Projetados para se adaptar \u00e0s suas necessidades e estilo de vida. De f\u00f3rmulas para peles sens\u00edveis a op\u00e7\u00f5es resistentes \u00e0 \u00e1gua, temos o parceiro perfeito para voc\u00ea.<\/span><\/p>\n<p><span style=\"font-weight: 400\">Neste ver\u00e3o, aproveite o sol com responsabilidade e cuide da sua pele como ela merece. Seu bem-estar \u00e9 a nossa prioridade!<\/span><\/p>","protected":false},"excerpt":{"rendered":"<p>El verano est\u00e1 a la vuelta de la esquina y con \u00e9l llegan los d\u00edas de playa, piscina y paseos al aire libre. Pero antes de disfrutar del sol, es fundamental conocer c\u00f3mo proteger nuestra piel de forma adecuada. Aqu\u00ed te presentamos una gu\u00eda de protecci\u00f3n solar pr\u00e1ctica para que tu piel se mantenga sana [&hellip;]<\/p>\n","protected":false},"author":11,"featured_media":30468,"comment_status":"open","ping_status":"closed","sticky":false,"template":"","format":"standard","meta":{"footnotes":"","_wp_rev_ctl_limit":""},"categories":[531],"tags":[881,882,883,740,126,274,317,410,321],"class_list":["post-30496","post","type-post","status-publish","format-standard","has-post-thumbnail","hentry","category-solar-en","tag-tu-si-que-sabes","tag-guia-de-proteccion-solar","tag-cuidado-de-lal-piel","tag-agrado-sun-care","tag-agrado","tag-agrado-cosmetic","tag-proteccion-solar","tag-protector-solar","tag-verano"],"yoast_head":"<!-- This site is optimized with the Yoast SEO plugin v27.4 - https:\/\/yoast.com\/product\/yoast-seo-wordpress\/ -->\n<title>Gu\u00eda de protecci\u00f3n solar: todo lo que debes saber - Agrado<\/title>\n<meta name=\"description\" content=\"Aqu\u00ed te presentamos una gu\u00eda de protecci\u00f3n solar pr\u00e1ctica para que tu piel se mantenga sana y radiante durante toda la temporada.\" \/>\n<meta name=\"robots\" content=\"index, follow, max-snippet:-1, max-image-preview:large, max-video-preview:-1\" \/>\n<link rel=\"canonical\" href=\"https:\/\/agradocosmetic.com\/pt\/guia-de-proteccion-solar-todo-lo-que-debes-saber\/\" \/>\n<meta property=\"og:locale\" content=\"pt_PT\" \/>\n<meta property=\"og:type\" content=\"article\" \/>\n<meta property=\"og:title\" content=\"Gu\u00eda de protecci\u00f3n solar: todo lo que debes saber - Agrado\" \/>\n<meta property=\"og:description\" content=\"Aqu\u00ed te presentamos una gu\u00eda de protecci\u00f3n solar pr\u00e1ctica para que tu piel se mantenga sana y radiante durante toda la temporada.\" \/>\n<meta property=\"og:url\" content=\"https:\/\/agradocosmetic.com\/pt\/guia-de-proteccion-solar-todo-lo-que-debes-saber\/\" \/>\n<meta property=\"og:site_name\" content=\"Agrado\" \/>\n<meta property=\"article:published_time\" content=\"2025-05-22T10:00:59+00:00\" \/>\n<meta property=\"article:modified_time\" content=\"2025-06-09T11:29:24+00:00\" \/>\n<meta property=\"og:image\" content=\"https:\/\/agradocosmetic.com\/wp-content\/uploads\/2025\/06\/25.jpg\" \/>\n\t<meta property=\"og:image:width\" content=\"1140\" \/>\n\t<meta property=\"og:image:height\" content=\"600\" \/>\n\t<meta property=\"og:image:type\" content=\"image\/jpeg\" \/>\n<meta name=\"author\" content=\"carmen\" \/>\n<meta name=\"twitter:card\" content=\"summary_large_image\" \/>\n<meta name=\"twitter:label1\" content=\"Escrito por\" \/>\n\t<meta name=\"twitter:data1\" content=\"carmen\" \/>\n\t<meta name=\"twitter:label2\" content=\"Tempo estimado de leitura\" \/>\n\t<meta name=\"twitter:data2\" content=\"2 minutos\" \/>\n<script type=\"application\/ld+json\" class=\"yoast-schema-graph\">{\"@context\":\"https:\\\/\\\/schema.org\",\"@graph\":[{\"@type\":\"Article\",\"@id\":\"https:\\\/\\\/agradocosmetic.com\\\/guia-de-proteccion-solar-todo-lo-que-debes-saber\\\/#article\",\"isPartOf\":{\"@id\":\"https:\\\/\\\/agradocosmetic.com\\\/guia-de-proteccion-solar-todo-lo-que-debes-saber\\\/\"},\"author\":{\"name\":\"carmen\",\"@id\":\"https:\\\/\\\/agradocosmetic.com\\\/#\\\/schema\\\/person\\\/59124921013b50f80959d84fc7219096\"},\"headline\":\"Gu\u00eda de protecci\u00f3n solar: todo lo que debes saber\",\"datePublished\":\"2025-05-22T10:00:59+00:00\",\"dateModified\":\"2025-06-09T11:29:24+00:00\",\"mainEntityOfPage\":{\"@id\":\"https:\\\/\\\/agradocosmetic.com\\\/guia-de-proteccion-solar-todo-lo-que-debes-saber\\\/\"},\"wordCount\":377,\"commentCount\":0,\"publisher\":{\"@id\":\"https:\\\/\\\/agradocosmetic.com\\\/#organization\"},\"image\":{\"@id\":\"https:\\\/\\\/agradocosmetic.com\\\/guia-de-proteccion-solar-todo-lo-que-debes-saber\\\/#primaryimage\"},\"thumbnailUrl\":\"https:\\\/\\\/agradocosmetic.com\\\/wp-content\\\/uploads\\\/2025\\\/06\\\/25.jpg\",\"keywords\":[\"tu si que sabes\",\"guia de proteccion solar\",\"cuidado de lal piel\",\"agrado sun care\",\"agrado\",\"agrado cosmetic\",\"proteccion solar\",\"protector solar\",\"verano\"],\"articleSection\":[\"Solar\"],\"inLanguage\":\"pt-PT\",\"potentialAction\":[{\"@type\":\"CommentAction\",\"name\":\"Comment\",\"target\":[\"https:\\\/\\\/agradocosmetic.com\\\/guia-de-proteccion-solar-todo-lo-que-debes-saber\\\/#respond\"]}]},{\"@type\":\"WebPage\",\"@id\":\"https:\\\/\\\/agradocosmetic.com\\\/guia-de-proteccion-solar-todo-lo-que-debes-saber\\\/\",\"url\":\"https:\\\/\\\/agradocosmetic.com\\\/guia-de-proteccion-solar-todo-lo-que-debes-saber\\\/\",\"name\":\"Gu\u00eda de protecci\u00f3n solar: todo lo que debes saber - Agrado\",\"isPartOf\":{\"@id\":\"https:\\\/\\\/agradocosmetic.com\\\/#website\"},\"primaryImageOfPage\":{\"@id\":\"https:\\\/\\\/agradocosmetic.com\\\/guia-de-proteccion-solar-todo-lo-que-debes-saber\\\/#primaryimage\"},\"image\":{\"@id\":\"https:\\\/\\\/agradocosmetic.com\\\/guia-de-proteccion-solar-todo-lo-que-debes-saber\\\/#primaryimage\"},\"thumbnailUrl\":\"https:\\\/\\\/agradocosmetic.com\\\/wp-content\\\/uploads\\\/2025\\\/06\\\/25.jpg\",\"datePublished\":\"2025-05-22T10:00:59+00:00\",\"dateModified\":\"2025-06-09T11:29:24+00:00\",\"description\":\"Aqu\u00ed te presentamos una gu\u00eda de protecci\u00f3n solar pr\u00e1ctica para que tu piel se mantenga sana y radiante durante toda la temporada.\",\"breadcrumb\":{\"@id\":\"https:\\\/\\\/agradocosmetic.com\\\/guia-de-proteccion-solar-todo-lo-que-debes-saber\\\/#breadcrumb\"},\"inLanguage\":\"pt-PT\",\"potentialAction\":[{\"@type\":\"ReadAction\",\"target\":[\"https:\\\/\\\/agradocosmetic.com\\\/guia-de-proteccion-solar-todo-lo-que-debes-saber\\\/\"]}]},{\"@type\":\"ImageObject\",\"inLanguage\":\"pt-PT\",\"@id\":\"https:\\\/\\\/agradocosmetic.com\\\/guia-de-proteccion-solar-todo-lo-que-debes-saber\\\/#primaryimage\",\"url\":\"https:\\\/\\\/agradocosmetic.com\\\/wp-content\\\/uploads\\\/2025\\\/06\\\/25.jpg\",\"contentUrl\":\"https:\\\/\\\/agradocosmetic.com\\\/wp-content\\\/uploads\\\/2025\\\/06\\\/25.jpg\",\"width\":1140,\"height\":600,\"caption\":\"gu\u00eda de protecci\u00f3n solar\"},{\"@type\":\"BreadcrumbList\",\"@id\":\"https:\\\/\\\/agradocosmetic.com\\\/guia-de-proteccion-solar-todo-lo-que-debes-saber\\\/#breadcrumb\",\"itemListElement\":[{\"@type\":\"ListItem\",\"position\":1,\"name\":\"Portada\",\"item\":\"https:\\\/\\\/agradocosmetic.com\\\/\"},{\"@type\":\"ListItem\",\"position\":2,\"name\":\"Gu\u00eda de protecci\u00f3n solar: todo lo que debes saber\"}]},{\"@type\":\"WebSite\",\"@id\":\"https:\\\/\\\/agradocosmetic.com\\\/#website\",\"url\":\"https:\\\/\\\/agradocosmetic.com\\\/\",\"name\":\"Agrado\",\"description\":\"Cosmetic\",\"publisher\":{\"@id\":\"https:\\\/\\\/agradocosmetic.com\\\/#organization\"},\"potentialAction\":[{\"@type\":\"SearchAction\",\"target\":{\"@type\":\"EntryPoint\",\"urlTemplate\":\"https:\\\/\\\/agradocosmetic.com\\\/?s={search_term_string}\"},\"query-input\":{\"@type\":\"PropertyValueSpecification\",\"valueRequired\":true,\"valueName\":\"search_term_string\"}}],\"inLanguage\":\"pt-PT\"},{\"@type\":\"Organization\",\"@id\":\"https:\\\/\\\/agradocosmetic.com\\\/#organization\",\"name\":\"Agrado\",\"url\":\"https:\\\/\\\/agradocosmetic.com\\\/\",\"logo\":{\"@type\":\"ImageObject\",\"inLanguage\":\"pt-PT\",\"@id\":\"https:\\\/\\\/agradocosmetic.com\\\/#\\\/schema\\\/logo\\\/image\\\/\",\"url\":\"https:\\\/\\\/agradocosmetic.com\\\/wp-content\\\/uploads\\\/2023\\\/07\\\/LOGO-AGRADO-WEB-01.png\",\"contentUrl\":\"https:\\\/\\\/agradocosmetic.com\\\/wp-content\\\/uploads\\\/2023\\\/07\\\/LOGO-AGRADO-WEB-01.png\",\"width\":1632,\"height\":300,\"caption\":\"Agrado\"},\"image\":{\"@id\":\"https:\\\/\\\/agradocosmetic.com\\\/#\\\/schema\\\/logo\\\/image\\\/\"}},{\"@type\":\"Person\",\"@id\":\"https:\\\/\\\/agradocosmetic.com\\\/#\\\/schema\\\/person\\\/59124921013b50f80959d84fc7219096\",\"name\":\"carmen\",\"image\":{\"@type\":\"ImageObject\",\"inLanguage\":\"pt-PT\",\"@id\":\"https:\\\/\\\/secure.gravatar.com\\\/avatar\\\/2036bf58c019bb0a3f94937a2ed7cab76ae6ebe239f705f7c62ea5c48f93531f?s=96&d=mm&r=g\",\"url\":\"https:\\\/\\\/secure.gravatar.com\\\/avatar\\\/2036bf58c019bb0a3f94937a2ed7cab76ae6ebe239f705f7c62ea5c48f93531f?s=96&d=mm&r=g\",\"contentUrl\":\"https:\\\/\\\/secure.gravatar.com\\\/avatar\\\/2036bf58c019bb0a3f94937a2ed7cab76ae6ebe239f705f7c62ea5c48f93531f?s=96&d=mm&r=g\",\"caption\":\"carmen\"}}]}<\/script>\n<!-- \/ Yoast SEO plugin. -->","yoast_head_json":{"title":"Guia de Prote\u00e7\u00e3o Solar: Tudo o que Voc\u00ea Precisa Saber - Agrado","description":"Aqui est\u00e1 um guia pr\u00e1tico de prote\u00e7\u00e3o solar para manter sua pele saud\u00e1vel e radiante durante todas as esta\u00e7\u00f5es.","robots":{"index":"index","follow":"follow","max-snippet":"max-snippet:-1","max-image-preview":"max-image-preview:large","max-video-preview":"max-video-preview:-1"},"canonical":"https:\/\/agradocosmetic.com\/pt\/guia-de-proteccion-solar-todo-lo-que-debes-saber\/","og_locale":"pt_PT","og_type":"article","og_title":"Gu\u00eda de protecci\u00f3n solar: todo lo que debes saber - Agrado","og_description":"Aqu\u00ed te presentamos una gu\u00eda de protecci\u00f3n solar pr\u00e1ctica para que tu piel se mantenga sana y radiante durante toda la temporada.","og_url":"https:\/\/agradocosmetic.com\/pt\/guia-de-proteccion-solar-todo-lo-que-debes-saber\/","og_site_name":"Agrado","article_published_time":"2025-05-22T10:00:59+00:00","article_modified_time":"2025-06-09T11:29:24+00:00","og_image":[{"width":1140,"height":600,"url":"https:\/\/agradocosmetic.com\/wp-content\/uploads\/2025\/06\/25.jpg","type":"image\/jpeg"}],"author":"carmen","twitter_card":"summary_large_image","twitter_misc":{"Escrito por":"carmen","Tempo estimado de leitura":"2 minutos"},"schema":{"@context":"https:\/\/schema.org","@graph":[{"@type":"Article","@id":"https:\/\/agradocosmetic.com\/guia-de-proteccion-solar-todo-lo-que-debes-saber\/#article","isPartOf":{"@id":"https:\/\/agradocosmetic.com\/guia-de-proteccion-solar-todo-lo-que-debes-saber\/"},"author":{"name":"carmen","@id":"https:\/\/agradocosmetic.com\/#\/schema\/person\/59124921013b50f80959d84fc7219096"},"headline":"Gu\u00eda de protecci\u00f3n solar: todo lo que debes saber","datePublished":"2025-05-22T10:00:59+00:00","dateModified":"2025-06-09T11:29:24+00:00","mainEntityOfPage":{"@id":"https:\/\/agradocosmetic.com\/guia-de-proteccion-solar-todo-lo-que-debes-saber\/"},"wordCount":377,"commentCount":0,"publisher":{"@id":"https:\/\/agradocosmetic.com\/#organization"},"image":{"@id":"https:\/\/agradocosmetic.com\/guia-de-proteccion-solar-todo-lo-que-debes-saber\/#primaryimage"},"thumbnailUrl":"https:\/\/agradocosmetic.com\/wp-content\/uploads\/2025\/06\/25.jpg","keywords":["tu si que sabes","guia de proteccion solar","cuidado de lal piel","agrado sun care","agrado","agrado cosmetic","proteccion solar","protector solar","verano"],"articleSection":["Solar"],"inLanguage":"pt-PT","potentialAction":[{"@type":"CommentAction","name":"Comment","target":["https:\/\/agradocosmetic.com\/guia-de-proteccion-solar-todo-lo-que-debes-saber\/#respond"]}]},{"@type":"WebPage","@id":"https:\/\/agradocosmetic.com\/guia-de-proteccion-solar-todo-lo-que-debes-saber\/","url":"https:\/\/agradocosmetic.com\/guia-de-proteccion-solar-todo-lo-que-debes-saber\/","name":"Guia de Prote\u00e7\u00e3o Solar: Tudo o que Voc\u00ea Precisa Saber - Agrado","isPartOf":{"@id":"https:\/\/agradocosmetic.com\/#website"},"primaryImageOfPage":{"@id":"https:\/\/agradocosmetic.com\/guia-de-proteccion-solar-todo-lo-que-debes-saber\/#primaryimage"},"image":{"@id":"https:\/\/agradocosmetic.com\/guia-de-proteccion-solar-todo-lo-que-debes-saber\/#primaryimage"},"thumbnailUrl":"https:\/\/agradocosmetic.com\/wp-content\/uploads\/2025\/06\/25.jpg","datePublished":"2025-05-22T10:00:59+00:00","dateModified":"2025-06-09T11:29:24+00:00","description":"Aqui est\u00e1 um guia pr\u00e1tico de prote\u00e7\u00e3o solar para manter sua pele saud\u00e1vel e radiante durante todas as esta\u00e7\u00f5es.","breadcrumb":{"@id":"https:\/\/agradocosmetic.com\/guia-de-proteccion-solar-todo-lo-que-debes-saber\/#breadcrumb"},"inLanguage":"pt-PT","potentialAction":[{"@type":"ReadAction","target":["https:\/\/agradocosmetic.com\/guia-de-proteccion-solar-todo-lo-que-debes-saber\/"]}]},{"@type":"ImageObject","inLanguage":"pt-PT","@id":"https:\/\/agradocosmetic.com\/guia-de-proteccion-solar-todo-lo-que-debes-saber\/#primaryimage","url":"https:\/\/agradocosmetic.com\/wp-content\/uploads\/2025\/06\/25.jpg","contentUrl":"https:\/\/agradocosmetic.com\/wp-content\/uploads\/2025\/06\/25.jpg","width":1140,"height":600,"caption":"gu\u00eda de protecci\u00f3n solar"},{"@type":"BreadcrumbList","@id":"https:\/\/agradocosmetic.com\/guia-de-proteccion-solar-todo-lo-que-debes-saber\/#breadcrumb","itemListElement":[{"@type":"ListItem","position":1,"name":"Portada","item":"https:\/\/agradocosmetic.com\/"},{"@type":"ListItem","position":2,"name":"Gu\u00eda de protecci\u00f3n solar: todo lo que debes saber"}]},{"@type":"WebSite","@id":"https:\/\/agradocosmetic.com\/#website","url":"https:\/\/agradocosmetic.com\/","name":"Gosto","description":"Cosm\u00e9tico","publisher":{"@id":"https:\/\/agradocosmetic.com\/#organization"},"potentialAction":[{"@type":"SearchAction","target":{"@type":"EntryPoint","urlTemplate":"https:\/\/agradocosmetic.com\/?s={search_term_string}"},"query-input":{"@type":"PropertyValueSpecification","valueRequired":true,"valueName":"search_term_string"}}],"inLanguage":"pt-PT"},{"@type":"Organization","@id":"https:\/\/agradocosmetic.com\/#organization","name":"Gosto","url":"https:\/\/agradocosmetic.com\/","logo":{"@type":"ImageObject","inLanguage":"pt-PT","@id":"https:\/\/agradocosmetic.com\/#\/schema\/logo\/image\/","url":"https:\/\/agradocosmetic.com\/wp-content\/uploads\/2023\/07\/LOGO-AGRADO-WEB-01.png","contentUrl":"https:\/\/agradocosmetic.com\/wp-content\/uploads\/2023\/07\/LOGO-AGRADO-WEB-01.png","width":1632,"height":300,"caption":"Agrado"},"image":{"@id":"https:\/\/agradocosmetic.com\/#\/schema\/logo\/image\/"}},{"@type":"Person","@id":"https:\/\/agradocosmetic.com\/#\/schema\/person\/59124921013b50f80959d84fc7219096","name":"Carmem","image":{"@type":"ImageObject","inLanguage":"pt-PT","@id":"https:\/\/secure.gravatar.com\/avatar\/2036bf58c019bb0a3f94937a2ed7cab76ae6ebe239f705f7c62ea5c48f93531f?s=96&d=mm&r=g","url":"https:\/\/secure.gravatar.com\/avatar\/2036bf58c019bb0a3f94937a2ed7cab76ae6ebe239f705f7c62ea5c48f93531f?s=96&d=mm&r=g","contentUrl":"https:\/\/secure.gravatar.com\/avatar\/2036bf58c019bb0a3f94937a2ed7cab76ae6ebe239f705f7c62ea5c48f93531f?s=96&d=mm&r=g","caption":"carmen"}}]}},"_links":{"self":[{"href":"https:\/\/agradocosmetic.com\/pt\/wp-json\/wp\/v2\/posts\/30496","targetHints":{"allow":["GET"]}}],"collection":[{"href":"https:\/\/agradocosmetic.com\/pt\/wp-json\/wp\/v2\/posts"}],"about":[{"href":"https:\/\/agradocosmetic.com\/pt\/wp-json\/wp\/v2\/types\/post"}],"author":[{"embeddable":true,"href":"https:\/\/agradocosmetic.com\/pt\/wp-json\/wp\/v2\/users\/11"}],"replies":[{"embeddable":true,"href":"https:\/\/agradocosmetic.com\/pt\/wp-json\/wp\/v2\/comments?post=30496"}],"version-history":[{"count":1,"href":"https:\/\/agradocosmetic.com\/pt\/wp-json\/wp\/v2\/posts\/30496\/revisions"}],"predecessor-version":[{"id":30497,"href":"https:\/\/agradocosmetic.com\/pt\/wp-json\/wp\/v2\/posts\/30496\/revisions\/30497"}],"wp:featuredmedia":[{"embeddable":true,"href":"https:\/\/agradocosmetic.com\/pt\/wp-json\/wp\/v2\/media\/30468"}],"wp:attachment":[{"href":"https:\/\/agradocosmetic.com\/pt\/wp-json\/wp\/v2\/media?parent=30496"}],"wp:term":[{"taxonomy":"category","embeddable":true,"href":"https:\/\/agradocosmetic.com\/pt\/wp-json\/wp\/v2\/categories?post=30496"},{"taxonomy":"post_tag","embeddable":true,"href":"https:\/\/agradocosmetic.com\/pt\/wp-json\/wp\/v2\/tags?post=30496"}],"curies":[{"name":"wp","href":"https:\/\/api.w.org\/{rel}","templated":true}]}}