{"id":33227,"date":"2025-07-10T09:38:11","date_gmt":"2025-07-10T08:38:11","guid":{"rendered":"https:\/\/agradocosmetic.com\/?p=33227"},"modified":"2025-09-10T09:39:28","modified_gmt":"2025-09-10T08:39:28","slug":"errores-comunes-al-aplicar-protector-solar-y-como-evitarlos","status":"publish","type":"post","link":"https:\/\/agradocosmetic.com\/pt\/errores-comunes-al-aplicar-protector-solar-y-como-evitarlos\/","title":{"rendered":"Erros comuns ao aplicar protetor solar e como evit\u00e1-los"},"content":{"rendered":"<p><span style=\"font-weight: 400\">Ele <a href=\"https:\/\/agradocosmetic.com\/pt\/categoria-de-producto\/proteccion-solar\/\" target=\"_blank\" rel=\"noopener\">protetor solar<\/a> O protetor solar \u00e9 o nosso melhor aliado para proteger a pele do sol, mas se n\u00e3o o usarmos corretamente, sua efic\u00e1cia diminui. Para que voc\u00ea possa aproveitar o sol sem preocupa\u00e7\u00f5es neste ver\u00e3o, contaremos os erros mais comuns na hora de aplicar protetor solar e como evit\u00e1-los.<\/span><\/p>\n<h3>Aplique menos do que o necess\u00e1rio<\/h3>\n<p><span style=\"font-weight: 400\">Muitas pessoas aplicam apenas um quarto ou metade da quantidade recomendada de protetor solar. Para cobrir todo o corpo, s\u00e3o necess\u00e1rios cerca de 30 ml (equivalente a um copo de shot). Certifique-se de aplicar uma camada generosa em todas as \u00e1reas expostas. <\/span><\/p>\n<h3>Esquecendo \u00e1reas-chave<\/h3>\n<p><span style=\"font-weight: 400\">\u00c1reas como orelhas, pesco\u00e7o, dorso das m\u00e3os, p\u00e9s e couro cabeludo costumam ser negligenciadas. Essas \u00e1reas tamb\u00e9m s\u00e3o expostas ao sol e precisam de prote\u00e7\u00e3o. <\/span><\/p>\n<h3>N\u00e3o reaplicar com frequ\u00eancia suficiente<\/h3>\n<p><span style=\"font-weight: 400\">Ele <a href=\"https:\/\/agradocosmetic.com\/pt\/categoria-de-producto\/proteccion-solar\/\" target=\"_blank\" rel=\"noopener\">protetor solar<\/a> Mesmo que seja resistente \u00e0 \u00e1gua, deve ser reaplicado a cada duas horas e ap\u00f3s nadar ou transpirar. Caso contr\u00e1rio, a prote\u00e7\u00e3o diminui significativamente. <\/span><\/p>\n<h3>Use produtos vencidos<\/h3>\n<p><span style=\"font-weight: 400\">Protetores solares t\u00eam prazo de validade limitado. Usar um produto vencido pode comprometer sua efic\u00e1cia. Sempre verifique a data de validade antes de aplicar. <\/span><\/p>\n<h3>Confiar apenas em maquiagem com FPS<\/h3>\n<p><span style=\"font-weight: 400\">Embora a maquiagem com FPS ofere\u00e7a alguma prote\u00e7\u00e3o, raramente \u00e9 suficiente para proteger a pele adequadamente. \u00c9 aconselh\u00e1vel aplicar protetor solar espec\u00edfico por baixo da maquiagem.\u00a0<\/span><\/p>\n<p><span style=\"font-weight: 400\">Em <a href=\"https:\/\/agradocosmetic.com\/pt\/categoria-de-producto\/proteccion-solar\/\" target=\"_blank\" rel=\"noopener\">Eu gosto de protetor solar<\/a>Temos uma ampla gama de protetores solares adaptados a cada necessidade: desde f\u00f3rmulas leves para o uso di\u00e1rio at\u00e9 op\u00e7\u00f5es resistentes \u00e0 \u00e1gua para atividades ao ar livre. Neste ver\u00e3o, proteja sua pele com consci\u00eancia e aproveite o sol com seguran\u00e7a!<\/span><\/p>","protected":false},"excerpt":{"rendered":"<p>El protector solar es nuestro mejor aliado para cuidar la piel del sol, pero si no lo usamos correctamente, su eficacia se reduce. Para que este verano disfrutes del sol sin preocupaciones, te contamos los errores m\u00e1s comunes al aplicar protector solar y c\u00f3mo evitarlos. Aplicar menos cantidad de la necesaria Muchas personas aplican solo [&hellip;]<\/p>\n","protected":false},"author":11,"featured_media":33231,"comment_status":"closed","ping_status":"closed","sticky":false,"template":"","format":"standard","meta":{"footnotes":"","_wp_rev_ctl_limit":""},"categories":[531],"tags":[904,905,751,740,126,307,225,410,229,230],"class_list":["post-33227","post","type-post","status-publish","format-standard","has-post-thumbnail","hentry","category-solar-en","tag-aplicar-protector-solar","tag-errores-comunes","tag-spf50","tag-agrado-sun-care","tag-agrado","tag-consejos","tag-proteccion","tag-protector-solar","tag-solares","tag-spf"],"yoast_head":"<!-- This site is optimized with the Yoast SEO plugin v27.4 - https:\/\/yoast.com\/product\/yoast-seo-wordpress\/ -->\n<title>Errores comunes al aplicar protector solar y c\u00f3mo evitarlos - Agrado<\/title>\n<meta name=\"description\" content=\"Para que este verano disfrutes del sol sin preocupaciones, te contamos los errores m\u00e1s comunes al aplicar protector solar y c\u00f3mo evitarlos.\" \/>\n<meta name=\"robots\" content=\"index, follow, max-snippet:-1, max-image-preview:large, max-video-preview:-1\" \/>\n<link rel=\"canonical\" href=\"https:\/\/agradocosmetic.com\/pt\/errores-comunes-al-aplicar-protector-solar-y-como-evitarlos\/\" \/>\n<meta property=\"og:locale\" content=\"pt_PT\" \/>\n<meta property=\"og:type\" content=\"article\" \/>\n<meta property=\"og:title\" content=\"Errores comunes al aplicar protector solar y c\u00f3mo evitarlos - Agrado\" \/>\n<meta property=\"og:description\" content=\"Para que este verano disfrutes del sol sin preocupaciones, te contamos los errores m\u00e1s comunes al aplicar protector solar y c\u00f3mo evitarlos.\" \/>\n<meta property=\"og:url\" content=\"https:\/\/agradocosmetic.com\/pt\/errores-comunes-al-aplicar-protector-solar-y-como-evitarlos\/\" \/>\n<meta property=\"og:site_name\" content=\"Agrado\" \/>\n<meta property=\"article:published_time\" content=\"2025-07-10T08:38:11+00:00\" \/>\n<meta property=\"article:modified_time\" content=\"2025-09-10T08:39:28+00:00\" \/>\n<meta property=\"og:image\" content=\"https:\/\/agradocosmetic.com\/wp-content\/uploads\/2025\/09\/JULIO-1.jpg\" \/>\n\t<meta property=\"og:image:width\" content=\"1140\" \/>\n\t<meta property=\"og:image:height\" content=\"600\" \/>\n\t<meta property=\"og:image:type\" content=\"image\/jpeg\" \/>\n<meta name=\"author\" content=\"carmen\" \/>\n<meta name=\"twitter:card\" content=\"summary_large_image\" \/>\n<meta name=\"twitter:label1\" content=\"Escrito por\" \/>\n\t<meta name=\"twitter:data1\" content=\"carmen\" \/>\n\t<meta name=\"twitter:label2\" content=\"Tempo estimado de leitura\" \/>\n\t<meta name=\"twitter:data2\" content=\"2 minutos\" \/>\n<script type=\"application\/ld+json\" class=\"yoast-schema-graph\">{\"@context\":\"https:\\\/\\\/schema.org\",\"@graph\":[{\"@type\":\"Article\",\"@id\":\"https:\\\/\\\/agradocosmetic.com\\\/errores-comunes-al-aplicar-protector-solar-y-como-evitarlos\\\/#article\",\"isPartOf\":{\"@id\":\"https:\\\/\\\/agradocosmetic.com\\\/errores-comunes-al-aplicar-protector-solar-y-como-evitarlos\\\/\"},\"author\":{\"name\":\"carmen\",\"@id\":\"https:\\\/\\\/agradocosmetic.com\\\/#\\\/schema\\\/person\\\/59124921013b50f80959d84fc7219096\"},\"headline\":\"Errores comunes al aplicar protector solar y c\u00f3mo evitarlos\",\"datePublished\":\"2025-07-10T08:38:11+00:00\",\"dateModified\":\"2025-09-10T08:39:28+00:00\",\"mainEntityOfPage\":{\"@id\":\"https:\\\/\\\/agradocosmetic.com\\\/errores-comunes-al-aplicar-protector-solar-y-como-evitarlos\\\/\"},\"wordCount\":283,\"publisher\":{\"@id\":\"https:\\\/\\\/agradocosmetic.com\\\/#organization\"},\"image\":{\"@id\":\"https:\\\/\\\/agradocosmetic.com\\\/errores-comunes-al-aplicar-protector-solar-y-como-evitarlos\\\/#primaryimage\"},\"thumbnailUrl\":\"https:\\\/\\\/agradocosmetic.com\\\/wp-content\\\/uploads\\\/2025\\\/09\\\/JULIO-1.jpg\",\"keywords\":[\"aplicar protector solar\",\"errores comunes\",\"spf50+\",\"agrado sun care\",\"agrado\",\"consejos\",\"proteccion\",\"protector solar\",\"solares\",\"spf\"],\"articleSection\":[\"Solar\"],\"inLanguage\":\"pt-PT\"},{\"@type\":\"WebPage\",\"@id\":\"https:\\\/\\\/agradocosmetic.com\\\/errores-comunes-al-aplicar-protector-solar-y-como-evitarlos\\\/\",\"url\":\"https:\\\/\\\/agradocosmetic.com\\\/errores-comunes-al-aplicar-protector-solar-y-como-evitarlos\\\/\",\"name\":\"Errores comunes al aplicar protector solar y c\u00f3mo evitarlos - Agrado\",\"isPartOf\":{\"@id\":\"https:\\\/\\\/agradocosmetic.com\\\/#website\"},\"primaryImageOfPage\":{\"@id\":\"https:\\\/\\\/agradocosmetic.com\\\/errores-comunes-al-aplicar-protector-solar-y-como-evitarlos\\\/#primaryimage\"},\"image\":{\"@id\":\"https:\\\/\\\/agradocosmetic.com\\\/errores-comunes-al-aplicar-protector-solar-y-como-evitarlos\\\/#primaryimage\"},\"thumbnailUrl\":\"https:\\\/\\\/agradocosmetic.com\\\/wp-content\\\/uploads\\\/2025\\\/09\\\/JULIO-1.jpg\",\"datePublished\":\"2025-07-10T08:38:11+00:00\",\"dateModified\":\"2025-09-10T08:39:28+00:00\",\"description\":\"Para que este verano disfrutes del sol sin preocupaciones, te contamos los errores m\u00e1s comunes al aplicar protector solar y c\u00f3mo evitarlos.\",\"breadcrumb\":{\"@id\":\"https:\\\/\\\/agradocosmetic.com\\\/errores-comunes-al-aplicar-protector-solar-y-como-evitarlos\\\/#breadcrumb\"},\"inLanguage\":\"pt-PT\",\"potentialAction\":[{\"@type\":\"ReadAction\",\"target\":[\"https:\\\/\\\/agradocosmetic.com\\\/errores-comunes-al-aplicar-protector-solar-y-como-evitarlos\\\/\"]}]},{\"@type\":\"ImageObject\",\"inLanguage\":\"pt-PT\",\"@id\":\"https:\\\/\\\/agradocosmetic.com\\\/errores-comunes-al-aplicar-protector-solar-y-como-evitarlos\\\/#primaryimage\",\"url\":\"https:\\\/\\\/agradocosmetic.com\\\/wp-content\\\/uploads\\\/2025\\\/09\\\/JULIO-1.jpg\",\"contentUrl\":\"https:\\\/\\\/agradocosmetic.com\\\/wp-content\\\/uploads\\\/2025\\\/09\\\/JULIO-1.jpg\",\"width\":1140,\"height\":600,\"caption\":\"aplicar protector solar\"},{\"@type\":\"BreadcrumbList\",\"@id\":\"https:\\\/\\\/agradocosmetic.com\\\/errores-comunes-al-aplicar-protector-solar-y-como-evitarlos\\\/#breadcrumb\",\"itemListElement\":[{\"@type\":\"ListItem\",\"position\":1,\"name\":\"Portada\",\"item\":\"https:\\\/\\\/agradocosmetic.com\\\/\"},{\"@type\":\"ListItem\",\"position\":2,\"name\":\"Errores comunes al aplicar protector solar y c\u00f3mo evitarlos\"}]},{\"@type\":\"WebSite\",\"@id\":\"https:\\\/\\\/agradocosmetic.com\\\/#website\",\"url\":\"https:\\\/\\\/agradocosmetic.com\\\/\",\"name\":\"Agrado\",\"description\":\"Cosmetic\",\"publisher\":{\"@id\":\"https:\\\/\\\/agradocosmetic.com\\\/#organization\"},\"potentialAction\":[{\"@type\":\"SearchAction\",\"target\":{\"@type\":\"EntryPoint\",\"urlTemplate\":\"https:\\\/\\\/agradocosmetic.com\\\/?s={search_term_string}\"},\"query-input\":{\"@type\":\"PropertyValueSpecification\",\"valueRequired\":true,\"valueName\":\"search_term_string\"}}],\"inLanguage\":\"pt-PT\"},{\"@type\":\"Organization\",\"@id\":\"https:\\\/\\\/agradocosmetic.com\\\/#organization\",\"name\":\"Agrado\",\"url\":\"https:\\\/\\\/agradocosmetic.com\\\/\",\"logo\":{\"@type\":\"ImageObject\",\"inLanguage\":\"pt-PT\",\"@id\":\"https:\\\/\\\/agradocosmetic.com\\\/#\\\/schema\\\/logo\\\/image\\\/\",\"url\":\"https:\\\/\\\/agradocosmetic.com\\\/wp-content\\\/uploads\\\/2023\\\/07\\\/LOGO-AGRADO-WEB-01.png\",\"contentUrl\":\"https:\\\/\\\/agradocosmetic.com\\\/wp-content\\\/uploads\\\/2023\\\/07\\\/LOGO-AGRADO-WEB-01.png\",\"width\":1632,\"height\":300,\"caption\":\"Agrado\"},\"image\":{\"@id\":\"https:\\\/\\\/agradocosmetic.com\\\/#\\\/schema\\\/logo\\\/image\\\/\"}},{\"@type\":\"Person\",\"@id\":\"https:\\\/\\\/agradocosmetic.com\\\/#\\\/schema\\\/person\\\/59124921013b50f80959d84fc7219096\",\"name\":\"carmen\",\"image\":{\"@type\":\"ImageObject\",\"inLanguage\":\"pt-PT\",\"@id\":\"https:\\\/\\\/secure.gravatar.com\\\/avatar\\\/2036bf58c019bb0a3f94937a2ed7cab76ae6ebe239f705f7c62ea5c48f93531f?s=96&d=mm&r=g\",\"url\":\"https:\\\/\\\/secure.gravatar.com\\\/avatar\\\/2036bf58c019bb0a3f94937a2ed7cab76ae6ebe239f705f7c62ea5c48f93531f?s=96&d=mm&r=g\",\"contentUrl\":\"https:\\\/\\\/secure.gravatar.com\\\/avatar\\\/2036bf58c019bb0a3f94937a2ed7cab76ae6ebe239f705f7c62ea5c48f93531f?s=96&d=mm&r=g\",\"caption\":\"carmen\"}}]}<\/script>\n<!-- \/ Yoast SEO plugin. -->","yoast_head_json":{"title":"Erros comuns ao aplicar protetor solar e como evit\u00e1-los - Agrado","description":"Para que voc\u00ea possa aproveitar o sol sem preocupa\u00e7\u00f5es neste ver\u00e3o, contaremos os erros mais comuns na hora de aplicar protetor solar e como evit\u00e1-los.","robots":{"index":"index","follow":"follow","max-snippet":"max-snippet:-1","max-image-preview":"max-image-preview:large","max-video-preview":"max-video-preview:-1"},"canonical":"https:\/\/agradocosmetic.com\/pt\/errores-comunes-al-aplicar-protector-solar-y-como-evitarlos\/","og_locale":"pt_PT","og_type":"article","og_title":"Errores comunes al aplicar protector solar y c\u00f3mo evitarlos - Agrado","og_description":"Para que este verano disfrutes del sol sin preocupaciones, te contamos los errores m\u00e1s comunes al aplicar protector solar y c\u00f3mo evitarlos.","og_url":"https:\/\/agradocosmetic.com\/pt\/errores-comunes-al-aplicar-protector-solar-y-como-evitarlos\/","og_site_name":"Agrado","article_published_time":"2025-07-10T08:38:11+00:00","article_modified_time":"2025-09-10T08:39:28+00:00","og_image":[{"width":1140,"height":600,"url":"https:\/\/agradocosmetic.com\/wp-content\/uploads\/2025\/09\/JULIO-1.jpg","type":"image\/jpeg"}],"author":"carmen","twitter_card":"summary_large_image","twitter_misc":{"Escrito por":"carmen","Tempo estimado de leitura":"2 minutos"},"schema":{"@context":"https:\/\/schema.org","@graph":[{"@type":"Article","@id":"https:\/\/agradocosmetic.com\/errores-comunes-al-aplicar-protector-solar-y-como-evitarlos\/#article","isPartOf":{"@id":"https:\/\/agradocosmetic.com\/errores-comunes-al-aplicar-protector-solar-y-como-evitarlos\/"},"author":{"name":"carmen","@id":"https:\/\/agradocosmetic.com\/#\/schema\/person\/59124921013b50f80959d84fc7219096"},"headline":"Errores comunes al aplicar protector solar y c\u00f3mo evitarlos","datePublished":"2025-07-10T08:38:11+00:00","dateModified":"2025-09-10T08:39:28+00:00","mainEntityOfPage":{"@id":"https:\/\/agradocosmetic.com\/errores-comunes-al-aplicar-protector-solar-y-como-evitarlos\/"},"wordCount":283,"publisher":{"@id":"https:\/\/agradocosmetic.com\/#organization"},"image":{"@id":"https:\/\/agradocosmetic.com\/errores-comunes-al-aplicar-protector-solar-y-como-evitarlos\/#primaryimage"},"thumbnailUrl":"https:\/\/agradocosmetic.com\/wp-content\/uploads\/2025\/09\/JULIO-1.jpg","keywords":["aplicar protector solar","errores comunes","spf50+","agrado sun care","agrado","consejos","proteccion","protector solar","solares","spf"],"articleSection":["Solar"],"inLanguage":"pt-PT"},{"@type":"WebPage","@id":"https:\/\/agradocosmetic.com\/errores-comunes-al-aplicar-protector-solar-y-como-evitarlos\/","url":"https:\/\/agradocosmetic.com\/errores-comunes-al-aplicar-protector-solar-y-como-evitarlos\/","name":"Erros comuns ao aplicar protetor solar e como evit\u00e1-los - Agrado","isPartOf":{"@id":"https:\/\/agradocosmetic.com\/#website"},"primaryImageOfPage":{"@id":"https:\/\/agradocosmetic.com\/errores-comunes-al-aplicar-protector-solar-y-como-evitarlos\/#primaryimage"},"image":{"@id":"https:\/\/agradocosmetic.com\/errores-comunes-al-aplicar-protector-solar-y-como-evitarlos\/#primaryimage"},"thumbnailUrl":"https:\/\/agradocosmetic.com\/wp-content\/uploads\/2025\/09\/JULIO-1.jpg","datePublished":"2025-07-10T08:38:11+00:00","dateModified":"2025-09-10T08:39:28+00:00","description":"Para que voc\u00ea possa aproveitar o sol sem preocupa\u00e7\u00f5es neste ver\u00e3o, contaremos os erros mais comuns na hora de aplicar protetor solar e como evit\u00e1-los.","breadcrumb":{"@id":"https:\/\/agradocosmetic.com\/errores-comunes-al-aplicar-protector-solar-y-como-evitarlos\/#breadcrumb"},"inLanguage":"pt-PT","potentialAction":[{"@type":"ReadAction","target":["https:\/\/agradocosmetic.com\/errores-comunes-al-aplicar-protector-solar-y-como-evitarlos\/"]}]},{"@type":"ImageObject","inLanguage":"pt-PT","@id":"https:\/\/agradocosmetic.com\/errores-comunes-al-aplicar-protector-solar-y-como-evitarlos\/#primaryimage","url":"https:\/\/agradocosmetic.com\/wp-content\/uploads\/2025\/09\/JULIO-1.jpg","contentUrl":"https:\/\/agradocosmetic.com\/wp-content\/uploads\/2025\/09\/JULIO-1.jpg","width":1140,"height":600,"caption":"aplicar protector solar"},{"@type":"BreadcrumbList","@id":"https:\/\/agradocosmetic.com\/errores-comunes-al-aplicar-protector-solar-y-como-evitarlos\/#breadcrumb","itemListElement":[{"@type":"ListItem","position":1,"name":"Portada","item":"https:\/\/agradocosmetic.com\/"},{"@type":"ListItem","position":2,"name":"Errores comunes al aplicar protector solar y c\u00f3mo evitarlos"}]},{"@type":"WebSite","@id":"https:\/\/agradocosmetic.com\/#website","url":"https:\/\/agradocosmetic.com\/","name":"Gosto","description":"Cosm\u00e9tico","publisher":{"@id":"https:\/\/agradocosmetic.com\/#organization"},"potentialAction":[{"@type":"SearchAction","target":{"@type":"EntryPoint","urlTemplate":"https:\/\/agradocosmetic.com\/?s={search_term_string}"},"query-input":{"@type":"PropertyValueSpecification","valueRequired":true,"valueName":"search_term_string"}}],"inLanguage":"pt-PT"},{"@type":"Organization","@id":"https:\/\/agradocosmetic.com\/#organization","name":"Gosto","url":"https:\/\/agradocosmetic.com\/","logo":{"@type":"ImageObject","inLanguage":"pt-PT","@id":"https:\/\/agradocosmetic.com\/#\/schema\/logo\/image\/","url":"https:\/\/agradocosmetic.com\/wp-content\/uploads\/2023\/07\/LOGO-AGRADO-WEB-01.png","contentUrl":"https:\/\/agradocosmetic.com\/wp-content\/uploads\/2023\/07\/LOGO-AGRADO-WEB-01.png","width":1632,"height":300,"caption":"Agrado"},"image":{"@id":"https:\/\/agradocosmetic.com\/#\/schema\/logo\/image\/"}},{"@type":"Person","@id":"https:\/\/agradocosmetic.com\/#\/schema\/person\/59124921013b50f80959d84fc7219096","name":"Carmem","image":{"@type":"ImageObject","inLanguage":"pt-PT","@id":"https:\/\/secure.gravatar.com\/avatar\/2036bf58c019bb0a3f94937a2ed7cab76ae6ebe239f705f7c62ea5c48f93531f?s=96&d=mm&r=g","url":"https:\/\/secure.gravatar.com\/avatar\/2036bf58c019bb0a3f94937a2ed7cab76ae6ebe239f705f7c62ea5c48f93531f?s=96&d=mm&r=g","contentUrl":"https:\/\/secure.gravatar.com\/avatar\/2036bf58c019bb0a3f94937a2ed7cab76ae6ebe239f705f7c62ea5c48f93531f?s=96&d=mm&r=g","caption":"carmen"}}]}},"_links":{"self":[{"href":"https:\/\/agradocosmetic.com\/pt\/wp-json\/wp\/v2\/posts\/33227","targetHints":{"allow":["GET"]}}],"collection":[{"href":"https:\/\/agradocosmetic.com\/pt\/wp-json\/wp\/v2\/posts"}],"about":[{"href":"https:\/\/agradocosmetic.com\/pt\/wp-json\/wp\/v2\/types\/post"}],"author":[{"embeddable":true,"href":"https:\/\/agradocosmetic.com\/pt\/wp-json\/wp\/v2\/users\/11"}],"replies":[{"embeddable":true,"href":"https:\/\/agradocosmetic.com\/pt\/wp-json\/wp\/v2\/comments?post=33227"}],"version-history":[{"count":1,"href":"https:\/\/agradocosmetic.com\/pt\/wp-json\/wp\/v2\/posts\/33227\/revisions"}],"predecessor-version":[{"id":33232,"href":"https:\/\/agradocosmetic.com\/pt\/wp-json\/wp\/v2\/posts\/33227\/revisions\/33232"}],"wp:featuredmedia":[{"embeddable":true,"href":"https:\/\/agradocosmetic.com\/pt\/wp-json\/wp\/v2\/media\/33231"}],"wp:attachment":[{"href":"https:\/\/agradocosmetic.com\/pt\/wp-json\/wp\/v2\/media?parent=33227"}],"wp:term":[{"taxonomy":"category","embeddable":true,"href":"https:\/\/agradocosmetic.com\/pt\/wp-json\/wp\/v2\/categories?post=33227"},{"taxonomy":"post_tag","embeddable":true,"href":"https:\/\/agradocosmetic.com\/pt\/wp-json\/wp\/v2\/tags?post=33227"}],"curies":[{"name":"wp","href":"https:\/\/api.w.org\/{rel}","templated":true}]}}