{"id":33238,"date":"2025-08-17T16:15:27","date_gmt":"2025-08-17T15:15:27","guid":{"rendered":"https:\/\/agradocosmetic.com\/?p=33238"},"modified":"2025-09-10T10:18:45","modified_gmt":"2025-09-10T09:18:45","slug":"after-sun-por-que-no-es-solo-un-extra","status":"publish","type":"post","link":"https:\/\/agradocosmetic.com\/pt\/after-sun-por-que-no-es-solo-un-extra\/","title":{"rendered":"Depois de Sun, por que n\u00e3o \u00e9 s\u00f3 um extra?"},"content":{"rendered":"<p data-start=\"266\" data-end=\"497\">Voc\u00ea ainda acha que o <a href=\"https:\/\/agradocosmetic.com\/pt\/categoria-de-producto\/after-sun\/\" target=\"_blank\" rel=\"noopener\">Depois do sol<\/a> \u00c9 um luxo de ver\u00e3o? Errado! Este produto, muitas vezes subestimado, \u00e9, na verdade, essencial para manter a pele saud\u00e1vel, hidratada e radiante ap\u00f3s o banho de sol.<\/p>\n<p data-start=\"499\" data-end=\"842\">Mesmo que voc\u00ea use protetor solar todos os dias, sua pele passa horas exposta ao calor, aos raios UV, ao cloro da piscina ou ao sal marinho. Tudo isso pode deix\u00e1-la tensa, desidratada ou at\u00e9 irritada. E \u00e9 a\u00ed que o protetor solar entra em a\u00e7\u00e3o. <a href=\"https:\/\/agradocosmetic.com\/pt\/categoria-de-producto\/after-sun\/\" target=\"_blank\" rel=\"noopener\">Depois do sol<\/a>: aquele gesto de cuidado que faz a diferen\u00e7a na apar\u00eancia e no toque da sua pele no final do dia.<\/p>\n<h3 data-start=\"844\" data-end=\"890\">Por que isso \u00e9 t\u00e3o importante?<\/h3>\n<ul data-start=\"891\" data-end=\"1320\">\n<li data-start=\"891\" data-end=\"1011\">\n<p data-start=\"893\" data-end=\"1011\"><strong data-start=\"896\" data-end=\"916\">Acalma e refresca<\/strong>: Gra\u00e7as a ingredientes como a aloe vera, reduz a sensa\u00e7\u00e3o de queima\u00e7\u00e3o e vermelhid\u00e3o.<\/p>\n<\/li>\n<li data-start=\"1012\" data-end=\"1107\">\n<p data-start=\"1014\" data-end=\"1107\"><strong data-start=\"1017\" data-end=\"1043\">Hidrata profundamente<\/strong>: restaura o n\u00edvel de \u00e1gua da pele e previne a descama\u00e7\u00e3o.<\/p>\n<\/li>\n<li data-start=\"1108\" data-end=\"1208\">\n<p data-start=\"1110\" data-end=\"1208\"><strong data-start=\"1112\" data-end=\"1137\">Prolongue o seu bronzeado<\/strong>: Uma pele bem hidratada mant\u00e9m o tom dourado por mais tempo.<\/p>\n<\/li>\n<li data-start=\"1209\" data-end=\"1320\">\n<p data-start=\"1211\" data-end=\"1320\"><strong data-start=\"1215\" data-end=\"1235\">Repara e protege<\/strong>: ajuda a regenerar a pele e fortalece sua barreira natural ap\u00f3s a exposi\u00e7\u00e3o solar.<\/p>\n<\/li>\n<\/ul>\n<h3 data-start=\"1322\" data-end=\"1360\">Agrado Cosmetic After Sun<\/h3>\n<p data-start=\"1361\" data-end=\"1763\">Na Agrado Cosmetic criamos diversas op\u00e7\u00f5es para que voc\u00ea encontre a sua preferida: <a href=\"https:\/\/agradocosmetic.com\/pt\/producto\/after-sun-hidragel-aloe-vera\/\" target=\"_blank\" rel=\"noopener\">Hidragel<\/a>, perfeito para frescor imediato; em <a href=\"https:\/\/agradocosmetic.com\/pt\/producto\/locion-hidrocalmante-after-sun\/\" target=\"_blank\" rel=\"noopener\">lo\u00e7\u00e3o<\/a>, leve e de r\u00e1pida absor\u00e7\u00e3o;<a href=\"https:\/\/agradocosmetic.com\/pt\/producto\/after-sun-locion-hidrocalmante-aerosol\/\"> toque seco<\/a>, ideal se voc\u00ea n\u00e3o gosta da sensa\u00e7\u00e3o do creme ao hidratar a pele; ou em uma <a href=\"https:\/\/agradocosmetic.com\/pt\/producto\/gelatina-corporal\/\" target=\"_blank\" rel=\"noopener\">geleia corporal<\/a>, uma experi\u00eancia refrescante e sensorial. Tudo com texturas agrad\u00e1veis e aromas irresist\u00edveis que transformam sua rotina p\u00f3s-sol em um momento de prazer.<\/p>\n<p data-start=\"1765\" data-end=\"2006\">Em suma, o <a href=\"https:\/\/agradocosmetic.com\/pt\/categoria-de-producto\/after-sun\/\" target=\"_blank\" rel=\"noopener\">Depois do sol<\/a> N\u00e3o \u00e9 um extra: \u00e9 o passo que sua pele precisa para se recuperar, ficar bonita e radiante durante todo o ver\u00e3o. Inclua isso no seu ritual e desfrute de uma pele macia, saud\u00e1vel e radiante todos os dias.<\/p>","protected":false},"excerpt":{"rendered":"<p>\u00bfSigues pensando que el After Sun es un capricho de verano? \u00a1Error! Este producto, a menudo infravalorado, es en realidad un paso imprescindible para que tu piel se mantenga sana, hidratada y luminosa despu\u00e9s de tomar el sol. Aunque uses protector solar a diario, tu piel pasa horas expuesta al calor, los rayos UV, el [&hellip;]<\/p>\n","protected":false},"author":11,"featured_media":33229,"comment_status":"closed","ping_status":"closed","sticky":false,"template":"","format":"standard","meta":{"footnotes":"","_wp_rev_ctl_limit":""},"categories":[116],"tags":[914,915,916,762,769,761,740,126,375,156,205,273,321],"class_list":["post-33238","post","type-post","status-publish","format-standard","has-post-thumbnail","hentry","category-solar","tag-gelatina","tag-exposicion-solar","tag-piscina","tag-vacaciones","tag-after-sun","tag-playa","tag-agrado-sun-care","tag-agrado","tag-cuidado-corporal","tag-gel","tag-hidratacion","tag-locion","tag-verano"],"yoast_head":"<!-- This site is optimized with the Yoast SEO plugin v27.4 - https:\/\/yoast.com\/product\/yoast-seo-wordpress\/ -->\n<title>After Sun, \u00bfpor qu\u00e9 no es solo un extra? - Agrado<\/title>\n<meta name=\"description\" content=\"El After Sun no es un extra: calma, hidrata y repara tu piel tras el sol. Descubre las opciones de Agrado para cuidarte este verano.\" \/>\n<meta name=\"robots\" content=\"index, follow, max-snippet:-1, max-image-preview:large, max-video-preview:-1\" \/>\n<link rel=\"canonical\" href=\"https:\/\/agradocosmetic.com\/pt\/after-sun-por-que-no-es-solo-un-extra\/\" \/>\n<meta property=\"og:locale\" content=\"pt_PT\" \/>\n<meta property=\"og:type\" content=\"article\" \/>\n<meta property=\"og:title\" content=\"After Sun, \u00bfpor qu\u00e9 no es solo un extra? - Agrado\" \/>\n<meta property=\"og:description\" content=\"El After Sun no es un extra: calma, hidrata y repara tu piel tras el sol. Descubre las opciones de Agrado para cuidarte este verano.\" \/>\n<meta property=\"og:url\" content=\"https:\/\/agradocosmetic.com\/pt\/after-sun-por-que-no-es-solo-un-extra\/\" \/>\n<meta property=\"og:site_name\" content=\"Agrado\" \/>\n<meta property=\"article:published_time\" content=\"2025-08-17T15:15:27+00:00\" \/>\n<meta property=\"article:modified_time\" content=\"2025-09-10T09:18:45+00:00\" \/>\n<meta property=\"og:image\" content=\"https:\/\/agradocosmetic.com\/wp-content\/uploads\/2025\/09\/AGOSTO-1.jpg\" \/>\n\t<meta property=\"og:image:width\" content=\"1140\" \/>\n\t<meta property=\"og:image:height\" content=\"600\" \/>\n\t<meta property=\"og:image:type\" content=\"image\/jpeg\" \/>\n<meta name=\"author\" content=\"carmen\" \/>\n<meta name=\"twitter:card\" content=\"summary_large_image\" \/>\n<meta name=\"twitter:label1\" content=\"Escrito por\" \/>\n\t<meta name=\"twitter:data1\" content=\"carmen\" \/>\n\t<meta name=\"twitter:label2\" content=\"Tempo estimado de leitura\" \/>\n\t<meta name=\"twitter:data2\" content=\"2 minutos\" \/>\n<script type=\"application\/ld+json\" class=\"yoast-schema-graph\">{\"@context\":\"https:\\\/\\\/schema.org\",\"@graph\":[{\"@type\":\"Article\",\"@id\":\"https:\\\/\\\/agradocosmetic.com\\\/after-sun-por-que-no-es-solo-un-extra\\\/#article\",\"isPartOf\":{\"@id\":\"https:\\\/\\\/agradocosmetic.com\\\/after-sun-por-que-no-es-solo-un-extra\\\/\"},\"author\":{\"name\":\"carmen\",\"@id\":\"https:\\\/\\\/agradocosmetic.com\\\/#\\\/schema\\\/person\\\/59124921013b50f80959d84fc7219096\"},\"headline\":\"After Sun, \u00bfpor qu\u00e9 no es solo un extra?\",\"datePublished\":\"2025-08-17T15:15:27+00:00\",\"dateModified\":\"2025-09-10T09:18:45+00:00\",\"mainEntityOfPage\":{\"@id\":\"https:\\\/\\\/agradocosmetic.com\\\/after-sun-por-que-no-es-solo-un-extra\\\/\"},\"wordCount\":312,\"publisher\":{\"@id\":\"https:\\\/\\\/agradocosmetic.com\\\/#organization\"},\"image\":{\"@id\":\"https:\\\/\\\/agradocosmetic.com\\\/after-sun-por-que-no-es-solo-un-extra\\\/#primaryimage\"},\"thumbnailUrl\":\"https:\\\/\\\/agradocosmetic.com\\\/wp-content\\\/uploads\\\/2025\\\/09\\\/AGOSTO-1.jpg\",\"keywords\":[\"gelatina\",\"exposicion solar\",\"piscina\",\"vacaciones\",\"after sun\",\"playa\",\"agrado sun care\",\"agrado\",\"cuidado corporal\",\"gel\",\"hidrataci\u00f3n\",\"locion\",\"verano\"],\"articleSection\":[\"Solar\"],\"inLanguage\":\"pt-PT\"},{\"@type\":\"WebPage\",\"@id\":\"https:\\\/\\\/agradocosmetic.com\\\/after-sun-por-que-no-es-solo-un-extra\\\/\",\"url\":\"https:\\\/\\\/agradocosmetic.com\\\/after-sun-por-que-no-es-solo-un-extra\\\/\",\"name\":\"After Sun, \u00bfpor qu\u00e9 no es solo un extra? - Agrado\",\"isPartOf\":{\"@id\":\"https:\\\/\\\/agradocosmetic.com\\\/#website\"},\"primaryImageOfPage\":{\"@id\":\"https:\\\/\\\/agradocosmetic.com\\\/after-sun-por-que-no-es-solo-un-extra\\\/#primaryimage\"},\"image\":{\"@id\":\"https:\\\/\\\/agradocosmetic.com\\\/after-sun-por-que-no-es-solo-un-extra\\\/#primaryimage\"},\"thumbnailUrl\":\"https:\\\/\\\/agradocosmetic.com\\\/wp-content\\\/uploads\\\/2025\\\/09\\\/AGOSTO-1.jpg\",\"datePublished\":\"2025-08-17T15:15:27+00:00\",\"dateModified\":\"2025-09-10T09:18:45+00:00\",\"description\":\"El After Sun no es un extra: calma, hidrata y repara tu piel tras el sol. Descubre las opciones de Agrado para cuidarte este verano.\",\"breadcrumb\":{\"@id\":\"https:\\\/\\\/agradocosmetic.com\\\/after-sun-por-que-no-es-solo-un-extra\\\/#breadcrumb\"},\"inLanguage\":\"pt-PT\",\"potentialAction\":[{\"@type\":\"ReadAction\",\"target\":[\"https:\\\/\\\/agradocosmetic.com\\\/after-sun-por-que-no-es-solo-un-extra\\\/\"]}]},{\"@type\":\"ImageObject\",\"inLanguage\":\"pt-PT\",\"@id\":\"https:\\\/\\\/agradocosmetic.com\\\/after-sun-por-que-no-es-solo-un-extra\\\/#primaryimage\",\"url\":\"https:\\\/\\\/agradocosmetic.com\\\/wp-content\\\/uploads\\\/2025\\\/09\\\/AGOSTO-1.jpg\",\"contentUrl\":\"https:\\\/\\\/agradocosmetic.com\\\/wp-content\\\/uploads\\\/2025\\\/09\\\/AGOSTO-1.jpg\",\"width\":1140,\"height\":600,\"caption\":\"after sun\"},{\"@type\":\"BreadcrumbList\",\"@id\":\"https:\\\/\\\/agradocosmetic.com\\\/after-sun-por-que-no-es-solo-un-extra\\\/#breadcrumb\",\"itemListElement\":[{\"@type\":\"ListItem\",\"position\":1,\"name\":\"Portada\",\"item\":\"https:\\\/\\\/agradocosmetic.com\\\/\"},{\"@type\":\"ListItem\",\"position\":2,\"name\":\"After Sun, \u00bfpor qu\u00e9 no es solo un extra?\"}]},{\"@type\":\"WebSite\",\"@id\":\"https:\\\/\\\/agradocosmetic.com\\\/#website\",\"url\":\"https:\\\/\\\/agradocosmetic.com\\\/\",\"name\":\"Agrado\",\"description\":\"Cosmetic\",\"publisher\":{\"@id\":\"https:\\\/\\\/agradocosmetic.com\\\/#organization\"},\"potentialAction\":[{\"@type\":\"SearchAction\",\"target\":{\"@type\":\"EntryPoint\",\"urlTemplate\":\"https:\\\/\\\/agradocosmetic.com\\\/?s={search_term_string}\"},\"query-input\":{\"@type\":\"PropertyValueSpecification\",\"valueRequired\":true,\"valueName\":\"search_term_string\"}}],\"inLanguage\":\"pt-PT\"},{\"@type\":\"Organization\",\"@id\":\"https:\\\/\\\/agradocosmetic.com\\\/#organization\",\"name\":\"Agrado\",\"url\":\"https:\\\/\\\/agradocosmetic.com\\\/\",\"logo\":{\"@type\":\"ImageObject\",\"inLanguage\":\"pt-PT\",\"@id\":\"https:\\\/\\\/agradocosmetic.com\\\/#\\\/schema\\\/logo\\\/image\\\/\",\"url\":\"https:\\\/\\\/agradocosmetic.com\\\/wp-content\\\/uploads\\\/2023\\\/07\\\/LOGO-AGRADO-WEB-01.png\",\"contentUrl\":\"https:\\\/\\\/agradocosmetic.com\\\/wp-content\\\/uploads\\\/2023\\\/07\\\/LOGO-AGRADO-WEB-01.png\",\"width\":1632,\"height\":300,\"caption\":\"Agrado\"},\"image\":{\"@id\":\"https:\\\/\\\/agradocosmetic.com\\\/#\\\/schema\\\/logo\\\/image\\\/\"}},{\"@type\":\"Person\",\"@id\":\"https:\\\/\\\/agradocosmetic.com\\\/#\\\/schema\\\/person\\\/59124921013b50f80959d84fc7219096\",\"name\":\"carmen\",\"image\":{\"@type\":\"ImageObject\",\"inLanguage\":\"pt-PT\",\"@id\":\"https:\\\/\\\/secure.gravatar.com\\\/avatar\\\/2036bf58c019bb0a3f94937a2ed7cab76ae6ebe239f705f7c62ea5c48f93531f?s=96&d=mm&r=g\",\"url\":\"https:\\\/\\\/secure.gravatar.com\\\/avatar\\\/2036bf58c019bb0a3f94937a2ed7cab76ae6ebe239f705f7c62ea5c48f93531f?s=96&d=mm&r=g\",\"contentUrl\":\"https:\\\/\\\/secure.gravatar.com\\\/avatar\\\/2036bf58c019bb0a3f94937a2ed7cab76ae6ebe239f705f7c62ea5c48f93531f?s=96&d=mm&r=g\",\"caption\":\"carmen\"}}]}<\/script>\n<!-- \/ Yoast SEO plugin. -->","yoast_head_json":{"title":"After Sun, por que n\u00e3o \u00e9 s\u00f3 um extra? - Prazer","description":"After sun n\u00e3o \u00e9 um produto p\u00f3s-sol: ele acalma, hidrata e repara a pele ap\u00f3s o banho de sol. Descubra as op\u00e7\u00f5es da Agrado para cuidar de si neste ver\u00e3o.","robots":{"index":"index","follow":"follow","max-snippet":"max-snippet:-1","max-image-preview":"max-image-preview:large","max-video-preview":"max-video-preview:-1"},"canonical":"https:\/\/agradocosmetic.com\/pt\/after-sun-por-que-no-es-solo-un-extra\/","og_locale":"pt_PT","og_type":"article","og_title":"After Sun, \u00bfpor qu\u00e9 no es solo un extra? - Agrado","og_description":"El After Sun no es un extra: calma, hidrata y repara tu piel tras el sol. Descubre las opciones de Agrado para cuidarte este verano.","og_url":"https:\/\/agradocosmetic.com\/pt\/after-sun-por-que-no-es-solo-un-extra\/","og_site_name":"Agrado","article_published_time":"2025-08-17T15:15:27+00:00","article_modified_time":"2025-09-10T09:18:45+00:00","og_image":[{"width":1140,"height":600,"url":"https:\/\/agradocosmetic.com\/wp-content\/uploads\/2025\/09\/AGOSTO-1.jpg","type":"image\/jpeg"}],"author":"carmen","twitter_card":"summary_large_image","twitter_misc":{"Escrito por":"carmen","Tempo estimado de leitura":"2 minutos"},"schema":{"@context":"https:\/\/schema.org","@graph":[{"@type":"Article","@id":"https:\/\/agradocosmetic.com\/after-sun-por-que-no-es-solo-un-extra\/#article","isPartOf":{"@id":"https:\/\/agradocosmetic.com\/after-sun-por-que-no-es-solo-un-extra\/"},"author":{"name":"carmen","@id":"https:\/\/agradocosmetic.com\/#\/schema\/person\/59124921013b50f80959d84fc7219096"},"headline":"After Sun, \u00bfpor qu\u00e9 no es solo un extra?","datePublished":"2025-08-17T15:15:27+00:00","dateModified":"2025-09-10T09:18:45+00:00","mainEntityOfPage":{"@id":"https:\/\/agradocosmetic.com\/after-sun-por-que-no-es-solo-un-extra\/"},"wordCount":312,"publisher":{"@id":"https:\/\/agradocosmetic.com\/#organization"},"image":{"@id":"https:\/\/agradocosmetic.com\/after-sun-por-que-no-es-solo-un-extra\/#primaryimage"},"thumbnailUrl":"https:\/\/agradocosmetic.com\/wp-content\/uploads\/2025\/09\/AGOSTO-1.jpg","keywords":["gelatina","exposicion solar","piscina","vacaciones","after sun","playa","agrado sun care","agrado","cuidado corporal","gel","hidrataci\u00f3n","locion","verano"],"articleSection":["Solar"],"inLanguage":"pt-PT"},{"@type":"WebPage","@id":"https:\/\/agradocosmetic.com\/after-sun-por-que-no-es-solo-un-extra\/","url":"https:\/\/agradocosmetic.com\/after-sun-por-que-no-es-solo-un-extra\/","name":"After Sun, por que n\u00e3o \u00e9 s\u00f3 um extra? - Prazer","isPartOf":{"@id":"https:\/\/agradocosmetic.com\/#website"},"primaryImageOfPage":{"@id":"https:\/\/agradocosmetic.com\/after-sun-por-que-no-es-solo-un-extra\/#primaryimage"},"image":{"@id":"https:\/\/agradocosmetic.com\/after-sun-por-que-no-es-solo-un-extra\/#primaryimage"},"thumbnailUrl":"https:\/\/agradocosmetic.com\/wp-content\/uploads\/2025\/09\/AGOSTO-1.jpg","datePublished":"2025-08-17T15:15:27+00:00","dateModified":"2025-09-10T09:18:45+00:00","description":"After sun n\u00e3o \u00e9 um produto p\u00f3s-sol: ele acalma, hidrata e repara a pele ap\u00f3s o banho de sol. Descubra as op\u00e7\u00f5es da Agrado para cuidar de si neste ver\u00e3o.","breadcrumb":{"@id":"https:\/\/agradocosmetic.com\/after-sun-por-que-no-es-solo-un-extra\/#breadcrumb"},"inLanguage":"pt-PT","potentialAction":[{"@type":"ReadAction","target":["https:\/\/agradocosmetic.com\/after-sun-por-que-no-es-solo-un-extra\/"]}]},{"@type":"ImageObject","inLanguage":"pt-PT","@id":"https:\/\/agradocosmetic.com\/after-sun-por-que-no-es-solo-un-extra\/#primaryimage","url":"https:\/\/agradocosmetic.com\/wp-content\/uploads\/2025\/09\/AGOSTO-1.jpg","contentUrl":"https:\/\/agradocosmetic.com\/wp-content\/uploads\/2025\/09\/AGOSTO-1.jpg","width":1140,"height":600,"caption":"after sun"},{"@type":"BreadcrumbList","@id":"https:\/\/agradocosmetic.com\/after-sun-por-que-no-es-solo-un-extra\/#breadcrumb","itemListElement":[{"@type":"ListItem","position":1,"name":"Portada","item":"https:\/\/agradocosmetic.com\/"},{"@type":"ListItem","position":2,"name":"After Sun, \u00bfpor qu\u00e9 no es solo un extra?"}]},{"@type":"WebSite","@id":"https:\/\/agradocosmetic.com\/#website","url":"https:\/\/agradocosmetic.com\/","name":"Gosto","description":"Cosm\u00e9tico","publisher":{"@id":"https:\/\/agradocosmetic.com\/#organization"},"potentialAction":[{"@type":"SearchAction","target":{"@type":"EntryPoint","urlTemplate":"https:\/\/agradocosmetic.com\/?s={search_term_string}"},"query-input":{"@type":"PropertyValueSpecification","valueRequired":true,"valueName":"search_term_string"}}],"inLanguage":"pt-PT"},{"@type":"Organization","@id":"https:\/\/agradocosmetic.com\/#organization","name":"Gosto","url":"https:\/\/agradocosmetic.com\/","logo":{"@type":"ImageObject","inLanguage":"pt-PT","@id":"https:\/\/agradocosmetic.com\/#\/schema\/logo\/image\/","url":"https:\/\/agradocosmetic.com\/wp-content\/uploads\/2023\/07\/LOGO-AGRADO-WEB-01.png","contentUrl":"https:\/\/agradocosmetic.com\/wp-content\/uploads\/2023\/07\/LOGO-AGRADO-WEB-01.png","width":1632,"height":300,"caption":"Agrado"},"image":{"@id":"https:\/\/agradocosmetic.com\/#\/schema\/logo\/image\/"}},{"@type":"Person","@id":"https:\/\/agradocosmetic.com\/#\/schema\/person\/59124921013b50f80959d84fc7219096","name":"Carmem","image":{"@type":"ImageObject","inLanguage":"pt-PT","@id":"https:\/\/secure.gravatar.com\/avatar\/2036bf58c019bb0a3f94937a2ed7cab76ae6ebe239f705f7c62ea5c48f93531f?s=96&d=mm&r=g","url":"https:\/\/secure.gravatar.com\/avatar\/2036bf58c019bb0a3f94937a2ed7cab76ae6ebe239f705f7c62ea5c48f93531f?s=96&d=mm&r=g","contentUrl":"https:\/\/secure.gravatar.com\/avatar\/2036bf58c019bb0a3f94937a2ed7cab76ae6ebe239f705f7c62ea5c48f93531f?s=96&d=mm&r=g","caption":"carmen"}}]}},"_links":{"self":[{"href":"https:\/\/agradocosmetic.com\/pt\/wp-json\/wp\/v2\/posts\/33238","targetHints":{"allow":["GET"]}}],"collection":[{"href":"https:\/\/agradocosmetic.com\/pt\/wp-json\/wp\/v2\/posts"}],"about":[{"href":"https:\/\/agradocosmetic.com\/pt\/wp-json\/wp\/v2\/types\/post"}],"author":[{"embeddable":true,"href":"https:\/\/agradocosmetic.com\/pt\/wp-json\/wp\/v2\/users\/11"}],"replies":[{"embeddable":true,"href":"https:\/\/agradocosmetic.com\/pt\/wp-json\/wp\/v2\/comments?post=33238"}],"version-history":[{"count":3,"href":"https:\/\/agradocosmetic.com\/pt\/wp-json\/wp\/v2\/posts\/33238\/revisions"}],"predecessor-version":[{"id":33241,"href":"https:\/\/agradocosmetic.com\/pt\/wp-json\/wp\/v2\/posts\/33238\/revisions\/33241"}],"wp:featuredmedia":[{"embeddable":true,"href":"https:\/\/agradocosmetic.com\/pt\/wp-json\/wp\/v2\/media\/33229"}],"wp:attachment":[{"href":"https:\/\/agradocosmetic.com\/pt\/wp-json\/wp\/v2\/media?parent=33238"}],"wp:term":[{"taxonomy":"category","embeddable":true,"href":"https:\/\/agradocosmetic.com\/pt\/wp-json\/wp\/v2\/categories?post=33238"},{"taxonomy":"post_tag","embeddable":true,"href":"https:\/\/agradocosmetic.com\/pt\/wp-json\/wp\/v2\/tags?post=33238"}],"curies":[{"name":"wp","href":"https:\/\/api.w.org\/{rel}","templated":true}]}}