{"id":34773,"date":"2025-10-02T11:30:13","date_gmt":"2025-10-02T10:30:13","guid":{"rendered":"https:\/\/agradocosmetic.com\/?p=34773"},"modified":"2025-11-21T17:17:55","modified_gmt":"2025-11-21T16:17:55","slug":"5-errores-en-el-cuidado-del-cabello-y-como-evitarlos","status":"publish","type":"post","link":"https:\/\/agradocosmetic.com\/pt\/5-errores-en-el-cuidado-del-cabello-y-como-evitarlos\/","title":{"rendered":"5 erros comuns no cuidado com os cabelos\u2026 e como evit\u00e1-los"},"content":{"rendered":"<table>\n<tbody>\n<tr>\n<td colspan=\"2\"><span style=\"font-weight: 400\">Todos n\u00f3s queremos cabelos saud\u00e1veis, brilhantes e vibrantes, mas \u00e0s vezes cometemos pequenos erros sem perceber que podem afet\u00e1-los. Hoje, vamos falar sobre os 5 erros mais comuns no cuidado com os cabelos e como corrigi-los.<\/span><\/p>\n<h2><b>Lavar o cabelo com \u00e1gua muito quente.<\/b><\/h2>\n<p><span style=\"font-weight: 400\">A \u00e1gua quente abre a cut\u00edcula do cabelo, deixando-o seco e sem brilho. <\/span><\/p>\n<p><span style=\"font-weight: 400\">Evite isso usando \u00e1gua morna e finalizando com um enx\u00e1gue frio. Para potencializar o cuidado, voc\u00ea pode usar o <a href=\"https:\/\/agradocosmetic.com\/pt\/producto\/champu-hyaluronic-fibre-filler-2\/\">Champ\u00f4 Hyaluronic Fibre Filler<\/a>que limpa suavemente enquanto proporciona hidrata\u00e7\u00e3o profunda da raiz \u00e0s pontas.<\/span><\/p>\n<h2><b>Ignorando a m\u00e1scara<\/b><\/h2>\n<p><span style=\"font-weight: 400\">Muitas vezes pensamos que s\u00f3 o shampoo \u00e9 suficiente, mas n\u00e3o \u00e9 bem assim! <\/span><\/p>\n<p><span style=\"font-weight: 400\">As m\u00e1scaras faciais s\u00e3o essenciais para reparar e nutrir a pele. <a href=\"https:\/\/agradocosmetic.com\/pt\/producto\/mascarilla-keratina\/\">M\u00e1scara Capilar Queratina<\/a> Ajuda a reparar a cut\u00edcula capilar, deixando o cabelo macio e revitalizado. Use de 1 a 2 vezes por semana e voc\u00ea notar\u00e1 a diferen\u00e7a.<\/span><\/p>\n<h2>Pentear o cabelo em excesso ou de forma agressiva.<\/h2>\n<p>Puxar o cabelo ao desembara\u00e7\u00e1-lo ou pente\u00e1-lo v\u00e1rias vezes ao dia pode causar quebra e pontas duplas.<\/p>\n<p>Para evitar isso, use um<a href=\"https:\/\/agradocosmetic.com\/pt\/producto\/acondicionador-instantaneo-bifasico\/\"> Condicionador instant\u00e2neo bif\u00e1sico,<\/a> Ele suaviza a fibra capilar e facilita o desembara\u00e7o. Combine-o com um pente de dentes largos ou com os dedos para pentear suavemente o cabelo, protegendo-o e mantendo-o saud\u00e1vel.<\/p>\n<h2><b>Esquecer os cuidados com o couro cabeludo<\/b><\/h2>\n<p><span style=\"font-weight: 400\">Um couro cabeludo saud\u00e1vel \u00e9 a base para cabelos fortes. <\/span><\/p>\n<p><span style=\"font-weight: 400\">Previna descama\u00e7\u00e3o e irrita\u00e7\u00e3o usando o <a href=\"https:\/\/agradocosmetic.com\/pt\/producto\/champu-profesional-reparador-nutritivo\/\">Champ\u00f4 Profissional Reparador Nutritivo<\/a>, que limpa e trata suavemente, prevenindo a caspa.<\/span><\/p>\n<h2><b>Excesso de produtos ou acumula\u00e7\u00e3o<\/b><\/h2>\n<p><span style=\"font-weight: 400\">Aplicar muitos produtos pode deixar o cabelo pesado e enfraquecido. <\/span><\/p>\n<p><span style=\"font-weight: 400\">Use apenas o necess\u00e1rio e complemente sua rotina com o <a href=\"https:\/\/agradocosmetic.com\/pt\/producto\/aceite-capilar-multivitaminas\/\">\u00d3leo Capilar Multivitaminas<\/a>que nutre sem deixar res\u00edduos e proporciona brilho instant\u00e2neo.<\/span><\/p>\n<p><span style=\"font-weight: 400\">Conhecer esses erros comuns no cuidado com os cabelos e saber como corrigi-los \u00e9 fundamental para conquistar cabelos saud\u00e1veis e radiantes. Combine os produtos certos, seja consistente e aproveite o prazer de cuidar dos seus cabelos como eles merecem.<\/span><\/td>\n<\/tr>\n<\/tbody>\n<\/table>","protected":false},"excerpt":{"rendered":"<p>Todas queremos un cabello sano, brillante y lleno de vida, pero a veces sin darnos cuenta cometemos peque\u00f1os errores que pueden afectarlo. Hoy te contamos los 5 errores en el cuidado del cabello m\u00e1s comunes y c\u00f3mo solucionarlos. Lavar el cabello con agua demasiado caliente El agua caliente abre la cut\u00edcula del cabello, dej\u00e1ndolo seco [&hellip;]<\/p>\n","protected":false},"author":11,"featured_media":34775,"comment_status":"closed","ping_status":"closed","sticky":false,"template":"","format":"standard","meta":{"footnotes":"","_wp_rev_ctl_limit":""},"categories":[507,120,509,128,125,124,1],"tags":[929,930,900,727,731,689,245,129,344,136,182,219,335,396],"class_list":["post-34773","post","type-post","status-publish","format-standard","has-post-thumbnail","hentry","category-cabello-en","category-cabello","category-capilar-en","category-capilar","category-capillaire","category-capillary","category-todos","tag-errores","tag-cabello-sano","tag-champu","tag-aceite-capilar","tag-cabello-brillante","tag-acondicionador","tag-cabello","tag-capilar","tag-mascarilla","tag-peinado","tag-pelo","tag-tips","tag-tratamiento-capilar","tag-trucos-para-tu-pelo"],"yoast_head":"<!-- This site is optimized with the Yoast SEO plugin v27.4 - https:\/\/yoast.com\/product\/yoast-seo-wordpress\/ -->\n<title>5 errores en el cuidado del cabello\u2026 y c\u00f3mo evitarlos - Agrado<\/title>\n<meta name=\"description\" content=\"Todas queremos un cabello sano, brillante y lleno de vida, pero a veces sin darnos cuenta cometemos peque\u00f1os errores que pueden afectarlo. Hoy te contamos los 5 errores en el cuidado del cabello m\u00e1s comunes y c\u00f3mo solucionarlos.\" \/>\n<meta name=\"robots\" content=\"index, follow, max-snippet:-1, max-image-preview:large, max-video-preview:-1\" \/>\n<link rel=\"canonical\" href=\"https:\/\/agradocosmetic.com\/pt\/5-errores-en-el-cuidado-del-cabello-y-como-evitarlos\/\" \/>\n<meta property=\"og:locale\" content=\"pt_PT\" \/>\n<meta property=\"og:type\" content=\"article\" \/>\n<meta property=\"og:title\" content=\"5 errores en el cuidado del cabello\u2026 y c\u00f3mo evitarlos - Agrado\" \/>\n<meta property=\"og:description\" content=\"Todas queremos un cabello sano, brillante y lleno de vida, pero a veces sin darnos cuenta cometemos peque\u00f1os errores que pueden afectarlo. Hoy te contamos los 5 errores en el cuidado del cabello m\u00e1s comunes y c\u00f3mo solucionarlos.\" \/>\n<meta property=\"og:url\" content=\"https:\/\/agradocosmetic.com\/pt\/5-errores-en-el-cuidado-del-cabello-y-como-evitarlos\/\" \/>\n<meta property=\"og:site_name\" content=\"Agrado\" \/>\n<meta property=\"article:published_time\" content=\"2025-10-02T10:30:13+00:00\" \/>\n<meta property=\"article:modified_time\" content=\"2025-11-21T16:17:55+00:00\" \/>\n<meta property=\"og:image\" content=\"https:\/\/agradocosmetic.com\/wp-content\/uploads\/2025\/11\/imgi_82_capilares.jpeg\" \/>\n\t<meta property=\"og:image:width\" content=\"1920\" \/>\n\t<meta property=\"og:image:height\" content=\"861\" \/>\n\t<meta property=\"og:image:type\" content=\"image\/jpeg\" \/>\n<meta name=\"author\" content=\"carmen\" \/>\n<meta name=\"twitter:card\" content=\"summary_large_image\" \/>\n<meta name=\"twitter:label1\" content=\"Escrito por\" \/>\n\t<meta name=\"twitter:data1\" content=\"carmen\" \/>\n\t<meta name=\"twitter:label2\" content=\"Tempo estimado de leitura\" \/>\n\t<meta name=\"twitter:data2\" content=\"2 minutos\" \/>\n<script type=\"application\/ld+json\" class=\"yoast-schema-graph\">{\"@context\":\"https:\\\/\\\/schema.org\",\"@graph\":[{\"@type\":\"Article\",\"@id\":\"https:\\\/\\\/agradocosmetic.com\\\/5-errores-en-el-cuidado-del-cabello-y-como-evitarlos\\\/#article\",\"isPartOf\":{\"@id\":\"https:\\\/\\\/agradocosmetic.com\\\/5-errores-en-el-cuidado-del-cabello-y-como-evitarlos\\\/\"},\"author\":{\"name\":\"carmen\",\"@id\":\"https:\\\/\\\/agradocosmetic.com\\\/#\\\/schema\\\/person\\\/59124921013b50f80959d84fc7219096\"},\"headline\":\"5 errores en el cuidado del cabello\u2026 y c\u00f3mo evitarlos\",\"datePublished\":\"2025-10-02T10:30:13+00:00\",\"dateModified\":\"2025-11-21T16:17:55+00:00\",\"mainEntityOfPage\":{\"@id\":\"https:\\\/\\\/agradocosmetic.com\\\/5-errores-en-el-cuidado-del-cabello-y-como-evitarlos\\\/\"},\"wordCount\":353,\"publisher\":{\"@id\":\"https:\\\/\\\/agradocosmetic.com\\\/#organization\"},\"image\":{\"@id\":\"https:\\\/\\\/agradocosmetic.com\\\/5-errores-en-el-cuidado-del-cabello-y-como-evitarlos\\\/#primaryimage\"},\"thumbnailUrl\":\"https:\\\/\\\/agradocosmetic.com\\\/wp-content\\\/uploads\\\/2025\\\/11\\\/imgi_82_capilares.jpeg\",\"keywords\":[\"errores\",\"cabello sano\",\"champ\u00fa\",\"aceite capilar\",\"cabello brillante\",\"acondicionador\",\"cabello\",\"capilar\",\"mascarilla\",\"peinado\",\"pelo\",\"tips\",\"tratamiento capilar\",\"trucos para tu pelo\"],\"articleSection\":[\"Cabello\",\"Cabello\",\"Capilar\",\"Capilar\",\"Capillaire\",\"Capillary\",\"Todos\"],\"inLanguage\":\"pt-PT\"},{\"@type\":\"WebPage\",\"@id\":\"https:\\\/\\\/agradocosmetic.com\\\/5-errores-en-el-cuidado-del-cabello-y-como-evitarlos\\\/\",\"url\":\"https:\\\/\\\/agradocosmetic.com\\\/5-errores-en-el-cuidado-del-cabello-y-como-evitarlos\\\/\",\"name\":\"5 errores en el cuidado del cabello\u2026 y c\u00f3mo evitarlos - Agrado\",\"isPartOf\":{\"@id\":\"https:\\\/\\\/agradocosmetic.com\\\/#website\"},\"primaryImageOfPage\":{\"@id\":\"https:\\\/\\\/agradocosmetic.com\\\/5-errores-en-el-cuidado-del-cabello-y-como-evitarlos\\\/#primaryimage\"},\"image\":{\"@id\":\"https:\\\/\\\/agradocosmetic.com\\\/5-errores-en-el-cuidado-del-cabello-y-como-evitarlos\\\/#primaryimage\"},\"thumbnailUrl\":\"https:\\\/\\\/agradocosmetic.com\\\/wp-content\\\/uploads\\\/2025\\\/11\\\/imgi_82_capilares.jpeg\",\"datePublished\":\"2025-10-02T10:30:13+00:00\",\"dateModified\":\"2025-11-21T16:17:55+00:00\",\"description\":\"Todas queremos un cabello sano, brillante y lleno de vida, pero a veces sin darnos cuenta cometemos peque\u00f1os errores que pueden afectarlo. Hoy te contamos los 5 errores en el cuidado del cabello m\u00e1s comunes y c\u00f3mo solucionarlos.\",\"breadcrumb\":{\"@id\":\"https:\\\/\\\/agradocosmetic.com\\\/5-errores-en-el-cuidado-del-cabello-y-como-evitarlos\\\/#breadcrumb\"},\"inLanguage\":\"pt-PT\",\"potentialAction\":[{\"@type\":\"ReadAction\",\"target\":[\"https:\\\/\\\/agradocosmetic.com\\\/5-errores-en-el-cuidado-del-cabello-y-como-evitarlos\\\/\"]}]},{\"@type\":\"ImageObject\",\"inLanguage\":\"pt-PT\",\"@id\":\"https:\\\/\\\/agradocosmetic.com\\\/5-errores-en-el-cuidado-del-cabello-y-como-evitarlos\\\/#primaryimage\",\"url\":\"https:\\\/\\\/agradocosmetic.com\\\/wp-content\\\/uploads\\\/2025\\\/11\\\/imgi_82_capilares.jpeg\",\"contentUrl\":\"https:\\\/\\\/agradocosmetic.com\\\/wp-content\\\/uploads\\\/2025\\\/11\\\/imgi_82_capilares.jpeg\",\"width\":1920,\"height\":861,\"caption\":\"Capilares\"},{\"@type\":\"BreadcrumbList\",\"@id\":\"https:\\\/\\\/agradocosmetic.com\\\/5-errores-en-el-cuidado-del-cabello-y-como-evitarlos\\\/#breadcrumb\",\"itemListElement\":[{\"@type\":\"ListItem\",\"position\":1,\"name\":\"Portada\",\"item\":\"https:\\\/\\\/agradocosmetic.com\\\/\"},{\"@type\":\"ListItem\",\"position\":2,\"name\":\"5 errores en el cuidado del cabello\u2026 y c\u00f3mo evitarlos\"}]},{\"@type\":\"WebSite\",\"@id\":\"https:\\\/\\\/agradocosmetic.com\\\/#website\",\"url\":\"https:\\\/\\\/agradocosmetic.com\\\/\",\"name\":\"Agrado\",\"description\":\"Cosmetic\",\"publisher\":{\"@id\":\"https:\\\/\\\/agradocosmetic.com\\\/#organization\"},\"potentialAction\":[{\"@type\":\"SearchAction\",\"target\":{\"@type\":\"EntryPoint\",\"urlTemplate\":\"https:\\\/\\\/agradocosmetic.com\\\/?s={search_term_string}\"},\"query-input\":{\"@type\":\"PropertyValueSpecification\",\"valueRequired\":true,\"valueName\":\"search_term_string\"}}],\"inLanguage\":\"pt-PT\"},{\"@type\":\"Organization\",\"@id\":\"https:\\\/\\\/agradocosmetic.com\\\/#organization\",\"name\":\"Agrado\",\"url\":\"https:\\\/\\\/agradocosmetic.com\\\/\",\"logo\":{\"@type\":\"ImageObject\",\"inLanguage\":\"pt-PT\",\"@id\":\"https:\\\/\\\/agradocosmetic.com\\\/#\\\/schema\\\/logo\\\/image\\\/\",\"url\":\"https:\\\/\\\/agradocosmetic.com\\\/wp-content\\\/uploads\\\/2023\\\/07\\\/LOGO-AGRADO-WEB-01.png\",\"contentUrl\":\"https:\\\/\\\/agradocosmetic.com\\\/wp-content\\\/uploads\\\/2023\\\/07\\\/LOGO-AGRADO-WEB-01.png\",\"width\":1632,\"height\":300,\"caption\":\"Agrado\"},\"image\":{\"@id\":\"https:\\\/\\\/agradocosmetic.com\\\/#\\\/schema\\\/logo\\\/image\\\/\"}},{\"@type\":\"Person\",\"@id\":\"https:\\\/\\\/agradocosmetic.com\\\/#\\\/schema\\\/person\\\/59124921013b50f80959d84fc7219096\",\"name\":\"carmen\",\"image\":{\"@type\":\"ImageObject\",\"inLanguage\":\"pt-PT\",\"@id\":\"https:\\\/\\\/secure.gravatar.com\\\/avatar\\\/2036bf58c019bb0a3f94937a2ed7cab76ae6ebe239f705f7c62ea5c48f93531f?s=96&d=mm&r=g\",\"url\":\"https:\\\/\\\/secure.gravatar.com\\\/avatar\\\/2036bf58c019bb0a3f94937a2ed7cab76ae6ebe239f705f7c62ea5c48f93531f?s=96&d=mm&r=g\",\"contentUrl\":\"https:\\\/\\\/secure.gravatar.com\\\/avatar\\\/2036bf58c019bb0a3f94937a2ed7cab76ae6ebe239f705f7c62ea5c48f93531f?s=96&d=mm&r=g\",\"caption\":\"carmen\"}}]}<\/script>\n<!-- \/ Yoast SEO plugin. -->","yoast_head_json":{"title":"5 erros comuns no cuidado com os cabelos... e como evit\u00e1-los - Agrado","description":"Todos n\u00f3s queremos cabelos saud\u00e1veis, brilhantes e vibrantes, mas \u00e0s vezes cometemos pequenos erros sem perceber que podem afet\u00e1-los. Hoje, vamos falar sobre os 5 erros mais comuns no cuidado com os cabelos e como corrigi-los.","robots":{"index":"index","follow":"follow","max-snippet":"max-snippet:-1","max-image-preview":"max-image-preview:large","max-video-preview":"max-video-preview:-1"},"canonical":"https:\/\/agradocosmetic.com\/pt\/5-errores-en-el-cuidado-del-cabello-y-como-evitarlos\/","og_locale":"pt_PT","og_type":"article","og_title":"5 errores en el cuidado del cabello\u2026 y c\u00f3mo evitarlos - Agrado","og_description":"Todas queremos un cabello sano, brillante y lleno de vida, pero a veces sin darnos cuenta cometemos peque\u00f1os errores que pueden afectarlo. Hoy te contamos los 5 errores en el cuidado del cabello m\u00e1s comunes y c\u00f3mo solucionarlos.","og_url":"https:\/\/agradocosmetic.com\/pt\/5-errores-en-el-cuidado-del-cabello-y-como-evitarlos\/","og_site_name":"Agrado","article_published_time":"2025-10-02T10:30:13+00:00","article_modified_time":"2025-11-21T16:17:55+00:00","og_image":[{"width":1920,"height":861,"url":"https:\/\/agradocosmetic.com\/wp-content\/uploads\/2025\/11\/imgi_82_capilares.jpeg","type":"image\/jpeg"}],"author":"carmen","twitter_card":"summary_large_image","twitter_misc":{"Escrito por":"carmen","Tempo estimado de leitura":"2 minutos"},"schema":{"@context":"https:\/\/schema.org","@graph":[{"@type":"Article","@id":"https:\/\/agradocosmetic.com\/5-errores-en-el-cuidado-del-cabello-y-como-evitarlos\/#article","isPartOf":{"@id":"https:\/\/agradocosmetic.com\/5-errores-en-el-cuidado-del-cabello-y-como-evitarlos\/"},"author":{"name":"carmen","@id":"https:\/\/agradocosmetic.com\/#\/schema\/person\/59124921013b50f80959d84fc7219096"},"headline":"5 errores en el cuidado del cabello\u2026 y c\u00f3mo evitarlos","datePublished":"2025-10-02T10:30:13+00:00","dateModified":"2025-11-21T16:17:55+00:00","mainEntityOfPage":{"@id":"https:\/\/agradocosmetic.com\/5-errores-en-el-cuidado-del-cabello-y-como-evitarlos\/"},"wordCount":353,"publisher":{"@id":"https:\/\/agradocosmetic.com\/#organization"},"image":{"@id":"https:\/\/agradocosmetic.com\/5-errores-en-el-cuidado-del-cabello-y-como-evitarlos\/#primaryimage"},"thumbnailUrl":"https:\/\/agradocosmetic.com\/wp-content\/uploads\/2025\/11\/imgi_82_capilares.jpeg","keywords":["errores","cabello sano","champ\u00fa","aceite capilar","cabello brillante","acondicionador","cabello","capilar","mascarilla","peinado","pelo","tips","tratamiento capilar","trucos para tu pelo"],"articleSection":["Cabello","Cabello","Capilar","Capilar","Capillaire","Capillary","Todos"],"inLanguage":"pt-PT"},{"@type":"WebPage","@id":"https:\/\/agradocosmetic.com\/5-errores-en-el-cuidado-del-cabello-y-como-evitarlos\/","url":"https:\/\/agradocosmetic.com\/5-errores-en-el-cuidado-del-cabello-y-como-evitarlos\/","name":"5 erros comuns no cuidado com os cabelos... e como evit\u00e1-los - Agrado","isPartOf":{"@id":"https:\/\/agradocosmetic.com\/#website"},"primaryImageOfPage":{"@id":"https:\/\/agradocosmetic.com\/5-errores-en-el-cuidado-del-cabello-y-como-evitarlos\/#primaryimage"},"image":{"@id":"https:\/\/agradocosmetic.com\/5-errores-en-el-cuidado-del-cabello-y-como-evitarlos\/#primaryimage"},"thumbnailUrl":"https:\/\/agradocosmetic.com\/wp-content\/uploads\/2025\/11\/imgi_82_capilares.jpeg","datePublished":"2025-10-02T10:30:13+00:00","dateModified":"2025-11-21T16:17:55+00:00","description":"Todos n\u00f3s queremos cabelos saud\u00e1veis, brilhantes e vibrantes, mas \u00e0s vezes cometemos pequenos erros sem perceber que podem afet\u00e1-los. Hoje, vamos falar sobre os 5 erros mais comuns no cuidado com os cabelos e como corrigi-los.","breadcrumb":{"@id":"https:\/\/agradocosmetic.com\/5-errores-en-el-cuidado-del-cabello-y-como-evitarlos\/#breadcrumb"},"inLanguage":"pt-PT","potentialAction":[{"@type":"ReadAction","target":["https:\/\/agradocosmetic.com\/5-errores-en-el-cuidado-del-cabello-y-como-evitarlos\/"]}]},{"@type":"ImageObject","inLanguage":"pt-PT","@id":"https:\/\/agradocosmetic.com\/5-errores-en-el-cuidado-del-cabello-y-como-evitarlos\/#primaryimage","url":"https:\/\/agradocosmetic.com\/wp-content\/uploads\/2025\/11\/imgi_82_capilares.jpeg","contentUrl":"https:\/\/agradocosmetic.com\/wp-content\/uploads\/2025\/11\/imgi_82_capilares.jpeg","width":1920,"height":861,"caption":"Capilares"},{"@type":"BreadcrumbList","@id":"https:\/\/agradocosmetic.com\/5-errores-en-el-cuidado-del-cabello-y-como-evitarlos\/#breadcrumb","itemListElement":[{"@type":"ListItem","position":1,"name":"Portada","item":"https:\/\/agradocosmetic.com\/"},{"@type":"ListItem","position":2,"name":"5 errores en el cuidado del cabello\u2026 y c\u00f3mo evitarlos"}]},{"@type":"WebSite","@id":"https:\/\/agradocosmetic.com\/#website","url":"https:\/\/agradocosmetic.com\/","name":"Gosto","description":"Cosm\u00e9tico","publisher":{"@id":"https:\/\/agradocosmetic.com\/#organization"},"potentialAction":[{"@type":"SearchAction","target":{"@type":"EntryPoint","urlTemplate":"https:\/\/agradocosmetic.com\/?s={search_term_string}"},"query-input":{"@type":"PropertyValueSpecification","valueRequired":true,"valueName":"search_term_string"}}],"inLanguage":"pt-PT"},{"@type":"Organization","@id":"https:\/\/agradocosmetic.com\/#organization","name":"Gosto","url":"https:\/\/agradocosmetic.com\/","logo":{"@type":"ImageObject","inLanguage":"pt-PT","@id":"https:\/\/agradocosmetic.com\/#\/schema\/logo\/image\/","url":"https:\/\/agradocosmetic.com\/wp-content\/uploads\/2023\/07\/LOGO-AGRADO-WEB-01.png","contentUrl":"https:\/\/agradocosmetic.com\/wp-content\/uploads\/2023\/07\/LOGO-AGRADO-WEB-01.png","width":1632,"height":300,"caption":"Agrado"},"image":{"@id":"https:\/\/agradocosmetic.com\/#\/schema\/logo\/image\/"}},{"@type":"Person","@id":"https:\/\/agradocosmetic.com\/#\/schema\/person\/59124921013b50f80959d84fc7219096","name":"Carmem","image":{"@type":"ImageObject","inLanguage":"pt-PT","@id":"https:\/\/secure.gravatar.com\/avatar\/2036bf58c019bb0a3f94937a2ed7cab76ae6ebe239f705f7c62ea5c48f93531f?s=96&d=mm&r=g","url":"https:\/\/secure.gravatar.com\/avatar\/2036bf58c019bb0a3f94937a2ed7cab76ae6ebe239f705f7c62ea5c48f93531f?s=96&d=mm&r=g","contentUrl":"https:\/\/secure.gravatar.com\/avatar\/2036bf58c019bb0a3f94937a2ed7cab76ae6ebe239f705f7c62ea5c48f93531f?s=96&d=mm&r=g","caption":"carmen"}}]}},"_links":{"self":[{"href":"https:\/\/agradocosmetic.com\/pt\/wp-json\/wp\/v2\/posts\/34773","targetHints":{"allow":["GET"]}}],"collection":[{"href":"https:\/\/agradocosmetic.com\/pt\/wp-json\/wp\/v2\/posts"}],"about":[{"href":"https:\/\/agradocosmetic.com\/pt\/wp-json\/wp\/v2\/types\/post"}],"author":[{"embeddable":true,"href":"https:\/\/agradocosmetic.com\/pt\/wp-json\/wp\/v2\/users\/11"}],"replies":[{"embeddable":true,"href":"https:\/\/agradocosmetic.com\/pt\/wp-json\/wp\/v2\/comments?post=34773"}],"version-history":[{"count":2,"href":"https:\/\/agradocosmetic.com\/pt\/wp-json\/wp\/v2\/posts\/34773\/revisions"}],"predecessor-version":[{"id":34776,"href":"https:\/\/agradocosmetic.com\/pt\/wp-json\/wp\/v2\/posts\/34773\/revisions\/34776"}],"wp:featuredmedia":[{"embeddable":true,"href":"https:\/\/agradocosmetic.com\/pt\/wp-json\/wp\/v2\/media\/34775"}],"wp:attachment":[{"href":"https:\/\/agradocosmetic.com\/pt\/wp-json\/wp\/v2\/media?parent=34773"}],"wp:term":[{"taxonomy":"category","embeddable":true,"href":"https:\/\/agradocosmetic.com\/pt\/wp-json\/wp\/v2\/categories?post=34773"},{"taxonomy":"post_tag","embeddable":true,"href":"https:\/\/agradocosmetic.com\/pt\/wp-json\/wp\/v2\/tags?post=34773"}],"curies":[{"name":"wp","href":"https:\/\/api.w.org\/{rel}","templated":true}]}}