{"id":3483,"date":"2019-04-08T08:09:20","date_gmt":"2019-04-08T07:09:20","guid":{"rendered":"https:\/\/www.agradocosmetic.com\/?p=3483"},"modified":"2023-11-18T16:58:56","modified_gmt":"2023-11-18T16:58:56","slug":"gama-de-solares-agrado-chicas-listas","status":"publish","type":"post","link":"https:\/\/agradocosmetic.com\/pt\/gama-de-solares-agrado-chicas-listas\/","title":{"rendered":"Chegou a hora das garotas inteligentes"},"content":{"rendered":"<h1>Chegou a nova gama de pain\u00e9is solares AGRADO<\/h1>\n<p><span data-contrast=\"auto\">Chegou aquela \u00e9poca do ano que voc\u00ea come\u00e7a a deixar o cachecol, o casaco e as botas de inverno no arm\u00e1rio. \u00c9 aquela altura do ano em que deixamos de fazer planos de \u2018filme e manta\u2019 para passar a tarde ao sol numa esplanada.\u00a0<\/span><span data-contrast=\"auto\">Chegou aquela \u00e9poca do ano em que voc\u00ea vai passar o dia na praia, para relaxar diante da brisa do mar enquanto sua pele se bronzeia; ou na piscina com os amigos enquanto prepara um churrasco.\u00a0<\/span><span data-ccp-props=\"{&quot;201341983&quot;:0,&quot;335559739&quot;:160,&quot;335559740&quot;:249}\">\u00a0<\/span><span data-contrast=\"auto\">\u00c9 aquela \u00e9poca do ano em que voc\u00ea relaxa, surfa, viaja, vai a festivais ou aprende ioga no parque.\u00a0<\/span><span data-ccp-props=\"{&quot;201341983&quot;:0,&quot;335559739&quot;:160,&quot;335559740&quot;:249}\">\u00a0E agora voc\u00ea pode fazer isso protegendo a sua pele com a nova linha de protetores solares AGRADO.<\/span><\/p>\n<p><span data-contrast=\"auto\">Chegou aquela \u00e9poca do ano em que n\u00e3o h\u00e1 problema em fazer algo que voc\u00ea nunca fez antes. Est\u00e1 tudo bem que voc\u00ea se atreva a convid\u00e1-lo para sair, que se arrisque com o olhar mais ousado, que exagere com o\u00a0<\/span><i><span data-contrast=\"auto\">brownies<\/span><\/i><i><span data-contrast=\"auto\">,\u00a0<\/span><\/i><i><span data-contrast=\"auto\">queijo<\/span><\/i><i><span data-contrast=\"auto\">\u00a0bolo<\/span><\/i><span data-contrast=\"auto\">\u00a0qualquer\u00a0<\/span><i><span data-contrast=\"auto\">leite<\/span><\/i><i><span data-contrast=\"auto\">\u00a0<\/span><\/i><i><span data-contrast=\"auto\">sacudir<\/span><\/i><span data-contrast=\"auto\">, que voc\u00ea salte de um iate para o mar ou que pegue aquela prancha de surf e aprenda a surfar nas ondas.<\/span><span data-ccp-props=\"{&quot;201341983&quot;:0,&quot;335559739&quot;:160,&quot;335559740&quot;:249}\">\u00a0<\/span><span data-contrast=\"auto\">Porque chegou aquela \u00e9poca do ano em que garotas e caras espertos podem fazer todo tipo de loucura, mas nunca com a pele. <\/span><\/p>\n<p><span data-contrast=\"auto\">Para isso\u00a0<\/span><span data-contrast=\"auto\">em PRAZER<\/span><span data-contrast=\"auto\">\u00a0<\/span><span data-contrast=\"auto\">Voc\u00ea tem uma grande variedade de protetores solares, com algumas surpresas incr\u00edveis como o protetor solar Facial Mist que voc\u00ea pode aplicar por cima da maquiagem para ter a pele sempre protegida.\u00a0<\/span><span data-contrast=\"auto\">E tamb\u00e9m, um truque infal\u00edvel. O livro que voc\u00ea precisa para se deitar ao sol com o maior relaxamento poss\u00edvel. Um livro surpreendente por fora e incr\u00edvel por dentro. O livro para meninas espertas da Agrado \u00e9, na verdade, um esconderijo para guardar seus objetos de valor quando voc\u00ea vai \u00e0 praia ou \u00e0 piscina, para que voc\u00ea possa relaxar na \u00e1gua ou caminhar pela orla com a pele protegida e seus objetos de valor tamb\u00e9m .<\/span><span data-ccp-props=\"{&quot;201341983&quot;:0,&quot;335559739&quot;:160,&quot;335559740&quot;:249}\">\u00a0<\/span><\/p>\n<p><img fetchpriority=\"high\" decoding=\"async\" class=\"alignleft wp-image-3593 size-large\" src=\"https:\/\/www.agradocosmetic.com\/wp-content\/uploads\/2019\/04\/MOSAICO_colores-1024x683.png\" alt=\"\" width=\"848\" height=\"566\" \/><\/p>\n<h2><b><span data-contrast=\"auto\">Como obter o livro para meninas pronto para LIKE?<\/span><\/b><span data-ccp-props=\"{&quot;201341983&quot;:0,&quot;335559739&quot;:160,&quot;335559740&quot;:249}\">\u00a0<\/span><\/h2>\n<p><span data-contrast=\"auto\">\u00c9 muito f\u00e1cil, basta ficar de olho em nossas redes sociais pois de abril a agosto faremos sorteios em nossos canais. Teremos tamb\u00e9m a colabora\u00e7\u00e3o de\u00a0<\/span><em>influenciadores<\/em><span data-contrast=\"auto\">\u00a0que lhe dar\u00e1 os melhores conselhos para passar um ver\u00e3o louco, sem descurar a pele e algumas surpresas!\u00a0<\/span><span data-ccp-props=\"{&quot;201341983&quot;:0,&quot;335559739&quot;:160,&quot;335559740&quot;:249}\">\u00a0<\/span><span data-contrast=\"auto\">E voc\u00ea pode ver tudo isso sempre que quiser em\u00a0<\/span><a href=\"http:\/\/www.solaresparachicaslistas.com\/\"><span data-contrast=\"none\">www.solaresparachicaslistas.com<\/span><\/a><span data-contrast=\"auto\">.<\/span><span data-ccp-props=\"{&quot;201341983&quot;:0,&quot;335559739&quot;:160,&quot;335559740&quot;:249}\">\u00a0<\/span><\/p>\n<p><span data-contrast=\"auto\">Fique atento \u00e0s nossas redes sociais e n\u00e3o perca os segredos para aproveitar o bom tempo sem colocar a sua pele em risco.\u00a0<\/span><\/p>\n<h2><strong>Conhe\u00e7a a nova gama de parcelas AGRADO.\u00a0\u00a0<\/strong><\/h2>\n<p><span data-contrast=\"none\">A gama de protetores solares da Agrado foi desenvolvida para proteger a pele da radia\u00e7\u00e3o solar desde o primeiro dia de exposi\u00e7\u00e3o. Os nossos produtos solares est\u00e3o preparados para proteger a sua pele do sol com uma vasta gama de produtos. Do \u00d3leo Protetor Solar 8SPF, 10SPF e 20SPF, que recomendamos completar com a linha de protetores Sun Dry Mist<\/span><span data-ccp-props=\"{&quot;134233117&quot;:true,&quot;134233118&quot;:true,&quot;201341983&quot;:0,&quot;335559740&quot;:240}\">\u00a0<\/span><span data-contrast=\"none\">15SPF, 30SPF ou 50SPF, at\u00e9 as mais novas f\u00f3rmulas para proteger o rosto, como Facial Mousse ou Facial Mist. Por outro lado, se o que procura \u00e9 hidratar e recuperar a pele ap\u00f3s o banho de sol, n\u00e3o pode perder o\u00a0<\/span><span data-contrast=\"none\">depois de<\/span><span data-contrast=\"none\">\u00a0<\/span><span data-contrast=\"none\">Sol<\/span><span data-contrast=\"none\">\u00a0<\/span><span data-contrast=\"none\">Hidrocalmante<\/span><span data-contrast=\"none\">\u00a0e Alo\u00e9 Vera.<\/span><span data-ccp-props=\"{&quot;134233117&quot;:true,&quot;134233118&quot;:true,&quot;201341983&quot;:0,&quot;335559740&quot;:240}\">\u00a0<\/span><span data-contrast=\"none\">Na Agrado tamb\u00e9m pensamos nos mais pequenos e para eles voc\u00ea tamb\u00e9m encontra o protetor Sun Dry Mist 50+ FPS para peles sens\u00edveis.<\/span><span data-ccp-props=\"{&quot;134233117&quot;:true,&quot;134233118&quot;:true,&quot;201341983&quot;:0,&quot;335559740&quot;:240}\">\u00a0<\/span><span data-contrast=\"none\">Al\u00e9m disso, os protetores solares Agrado possuem f\u00f3rmula espec\u00edfica de prote\u00e7\u00e3o de amplo espectro, protegendo a pele dos raios UVA e tamb\u00e9m dos raios UVB, os mais nocivos \u00e0 pele.<\/span><span data-ccp-props=\"{&quot;134233117&quot;:true,&quot;134233118&quot;:true,&quot;201341983&quot;:0,&quot;335559740&quot;:240}\">\u00a0<\/span><\/p>\n<p><span data-contrast=\"none\">Neste ver\u00e3o solte o cabelo, n\u00e3o se preocupe com tudo menos com a pele. Siga todos os nossos conselhos em #<\/span><span data-contrast=\"none\">lista solarparagirls.\u00a0<\/span><\/p>\n<p><span data-contrast=\"none\">Entra em <a href=\"http:\/\/www.solaresparachicaslistas.com\/\">www.solaresparachicaslistas.com<\/a>, conhe\u00e7a a nossa gama de parcelas 2019 e conhe\u00e7a muitas surpresas que preparamos<\/span><span data-ccp-props=\"{&quot;134233117&quot;:true,&quot;134233118&quot;:true,&quot;201341983&quot;:0,&quot;335559740&quot;:240}\">\u00a0<\/span><\/p>\n<p><span data-ccp-props=\"{&quot;201341983&quot;:0,&quot;335559739&quot;:160,&quot;335559740&quot;:249}\">\u00a0<\/span><\/p>","protected":false},"excerpt":{"rendered":"<p>Ya est\u00e1 aqu\u00ed la nueva gama de solares AGRADO Viene ese momento del a\u00f1o en el que empiezas a dejar la bufanda, el abrigo y las botas de invierno en el armario. Viene esa \u00e9poca del a\u00f1o en el que dejas de hacer planes de \u2018peli y manta\u2019, para pasar la tarde al sol de [&hellip;]<\/p>\n","protected":false},"author":9,"featured_media":21422,"comment_status":"open","ping_status":"closed","sticky":false,"template":"","format":"standard","meta":{"footnotes":"","_wp_rev_ctl_limit":""},"categories":[116,1],"tags":[],"class_list":["post-3483","post","type-post","status-publish","format-standard","has-post-thumbnail","hentry","category-solar","category-todos"],"yoast_head":"<!-- This site is optimized with the Yoast SEO plugin v27.4 - https:\/\/yoast.com\/product\/yoast-seo-wordpress\/ -->\n<title>Conoce la nueva gama de solares de AGRADO | #solaresparachicaslistas<\/title>\n<meta name=\"description\" content=\"Ya puedes disfrutar del verano despreocup\u00e1ndote de todo, menos de tu piel con la nueva gama de solares de AGRADO. Una nueva colecci\u00f3n de protectores solares para chicas, y chicos, que quieren vivir el verano al m\u00e1ximo sin poner en riesgo su piel.\" \/>\n<meta name=\"robots\" content=\"index, follow, max-snippet:-1, max-image-preview:large, max-video-preview:-1\" \/>\n<link rel=\"canonical\" href=\"https:\/\/agradocosmetic.com\/pt\/gama-de-solares-agrado-chicas-listas\/\" \/>\n<meta property=\"og:locale\" content=\"pt_PT\" \/>\n<meta property=\"og:type\" content=\"article\" \/>\n<meta property=\"og:title\" content=\"Conoce la nueva gama de solares de AGRADO | #solaresparachicaslistas\" \/>\n<meta property=\"og:description\" content=\"Ya puedes disfrutar del verano despreocup\u00e1ndote de todo, menos de tu piel con la nueva gama de solares de AGRADO. Una nueva colecci\u00f3n de protectores solares para chicas, y chicos, que quieren vivir el verano al m\u00e1ximo sin poner en riesgo su piel.\" \/>\n<meta property=\"og:url\" content=\"https:\/\/agradocosmetic.com\/pt\/gama-de-solares-agrado-chicas-listas\/\" \/>\n<meta property=\"og:site_name\" content=\"Agrado\" \/>\n<meta property=\"article:published_time\" content=\"2019-04-08T07:09:20+00:00\" \/>\n<meta property=\"article:modified_time\" content=\"2023-11-18T16:58:56+00:00\" \/>\n<meta property=\"og:image\" content=\"https:\/\/agradocosmetic.com\/wp-content\/uploads\/2019\/04\/chicas-listas-agrado.jpg\" \/>\n\t<meta property=\"og:image:width\" content=\"1200\" \/>\n\t<meta property=\"og:image:height\" content=\"800\" \/>\n\t<meta property=\"og:image:type\" content=\"image\/jpeg\" \/>\n<meta name=\"author\" content=\"agradocosmetic\" \/>\n<meta name=\"twitter:card\" content=\"summary_large_image\" \/>\n<meta name=\"twitter:label1\" content=\"Escrito por\" \/>\n\t<meta name=\"twitter:data1\" content=\"agradocosmetic\" \/>\n\t<meta name=\"twitter:label2\" content=\"Tempo estimado de leitura\" \/>\n\t<meta name=\"twitter:data2\" content=\"3 minutos\" \/>\n<script type=\"application\/ld+json\" class=\"yoast-schema-graph\">{\"@context\":\"https:\\\/\\\/schema.org\",\"@graph\":[{\"@type\":\"Article\",\"@id\":\"https:\\\/\\\/agradocosmetic.com\\\/gama-de-solares-agrado-chicas-listas\\\/#article\",\"isPartOf\":{\"@id\":\"https:\\\/\\\/agradocosmetic.com\\\/gama-de-solares-agrado-chicas-listas\\\/\"},\"author\":{\"name\":\"agradocosmetic\",\"@id\":\"https:\\\/\\\/agradocosmetic.com\\\/#\\\/schema\\\/person\\\/732e8d396022e25f9340196f83d6789d\"},\"headline\":\"Ya est\u00e1 aqu\u00ed el momento de las chicas listas\",\"datePublished\":\"2019-04-08T07:09:20+00:00\",\"dateModified\":\"2023-11-18T16:58:56+00:00\",\"mainEntityOfPage\":{\"@id\":\"https:\\\/\\\/agradocosmetic.com\\\/gama-de-solares-agrado-chicas-listas\\\/\"},\"wordCount\":692,\"commentCount\":0,\"publisher\":{\"@id\":\"https:\\\/\\\/agradocosmetic.com\\\/#organization\"},\"image\":{\"@id\":\"https:\\\/\\\/agradocosmetic.com\\\/gama-de-solares-agrado-chicas-listas\\\/#primaryimage\"},\"thumbnailUrl\":\"https:\\\/\\\/agradocosmetic.com\\\/wp-content\\\/uploads\\\/2019\\\/04\\\/chicas-listas-agrado.jpg\",\"articleSection\":[\"Solar\",\"Todos\"],\"inLanguage\":\"pt-PT\",\"potentialAction\":[{\"@type\":\"CommentAction\",\"name\":\"Comment\",\"target\":[\"https:\\\/\\\/agradocosmetic.com\\\/gama-de-solares-agrado-chicas-listas\\\/#respond\"]}]},{\"@type\":\"WebPage\",\"@id\":\"https:\\\/\\\/agradocosmetic.com\\\/gama-de-solares-agrado-chicas-listas\\\/\",\"url\":\"https:\\\/\\\/agradocosmetic.com\\\/gama-de-solares-agrado-chicas-listas\\\/\",\"name\":\"Conoce la nueva gama de solares de AGRADO | #solaresparachicaslistas\",\"isPartOf\":{\"@id\":\"https:\\\/\\\/agradocosmetic.com\\\/#website\"},\"primaryImageOfPage\":{\"@id\":\"https:\\\/\\\/agradocosmetic.com\\\/gama-de-solares-agrado-chicas-listas\\\/#primaryimage\"},\"image\":{\"@id\":\"https:\\\/\\\/agradocosmetic.com\\\/gama-de-solares-agrado-chicas-listas\\\/#primaryimage\"},\"thumbnailUrl\":\"https:\\\/\\\/agradocosmetic.com\\\/wp-content\\\/uploads\\\/2019\\\/04\\\/chicas-listas-agrado.jpg\",\"datePublished\":\"2019-04-08T07:09:20+00:00\",\"dateModified\":\"2023-11-18T16:58:56+00:00\",\"description\":\"Ya puedes disfrutar del verano despreocup\u00e1ndote de todo, menos de tu piel con la nueva gama de solares de AGRADO. Una nueva colecci\u00f3n de protectores solares para chicas, y chicos, que quieren vivir el verano al m\u00e1ximo sin poner en riesgo su piel.\",\"breadcrumb\":{\"@id\":\"https:\\\/\\\/agradocosmetic.com\\\/gama-de-solares-agrado-chicas-listas\\\/#breadcrumb\"},\"inLanguage\":\"pt-PT\",\"potentialAction\":[{\"@type\":\"ReadAction\",\"target\":[\"https:\\\/\\\/agradocosmetic.com\\\/gama-de-solares-agrado-chicas-listas\\\/\"]}]},{\"@type\":\"ImageObject\",\"inLanguage\":\"pt-PT\",\"@id\":\"https:\\\/\\\/agradocosmetic.com\\\/gama-de-solares-agrado-chicas-listas\\\/#primaryimage\",\"url\":\"https:\\\/\\\/agradocosmetic.com\\\/wp-content\\\/uploads\\\/2019\\\/04\\\/chicas-listas-agrado.jpg\",\"contentUrl\":\"https:\\\/\\\/agradocosmetic.com\\\/wp-content\\\/uploads\\\/2019\\\/04\\\/chicas-listas-agrado.jpg\",\"width\":1200,\"height\":800},{\"@type\":\"BreadcrumbList\",\"@id\":\"https:\\\/\\\/agradocosmetic.com\\\/gama-de-solares-agrado-chicas-listas\\\/#breadcrumb\",\"itemListElement\":[{\"@type\":\"ListItem\",\"position\":1,\"name\":\"Portada\",\"item\":\"https:\\\/\\\/agradocosmetic.com\\\/\"},{\"@type\":\"ListItem\",\"position\":2,\"name\":\"Ya est\u00e1 aqu\u00ed el momento de las chicas listas\"}]},{\"@type\":\"WebSite\",\"@id\":\"https:\\\/\\\/agradocosmetic.com\\\/#website\",\"url\":\"https:\\\/\\\/agradocosmetic.com\\\/\",\"name\":\"Agrado\",\"description\":\"Cosmetic\",\"publisher\":{\"@id\":\"https:\\\/\\\/agradocosmetic.com\\\/#organization\"},\"potentialAction\":[{\"@type\":\"SearchAction\",\"target\":{\"@type\":\"EntryPoint\",\"urlTemplate\":\"https:\\\/\\\/agradocosmetic.com\\\/?s={search_term_string}\"},\"query-input\":{\"@type\":\"PropertyValueSpecification\",\"valueRequired\":true,\"valueName\":\"search_term_string\"}}],\"inLanguage\":\"pt-PT\"},{\"@type\":\"Organization\",\"@id\":\"https:\\\/\\\/agradocosmetic.com\\\/#organization\",\"name\":\"Agrado\",\"url\":\"https:\\\/\\\/agradocosmetic.com\\\/\",\"logo\":{\"@type\":\"ImageObject\",\"inLanguage\":\"pt-PT\",\"@id\":\"https:\\\/\\\/agradocosmetic.com\\\/#\\\/schema\\\/logo\\\/image\\\/\",\"url\":\"https:\\\/\\\/agradocosmetic.com\\\/wp-content\\\/uploads\\\/2023\\\/07\\\/LOGO-AGRADO-WEB-01.png\",\"contentUrl\":\"https:\\\/\\\/agradocosmetic.com\\\/wp-content\\\/uploads\\\/2023\\\/07\\\/LOGO-AGRADO-WEB-01.png\",\"width\":1632,\"height\":300,\"caption\":\"Agrado\"},\"image\":{\"@id\":\"https:\\\/\\\/agradocosmetic.com\\\/#\\\/schema\\\/logo\\\/image\\\/\"}},{\"@type\":\"Person\",\"@id\":\"https:\\\/\\\/agradocosmetic.com\\\/#\\\/schema\\\/person\\\/732e8d396022e25f9340196f83d6789d\",\"name\":\"agradocosmetic\",\"image\":{\"@type\":\"ImageObject\",\"inLanguage\":\"pt-PT\",\"@id\":\"https:\\\/\\\/secure.gravatar.com\\\/avatar\\\/c6003e45301182b7e125463fcbec403b1980909c12edf09098526b9a15e779c0?s=96&d=mm&r=g\",\"url\":\"https:\\\/\\\/secure.gravatar.com\\\/avatar\\\/c6003e45301182b7e125463fcbec403b1980909c12edf09098526b9a15e779c0?s=96&d=mm&r=g\",\"contentUrl\":\"https:\\\/\\\/secure.gravatar.com\\\/avatar\\\/c6003e45301182b7e125463fcbec403b1980909c12edf09098526b9a15e779c0?s=96&d=mm&r=g\",\"caption\":\"agradocosmetic\"}}]}<\/script>\n<!-- \/ Yoast SEO plugin. -->","yoast_head_json":{"title":"Descubra a nova linha de protetores solares da AGRADO | #protetores solares para garotas inteligentes","description":"Agora voc\u00ea pode curtir o ver\u00e3o sem se preocupar com nada al\u00e9m da sua pele com a nova linha de protetores solares da AGRADO. Uma nova cole\u00e7\u00e3o de protetores solares para meninas e meninos que querem aproveitar o ver\u00e3o ao m\u00e1ximo sem colocar a pele em risco.","robots":{"index":"index","follow":"follow","max-snippet":"max-snippet:-1","max-image-preview":"max-image-preview:large","max-video-preview":"max-video-preview:-1"},"canonical":"https:\/\/agradocosmetic.com\/pt\/gama-de-solares-agrado-chicas-listas\/","og_locale":"pt_PT","og_type":"article","og_title":"Conoce la nueva gama de solares de AGRADO | #solaresparachicaslistas","og_description":"Ya puedes disfrutar del verano despreocup\u00e1ndote de todo, menos de tu piel con la nueva gama de solares de AGRADO. Una nueva colecci\u00f3n de protectores solares para chicas, y chicos, que quieren vivir el verano al m\u00e1ximo sin poner en riesgo su piel.","og_url":"https:\/\/agradocosmetic.com\/pt\/gama-de-solares-agrado-chicas-listas\/","og_site_name":"Agrado","article_published_time":"2019-04-08T07:09:20+00:00","article_modified_time":"2023-11-18T16:58:56+00:00","og_image":[{"width":1200,"height":800,"url":"https:\/\/agradocosmetic.com\/wp-content\/uploads\/2019\/04\/chicas-listas-agrado.jpg","type":"image\/jpeg"}],"author":"agradocosmetic","twitter_card":"summary_large_image","twitter_misc":{"Escrito por":"agradocosmetic","Tempo estimado de leitura":"3 minutos"},"schema":{"@context":"https:\/\/schema.org","@graph":[{"@type":"Article","@id":"https:\/\/agradocosmetic.com\/gama-de-solares-agrado-chicas-listas\/#article","isPartOf":{"@id":"https:\/\/agradocosmetic.com\/gama-de-solares-agrado-chicas-listas\/"},"author":{"name":"agradocosmetic","@id":"https:\/\/agradocosmetic.com\/#\/schema\/person\/732e8d396022e25f9340196f83d6789d"},"headline":"Ya est\u00e1 aqu\u00ed el momento de las chicas listas","datePublished":"2019-04-08T07:09:20+00:00","dateModified":"2023-11-18T16:58:56+00:00","mainEntityOfPage":{"@id":"https:\/\/agradocosmetic.com\/gama-de-solares-agrado-chicas-listas\/"},"wordCount":692,"commentCount":0,"publisher":{"@id":"https:\/\/agradocosmetic.com\/#organization"},"image":{"@id":"https:\/\/agradocosmetic.com\/gama-de-solares-agrado-chicas-listas\/#primaryimage"},"thumbnailUrl":"https:\/\/agradocosmetic.com\/wp-content\/uploads\/2019\/04\/chicas-listas-agrado.jpg","articleSection":["Solar","Todos"],"inLanguage":"pt-PT","potentialAction":[{"@type":"CommentAction","name":"Comment","target":["https:\/\/agradocosmetic.com\/gama-de-solares-agrado-chicas-listas\/#respond"]}]},{"@type":"WebPage","@id":"https:\/\/agradocosmetic.com\/gama-de-solares-agrado-chicas-listas\/","url":"https:\/\/agradocosmetic.com\/gama-de-solares-agrado-chicas-listas\/","name":"Descubra a nova linha de protetores solares da AGRADO | #protetores solares para garotas inteligentes","isPartOf":{"@id":"https:\/\/agradocosmetic.com\/#website"},"primaryImageOfPage":{"@id":"https:\/\/agradocosmetic.com\/gama-de-solares-agrado-chicas-listas\/#primaryimage"},"image":{"@id":"https:\/\/agradocosmetic.com\/gama-de-solares-agrado-chicas-listas\/#primaryimage"},"thumbnailUrl":"https:\/\/agradocosmetic.com\/wp-content\/uploads\/2019\/04\/chicas-listas-agrado.jpg","datePublished":"2019-04-08T07:09:20+00:00","dateModified":"2023-11-18T16:58:56+00:00","description":"Agora voc\u00ea pode curtir o ver\u00e3o sem se preocupar com nada al\u00e9m da sua pele com a nova linha de protetores solares da AGRADO. Uma nova cole\u00e7\u00e3o de protetores solares para meninas e meninos que querem aproveitar o ver\u00e3o ao m\u00e1ximo sem colocar a pele em risco.","breadcrumb":{"@id":"https:\/\/agradocosmetic.com\/gama-de-solares-agrado-chicas-listas\/#breadcrumb"},"inLanguage":"pt-PT","potentialAction":[{"@type":"ReadAction","target":["https:\/\/agradocosmetic.com\/gama-de-solares-agrado-chicas-listas\/"]}]},{"@type":"ImageObject","inLanguage":"pt-PT","@id":"https:\/\/agradocosmetic.com\/gama-de-solares-agrado-chicas-listas\/#primaryimage","url":"https:\/\/agradocosmetic.com\/wp-content\/uploads\/2019\/04\/chicas-listas-agrado.jpg","contentUrl":"https:\/\/agradocosmetic.com\/wp-content\/uploads\/2019\/04\/chicas-listas-agrado.jpg","width":1200,"height":800},{"@type":"BreadcrumbList","@id":"https:\/\/agradocosmetic.com\/gama-de-solares-agrado-chicas-listas\/#breadcrumb","itemListElement":[{"@type":"ListItem","position":1,"name":"Portada","item":"https:\/\/agradocosmetic.com\/"},{"@type":"ListItem","position":2,"name":"Ya est\u00e1 aqu\u00ed el momento de las chicas listas"}]},{"@type":"WebSite","@id":"https:\/\/agradocosmetic.com\/#website","url":"https:\/\/agradocosmetic.com\/","name":"Gosto","description":"Cosm\u00e9tico","publisher":{"@id":"https:\/\/agradocosmetic.com\/#organization"},"potentialAction":[{"@type":"SearchAction","target":{"@type":"EntryPoint","urlTemplate":"https:\/\/agradocosmetic.com\/?s={search_term_string}"},"query-input":{"@type":"PropertyValueSpecification","valueRequired":true,"valueName":"search_term_string"}}],"inLanguage":"pt-PT"},{"@type":"Organization","@id":"https:\/\/agradocosmetic.com\/#organization","name":"Gosto","url":"https:\/\/agradocosmetic.com\/","logo":{"@type":"ImageObject","inLanguage":"pt-PT","@id":"https:\/\/agradocosmetic.com\/#\/schema\/logo\/image\/","url":"https:\/\/agradocosmetic.com\/wp-content\/uploads\/2023\/07\/LOGO-AGRADO-WEB-01.png","contentUrl":"https:\/\/agradocosmetic.com\/wp-content\/uploads\/2023\/07\/LOGO-AGRADO-WEB-01.png","width":1632,"height":300,"caption":"Agrado"},"image":{"@id":"https:\/\/agradocosmetic.com\/#\/schema\/logo\/image\/"}},{"@type":"Person","@id":"https:\/\/agradocosmetic.com\/#\/schema\/person\/732e8d396022e25f9340196f83d6789d","name":"agradocosm\u00e9tico","image":{"@type":"ImageObject","inLanguage":"pt-PT","@id":"https:\/\/secure.gravatar.com\/avatar\/c6003e45301182b7e125463fcbec403b1980909c12edf09098526b9a15e779c0?s=96&d=mm&r=g","url":"https:\/\/secure.gravatar.com\/avatar\/c6003e45301182b7e125463fcbec403b1980909c12edf09098526b9a15e779c0?s=96&d=mm&r=g","contentUrl":"https:\/\/secure.gravatar.com\/avatar\/c6003e45301182b7e125463fcbec403b1980909c12edf09098526b9a15e779c0?s=96&d=mm&r=g","caption":"agradocosmetic"}}]}},"_links":{"self":[{"href":"https:\/\/agradocosmetic.com\/pt\/wp-json\/wp\/v2\/posts\/3483","targetHints":{"allow":["GET"]}}],"collection":[{"href":"https:\/\/agradocosmetic.com\/pt\/wp-json\/wp\/v2\/posts"}],"about":[{"href":"https:\/\/agradocosmetic.com\/pt\/wp-json\/wp\/v2\/types\/post"}],"author":[{"embeddable":true,"href":"https:\/\/agradocosmetic.com\/pt\/wp-json\/wp\/v2\/users\/9"}],"replies":[{"embeddable":true,"href":"https:\/\/agradocosmetic.com\/pt\/wp-json\/wp\/v2\/comments?post=3483"}],"version-history":[{"count":1,"href":"https:\/\/agradocosmetic.com\/pt\/wp-json\/wp\/v2\/posts\/3483\/revisions"}],"predecessor-version":[{"id":21423,"href":"https:\/\/agradocosmetic.com\/pt\/wp-json\/wp\/v2\/posts\/3483\/revisions\/21423"}],"wp:featuredmedia":[{"embeddable":true,"href":"https:\/\/agradocosmetic.com\/pt\/wp-json\/wp\/v2\/media\/21422"}],"wp:attachment":[{"href":"https:\/\/agradocosmetic.com\/pt\/wp-json\/wp\/v2\/media?parent=3483"}],"wp:term":[{"taxonomy":"category","embeddable":true,"href":"https:\/\/agradocosmetic.com\/pt\/wp-json\/wp\/v2\/categories?post=3483"},{"taxonomy":"post_tag","embeddable":true,"href":"https:\/\/agradocosmetic.com\/pt\/wp-json\/wp\/v2\/tags?post=3483"}],"curies":[{"name":"wp","href":"https:\/\/api.w.org\/{rel}","templated":true}]}}