{"id":35082,"date":"2026-03-26T11:21:21","date_gmt":"2026-03-26T10:21:21","guid":{"rendered":"https:\/\/agradocosmetic.com\/?p=35082"},"modified":"2026-03-09T11:40:14","modified_gmt":"2026-03-09T10:40:14","slug":"repara-tu-cabello-despues-del-invierno-y-preparalo-para-la-primavera","status":"publish","type":"post","link":"https:\/\/agradocosmetic.com\/pt\/repara-tu-cabello-despues-del-invierno-y-preparalo-para-la-primavera\/","title":{"rendered":"Repare os danos do inverno nos seus cabelos e prepare-os para a primavera."},"content":{"rendered":"<h1><b>Repare os danos do inverno nos seus cabelos e prepare-os para a primavera.<\/b><\/h1>\n<p><span style=\"font-weight: 400\">O inverno pode ser rigoroso com os nossos cabelos. Entre o frio, o vento, o aquecimento e o uso frequente de ferramentas como secadores e chapinhas, os cabelos perdem hidrata\u00e7\u00e3o, brilho e elasticidade. Os primeiros sinais de sol e calor indicam que \u00e9 a \u00e9poca ideal para reparar os cabelos e restaurar sua apar\u00eancia saud\u00e1vel a tempo da primavera.<\/span><\/p>\n<p><span style=\"font-weight: 400\">O importante \u00e9 estabelecer uma rotina de cuidados capilares que combine limpeza, nutri\u00e7\u00e3o e repara\u00e7\u00e3o profunda.<\/span><\/p>\n<h2><b>Comece com um shampoo reparador.\u00a0<\/b><\/h2>\n<p><span style=\"font-weight: 400\">O primeiro passo \u00e9 escolher um shampoo que cuide da fibra capilar desde a primeira lavagem. <\/span><a href=\"https:\/\/agradocosmetic.com\/pt\/producto\/champu-professional-reparador-nutritivo-2\/\"><b>Champ\u00f4 Profissional Reparador Nutritivo <\/b><\/a><span style=\"font-weight: 400\">\u00c9 especialmente indicado para cabelos secos e danificados, com uma f\u00f3rmula que cont\u00e9m prote\u00edna de trigo que hidrata e revitaliza desde a raiz. A queratina ajuda a fortalecer os fios e a reduzir a quebra.<\/span><\/p>\n<p><span style=\"font-weight: 400\">Se voc\u00ea notar que seu cabelo est\u00e1 sem brilho ap\u00f3s o inverno, <\/span><a href=\"https:\/\/agradocosmetic.com\/pt\/producto\/champu-profesional-brillo-intenso\/\"><b>Champ\u00f4 Profissional Brilho Intenso <\/b><\/a><span style=\"font-weight: 400\">\u00c9 uma \u00f3tima op\u00e7\u00e3o para voc\u00ea. As prote\u00ednas da seda e o col\u00e1geno ajudam a reparar a cut\u00edcula do cabelo e a restaurar a maciez e o brilho.\u00a0<\/span><\/p>\n<h2><b>Aplique uma m\u00e1scara facial.<\/b><\/h2>\n<p><span style=\"font-weight: 400\">Ap\u00f3s a lavagem, seu cabelo precisa de um tratamento de hidrata\u00e7\u00e3o profunda. <\/span><a href=\"http:\/\/agradocosmetic.com\/pt\/producto\/mascarilla-nutritiva\/\"><b>M\u00e1scara Capilar Nutritiva<\/b><\/a><span style=\"font-weight: 400\"> \u00c9 ideal para cabelos secos e quebradi\u00e7os, suavizando, nutrindo e reparando, proporcionando brilho e vitalidade, gra\u00e7as a ingredientes como g\u00e9rmen de trigo e queratina.<\/span><\/p>\n<p><span style=\"font-weight: 400\">Se voc\u00ea notar que seu cabelo est\u00e1 frisado ou dif\u00edcil de controlar, <\/span><a href=\"https:\/\/agradocosmetic.com\/pt\/producto\/mascarilla-keratina\/\"><b>M\u00e1scara Capilar Queratina <\/b><\/a><span style=\"font-weight: 400\">Ajuda a reparar a fibra capilar, deixando o cabelo mais forte, brilhante e f\u00e1cil de pentear.<\/span><\/p>\n<p><span style=\"font-weight: 400\">Aplique uma ou duas vezes por semana para revitalizar seus cabelos.<\/span><\/p>\n<h2><b>Um pequeno ritual para cabelos renovados.<\/b><\/h2>\n<p><span style=\"font-weight: 400\">Dedicar alguns minutos extras aos cuidados com os cabelos pode transformar completamente a sua apar\u00eancia. Com uma rotina focada na repara\u00e7\u00e3o capilar, os fios recuperam a maciez, o brilho e a for\u00e7a, bem a tempo de aproveitar a primavera com um visual fresco e saud\u00e1vel.\u00a0<\/span><\/p>\n<p><span style=\"font-weight: 400\">Porque quando o seu cabelo est\u00e1 bem cuidado\u2026 isso tamb\u00e9m se reflete em como voc\u00ea se sente.<\/span><\/p>","protected":false},"excerpt":{"rendered":"<p>Repara tu cabello despu\u00e9s del invierno y prep\u00e1ralo para la primavera El invierno puede ser duro para nuestra melena. Entre el fr\u00edo, el viento, la calefacci\u00f3n y el uso frecuente de herramientas como secadores o planchas hacen que el cabello pierda hidrataci\u00f3n, brillo y elasticidad. Las primeras apariciones de sol y calor indican que es [&hellip;]<\/p>\n","protected":false},"author":11,"featured_media":35083,"comment_status":"closed","ping_status":"closed","sticky":false,"template":"","format":"standard","meta":{"footnotes":"","_wp_rev_ctl_limit":""},"categories":[509,128,1],"tags":[951,952,245,448],"class_list":["post-35082","post","type-post","status-publish","format-standard","has-post-thumbnail","hentry","category-capilar-en","category-capilar","category-todos","tag-repara","tag-repara-cabello","tag-cabello","tag-primavera"],"yoast_head":"<!-- This site is optimized with the Yoast SEO plugin v27.4 - https:\/\/yoast.com\/product\/yoast-seo-wordpress\/ -->\n<title>Repara tu cabello despu\u00e9s del invierno y prep\u00e1ralo para la primavera - Agrado<\/title>\n<meta name=\"description\" content=\"El invierno puede ser duro para nuestra melena. Entre el fr\u00edo, el viento, la calefacci\u00f3n y el uso frecuente de herramientas como secadores o planchas hacen que el cabello pierda hidrataci\u00f3n, brillo y elasticidad. Las primeras apariciones de sol y calor indican que es el momento ideal para reparar el cabello y devolverle su aspecto saludable en sinton\u00eda con la primavera.\" \/>\n<meta name=\"robots\" content=\"index, follow, max-snippet:-1, max-image-preview:large, max-video-preview:-1\" \/>\n<link rel=\"canonical\" href=\"https:\/\/agradocosmetic.com\/pt\/repara-tu-cabello-despues-del-invierno-y-preparalo-para-la-primavera\/\" \/>\n<meta property=\"og:locale\" content=\"pt_PT\" \/>\n<meta property=\"og:type\" content=\"article\" \/>\n<meta property=\"og:title\" content=\"Repara tu cabello despu\u00e9s del invierno y prep\u00e1ralo para la primavera - Agrado\" \/>\n<meta property=\"og:description\" content=\"El invierno puede ser duro para nuestra melena. Entre el fr\u00edo, el viento, la calefacci\u00f3n y el uso frecuente de herramientas como secadores o planchas hacen que el cabello pierda hidrataci\u00f3n, brillo y elasticidad. Las primeras apariciones de sol y calor indican que es el momento ideal para reparar el cabello y devolverle su aspecto saludable en sinton\u00eda con la primavera.\" \/>\n<meta property=\"og:url\" content=\"https:\/\/agradocosmetic.com\/pt\/repara-tu-cabello-despues-del-invierno-y-preparalo-para-la-primavera\/\" \/>\n<meta property=\"og:site_name\" content=\"Agrado\" \/>\n<meta property=\"article:published_time\" content=\"2026-03-26T10:21:21+00:00\" \/>\n<meta property=\"og:image\" content=\"https:\/\/agradocosmetic.com\/wp-content\/uploads\/2026\/03\/OCTUBRE-1.png\" \/>\n\t<meta property=\"og:image:width\" content=\"1140\" \/>\n\t<meta property=\"og:image:height\" content=\"600\" \/>\n\t<meta property=\"og:image:type\" content=\"image\/png\" \/>\n<meta name=\"author\" content=\"carmen\" \/>\n<meta name=\"twitter:card\" content=\"summary_large_image\" \/>\n<meta name=\"twitter:label1\" content=\"Escrito por\" \/>\n\t<meta name=\"twitter:data1\" content=\"carmen\" \/>\n\t<meta name=\"twitter:label2\" content=\"Tempo estimado de leitura\" \/>\n\t<meta name=\"twitter:data2\" content=\"2 minutos\" \/>\n<script type=\"application\/ld+json\" class=\"yoast-schema-graph\">{\"@context\":\"https:\\\/\\\/schema.org\",\"@graph\":[{\"@type\":\"Article\",\"@id\":\"https:\\\/\\\/agradocosmetic.com\\\/repara-tu-cabello-despues-del-invierno-y-preparalo-para-la-primavera\\\/#article\",\"isPartOf\":{\"@id\":\"https:\\\/\\\/agradocosmetic.com\\\/repara-tu-cabello-despues-del-invierno-y-preparalo-para-la-primavera\\\/\"},\"author\":{\"name\":\"carmen\",\"@id\":\"https:\\\/\\\/agradocosmetic.com\\\/#\\\/schema\\\/person\\\/59124921013b50f80959d84fc7219096\"},\"headline\":\"Repara tu cabello despu\u00e9s del invierno y prep\u00e1ralo para la primavera\",\"datePublished\":\"2026-03-26T10:21:21+00:00\",\"mainEntityOfPage\":{\"@id\":\"https:\\\/\\\/agradocosmetic.com\\\/repara-tu-cabello-despues-del-invierno-y-preparalo-para-la-primavera\\\/\"},\"wordCount\":368,\"publisher\":{\"@id\":\"https:\\\/\\\/agradocosmetic.com\\\/#organization\"},\"image\":{\"@id\":\"https:\\\/\\\/agradocosmetic.com\\\/repara-tu-cabello-despues-del-invierno-y-preparalo-para-la-primavera\\\/#primaryimage\"},\"thumbnailUrl\":\"https:\\\/\\\/agradocosmetic.com\\\/wp-content\\\/uploads\\\/2026\\\/03\\\/OCTUBRE-1.png\",\"keywords\":[\"repara\",\"repara cabello\",\"cabello\",\"primavera\"],\"articleSection\":[\"Capilar\",\"Capilar\",\"Todos\"],\"inLanguage\":\"pt-PT\"},{\"@type\":\"WebPage\",\"@id\":\"https:\\\/\\\/agradocosmetic.com\\\/repara-tu-cabello-despues-del-invierno-y-preparalo-para-la-primavera\\\/\",\"url\":\"https:\\\/\\\/agradocosmetic.com\\\/repara-tu-cabello-despues-del-invierno-y-preparalo-para-la-primavera\\\/\",\"name\":\"Repara tu cabello despu\u00e9s del invierno y prep\u00e1ralo para la primavera - Agrado\",\"isPartOf\":{\"@id\":\"https:\\\/\\\/agradocosmetic.com\\\/#website\"},\"primaryImageOfPage\":{\"@id\":\"https:\\\/\\\/agradocosmetic.com\\\/repara-tu-cabello-despues-del-invierno-y-preparalo-para-la-primavera\\\/#primaryimage\"},\"image\":{\"@id\":\"https:\\\/\\\/agradocosmetic.com\\\/repara-tu-cabello-despues-del-invierno-y-preparalo-para-la-primavera\\\/#primaryimage\"},\"thumbnailUrl\":\"https:\\\/\\\/agradocosmetic.com\\\/wp-content\\\/uploads\\\/2026\\\/03\\\/OCTUBRE-1.png\",\"datePublished\":\"2026-03-26T10:21:21+00:00\",\"description\":\"El invierno puede ser duro para nuestra melena. Entre el fr\u00edo, el viento, la calefacci\u00f3n y el uso frecuente de herramientas como secadores o planchas hacen que el cabello pierda hidrataci\u00f3n, brillo y elasticidad. Las primeras apariciones de sol y calor indican que es el momento ideal para reparar el cabello y devolverle su aspecto saludable en sinton\u00eda con la primavera.\",\"breadcrumb\":{\"@id\":\"https:\\\/\\\/agradocosmetic.com\\\/repara-tu-cabello-despues-del-invierno-y-preparalo-para-la-primavera\\\/#breadcrumb\"},\"inLanguage\":\"pt-PT\",\"potentialAction\":[{\"@type\":\"ReadAction\",\"target\":[\"https:\\\/\\\/agradocosmetic.com\\\/repara-tu-cabello-despues-del-invierno-y-preparalo-para-la-primavera\\\/\"]}]},{\"@type\":\"ImageObject\",\"inLanguage\":\"pt-PT\",\"@id\":\"https:\\\/\\\/agradocosmetic.com\\\/repara-tu-cabello-despues-del-invierno-y-preparalo-para-la-primavera\\\/#primaryimage\",\"url\":\"https:\\\/\\\/agradocosmetic.com\\\/wp-content\\\/uploads\\\/2026\\\/03\\\/OCTUBRE-1.png\",\"contentUrl\":\"https:\\\/\\\/agradocosmetic.com\\\/wp-content\\\/uploads\\\/2026\\\/03\\\/OCTUBRE-1.png\",\"width\":1140,\"height\":600,\"caption\":\"reparar cabello\"},{\"@type\":\"BreadcrumbList\",\"@id\":\"https:\\\/\\\/agradocosmetic.com\\\/repara-tu-cabello-despues-del-invierno-y-preparalo-para-la-primavera\\\/#breadcrumb\",\"itemListElement\":[{\"@type\":\"ListItem\",\"position\":1,\"name\":\"Portada\",\"item\":\"https:\\\/\\\/agradocosmetic.com\\\/\"},{\"@type\":\"ListItem\",\"position\":2,\"name\":\"Repara tu cabello despu\u00e9s del invierno y prep\u00e1ralo para la primavera\"}]},{\"@type\":\"WebSite\",\"@id\":\"https:\\\/\\\/agradocosmetic.com\\\/#website\",\"url\":\"https:\\\/\\\/agradocosmetic.com\\\/\",\"name\":\"Agrado\",\"description\":\"Cosmetic\",\"publisher\":{\"@id\":\"https:\\\/\\\/agradocosmetic.com\\\/#organization\"},\"potentialAction\":[{\"@type\":\"SearchAction\",\"target\":{\"@type\":\"EntryPoint\",\"urlTemplate\":\"https:\\\/\\\/agradocosmetic.com\\\/?s={search_term_string}\"},\"query-input\":{\"@type\":\"PropertyValueSpecification\",\"valueRequired\":true,\"valueName\":\"search_term_string\"}}],\"inLanguage\":\"pt-PT\"},{\"@type\":\"Organization\",\"@id\":\"https:\\\/\\\/agradocosmetic.com\\\/#organization\",\"name\":\"Agrado\",\"url\":\"https:\\\/\\\/agradocosmetic.com\\\/\",\"logo\":{\"@type\":\"ImageObject\",\"inLanguage\":\"pt-PT\",\"@id\":\"https:\\\/\\\/agradocosmetic.com\\\/#\\\/schema\\\/logo\\\/image\\\/\",\"url\":\"https:\\\/\\\/agradocosmetic.com\\\/wp-content\\\/uploads\\\/2023\\\/07\\\/LOGO-AGRADO-WEB-01.png\",\"contentUrl\":\"https:\\\/\\\/agradocosmetic.com\\\/wp-content\\\/uploads\\\/2023\\\/07\\\/LOGO-AGRADO-WEB-01.png\",\"width\":1632,\"height\":300,\"caption\":\"Agrado\"},\"image\":{\"@id\":\"https:\\\/\\\/agradocosmetic.com\\\/#\\\/schema\\\/logo\\\/image\\\/\"}},{\"@type\":\"Person\",\"@id\":\"https:\\\/\\\/agradocosmetic.com\\\/#\\\/schema\\\/person\\\/59124921013b50f80959d84fc7219096\",\"name\":\"carmen\",\"image\":{\"@type\":\"ImageObject\",\"inLanguage\":\"pt-PT\",\"@id\":\"https:\\\/\\\/secure.gravatar.com\\\/avatar\\\/2036bf58c019bb0a3f94937a2ed7cab76ae6ebe239f705f7c62ea5c48f93531f?s=96&d=mm&r=g\",\"url\":\"https:\\\/\\\/secure.gravatar.com\\\/avatar\\\/2036bf58c019bb0a3f94937a2ed7cab76ae6ebe239f705f7c62ea5c48f93531f?s=96&d=mm&r=g\",\"contentUrl\":\"https:\\\/\\\/secure.gravatar.com\\\/avatar\\\/2036bf58c019bb0a3f94937a2ed7cab76ae6ebe239f705f7c62ea5c48f93531f?s=96&d=mm&r=g\",\"caption\":\"carmen\"}}]}<\/script>\n<!-- \/ Yoast SEO plugin. -->","yoast_head_json":{"title":"Repara tu cabello despu\u00e9s del invierno y prep\u00e1ralo para la primavera - Agrado","description":"O inverno pode ser rigoroso com os nossos cabelos. Entre o frio, o vento, o aquecimento e o uso frequente de ferramentas como secadores e chapinhas, os cabelos perdem hidrata\u00e7\u00e3o, brilho e elasticidade. Os primeiros sinais de sol e calor indicam que \u00e9 a \u00e9poca ideal para reparar os cabelos e restaurar sua apar\u00eancia saud\u00e1vel a tempo da primavera.","robots":{"index":"index","follow":"follow","max-snippet":"max-snippet:-1","max-image-preview":"max-image-preview:large","max-video-preview":"max-video-preview:-1"},"canonical":"https:\/\/agradocosmetic.com\/pt\/repara-tu-cabello-despues-del-invierno-y-preparalo-para-la-primavera\/","og_locale":"pt_PT","og_type":"article","og_title":"Repara tu cabello despu\u00e9s del invierno y prep\u00e1ralo para la primavera - Agrado","og_description":"El invierno puede ser duro para nuestra melena. Entre el fr\u00edo, el viento, la calefacci\u00f3n y el uso frecuente de herramientas como secadores o planchas hacen que el cabello pierda hidrataci\u00f3n, brillo y elasticidad. Las primeras apariciones de sol y calor indican que es el momento ideal para reparar el cabello y devolverle su aspecto saludable en sinton\u00eda con la primavera.","og_url":"https:\/\/agradocosmetic.com\/pt\/repara-tu-cabello-despues-del-invierno-y-preparalo-para-la-primavera\/","og_site_name":"Agrado","article_published_time":"2026-03-26T10:21:21+00:00","og_image":[{"width":1140,"height":600,"url":"https:\/\/agradocosmetic.com\/wp-content\/uploads\/2026\/03\/OCTUBRE-1.png","type":"image\/png"}],"author":"carmen","twitter_card":"summary_large_image","twitter_misc":{"Escrito por":"carmen","Tempo estimado de leitura":"2 minutos"},"schema":{"@context":"https:\/\/schema.org","@graph":[{"@type":"Article","@id":"https:\/\/agradocosmetic.com\/repara-tu-cabello-despues-del-invierno-y-preparalo-para-la-primavera\/#article","isPartOf":{"@id":"https:\/\/agradocosmetic.com\/repara-tu-cabello-despues-del-invierno-y-preparalo-para-la-primavera\/"},"author":{"name":"carmen","@id":"https:\/\/agradocosmetic.com\/#\/schema\/person\/59124921013b50f80959d84fc7219096"},"headline":"Repara tu cabello despu\u00e9s del invierno y prep\u00e1ralo para la primavera","datePublished":"2026-03-26T10:21:21+00:00","mainEntityOfPage":{"@id":"https:\/\/agradocosmetic.com\/repara-tu-cabello-despues-del-invierno-y-preparalo-para-la-primavera\/"},"wordCount":368,"publisher":{"@id":"https:\/\/agradocosmetic.com\/#organization"},"image":{"@id":"https:\/\/agradocosmetic.com\/repara-tu-cabello-despues-del-invierno-y-preparalo-para-la-primavera\/#primaryimage"},"thumbnailUrl":"https:\/\/agradocosmetic.com\/wp-content\/uploads\/2026\/03\/OCTUBRE-1.png","keywords":["repara","repara cabello","cabello","primavera"],"articleSection":["Capilar","Capilar","Todos"],"inLanguage":"pt-PT"},{"@type":"WebPage","@id":"https:\/\/agradocosmetic.com\/repara-tu-cabello-despues-del-invierno-y-preparalo-para-la-primavera\/","url":"https:\/\/agradocosmetic.com\/repara-tu-cabello-despues-del-invierno-y-preparalo-para-la-primavera\/","name":"Repara tu cabello despu\u00e9s del invierno y prep\u00e1ralo para la primavera - Agrado","isPartOf":{"@id":"https:\/\/agradocosmetic.com\/#website"},"primaryImageOfPage":{"@id":"https:\/\/agradocosmetic.com\/repara-tu-cabello-despues-del-invierno-y-preparalo-para-la-primavera\/#primaryimage"},"image":{"@id":"https:\/\/agradocosmetic.com\/repara-tu-cabello-despues-del-invierno-y-preparalo-para-la-primavera\/#primaryimage"},"thumbnailUrl":"https:\/\/agradocosmetic.com\/wp-content\/uploads\/2026\/03\/OCTUBRE-1.png","datePublished":"2026-03-26T10:21:21+00:00","description":"O inverno pode ser rigoroso com os nossos cabelos. Entre o frio, o vento, o aquecimento e o uso frequente de ferramentas como secadores e chapinhas, os cabelos perdem hidrata\u00e7\u00e3o, brilho e elasticidade. Os primeiros sinais de sol e calor indicam que \u00e9 a \u00e9poca ideal para reparar os cabelos e restaurar sua apar\u00eancia saud\u00e1vel a tempo da primavera.","breadcrumb":{"@id":"https:\/\/agradocosmetic.com\/repara-tu-cabello-despues-del-invierno-y-preparalo-para-la-primavera\/#breadcrumb"},"inLanguage":"pt-PT","potentialAction":[{"@type":"ReadAction","target":["https:\/\/agradocosmetic.com\/repara-tu-cabello-despues-del-invierno-y-preparalo-para-la-primavera\/"]}]},{"@type":"ImageObject","inLanguage":"pt-PT","@id":"https:\/\/agradocosmetic.com\/repara-tu-cabello-despues-del-invierno-y-preparalo-para-la-primavera\/#primaryimage","url":"https:\/\/agradocosmetic.com\/wp-content\/uploads\/2026\/03\/OCTUBRE-1.png","contentUrl":"https:\/\/agradocosmetic.com\/wp-content\/uploads\/2026\/03\/OCTUBRE-1.png","width":1140,"height":600,"caption":"reparar cabello"},{"@type":"BreadcrumbList","@id":"https:\/\/agradocosmetic.com\/repara-tu-cabello-despues-del-invierno-y-preparalo-para-la-primavera\/#breadcrumb","itemListElement":[{"@type":"ListItem","position":1,"name":"Portada","item":"https:\/\/agradocosmetic.com\/"},{"@type":"ListItem","position":2,"name":"Repara tu cabello despu\u00e9s del invierno y prep\u00e1ralo para la primavera"}]},{"@type":"WebSite","@id":"https:\/\/agradocosmetic.com\/#website","url":"https:\/\/agradocosmetic.com\/","name":"Gosto","description":"Cosm\u00e9tico","publisher":{"@id":"https:\/\/agradocosmetic.com\/#organization"},"potentialAction":[{"@type":"SearchAction","target":{"@type":"EntryPoint","urlTemplate":"https:\/\/agradocosmetic.com\/?s={search_term_string}"},"query-input":{"@type":"PropertyValueSpecification","valueRequired":true,"valueName":"search_term_string"}}],"inLanguage":"pt-PT"},{"@type":"Organization","@id":"https:\/\/agradocosmetic.com\/#organization","name":"Gosto","url":"https:\/\/agradocosmetic.com\/","logo":{"@type":"ImageObject","inLanguage":"pt-PT","@id":"https:\/\/agradocosmetic.com\/#\/schema\/logo\/image\/","url":"https:\/\/agradocosmetic.com\/wp-content\/uploads\/2023\/07\/LOGO-AGRADO-WEB-01.png","contentUrl":"https:\/\/agradocosmetic.com\/wp-content\/uploads\/2023\/07\/LOGO-AGRADO-WEB-01.png","width":1632,"height":300,"caption":"Agrado"},"image":{"@id":"https:\/\/agradocosmetic.com\/#\/schema\/logo\/image\/"}},{"@type":"Person","@id":"https:\/\/agradocosmetic.com\/#\/schema\/person\/59124921013b50f80959d84fc7219096","name":"Carmem","image":{"@type":"ImageObject","inLanguage":"pt-PT","@id":"https:\/\/secure.gravatar.com\/avatar\/2036bf58c019bb0a3f94937a2ed7cab76ae6ebe239f705f7c62ea5c48f93531f?s=96&d=mm&r=g","url":"https:\/\/secure.gravatar.com\/avatar\/2036bf58c019bb0a3f94937a2ed7cab76ae6ebe239f705f7c62ea5c48f93531f?s=96&d=mm&r=g","contentUrl":"https:\/\/secure.gravatar.com\/avatar\/2036bf58c019bb0a3f94937a2ed7cab76ae6ebe239f705f7c62ea5c48f93531f?s=96&d=mm&r=g","caption":"carmen"}}]}},"_links":{"self":[{"href":"https:\/\/agradocosmetic.com\/pt\/wp-json\/wp\/v2\/posts\/35082","targetHints":{"allow":["GET"]}}],"collection":[{"href":"https:\/\/agradocosmetic.com\/pt\/wp-json\/wp\/v2\/posts"}],"about":[{"href":"https:\/\/agradocosmetic.com\/pt\/wp-json\/wp\/v2\/types\/post"}],"author":[{"embeddable":true,"href":"https:\/\/agradocosmetic.com\/pt\/wp-json\/wp\/v2\/users\/11"}],"replies":[{"embeddable":true,"href":"https:\/\/agradocosmetic.com\/pt\/wp-json\/wp\/v2\/comments?post=35082"}],"version-history":[{"count":2,"href":"https:\/\/agradocosmetic.com\/pt\/wp-json\/wp\/v2\/posts\/35082\/revisions"}],"predecessor-version":[{"id":35085,"href":"https:\/\/agradocosmetic.com\/pt\/wp-json\/wp\/v2\/posts\/35082\/revisions\/35085"}],"wp:featuredmedia":[{"embeddable":true,"href":"https:\/\/agradocosmetic.com\/pt\/wp-json\/wp\/v2\/media\/35083"}],"wp:attachment":[{"href":"https:\/\/agradocosmetic.com\/pt\/wp-json\/wp\/v2\/media?parent=35082"}],"wp:term":[{"taxonomy":"category","embeddable":true,"href":"https:\/\/agradocosmetic.com\/pt\/wp-json\/wp\/v2\/categories?post=35082"},{"taxonomy":"post_tag","embeddable":true,"href":"https:\/\/agradocosmetic.com\/pt\/wp-json\/wp\/v2\/tags?post=35082"}],"curies":[{"name":"wp","href":"https:\/\/api.w.org\/{rel}","templated":true}]}}