{"id":36024,"date":"2026-05-22T09:00:51","date_gmt":"2026-05-22T08:00:51","guid":{"rendered":"https:\/\/agradocosmetic.com\/?p=36024"},"modified":"2026-08-31T19:48:04","modified_gmt":"2026-08-31T18:48:04","slug":"guia-basica-de-proteccion-solar-todo-lo-que-necesitas-saber-antes-del-verano","status":"publish","type":"post","link":"https:\/\/agradocosmetic.com\/pt\/guia-basica-de-proteccion-solar-todo-lo-que-necesitas-saber-antes-del-verano\/","title":{"rendered":"Gu\u00eda b\u00e1sica de protecci\u00f3n solar: todo lo que necesitas saber antes del verano"},"content":{"rendered":"<p><span style=\"font-weight: 400\">Con la llegada del buen tiempo, hay un imprescindible que no puede faltar en tu neceser: la <a href=\"https:\/\/agradocosmetic.com\/pt\/agrado-sun-care\/\" target=\"_blank\" rel=\"noopener\">protecci\u00f3n solar<\/a>.<\/span><\/p>\n<p><span style=\"font-weight: 400\">Antes de lanzarte a tomar el sol, es importante tener claras algunas bases. La primera: elegir el SPF adecuado. Para el d\u00eda a d\u00eda y exposiciones prolongadas, lo ideal es un SPF 50 que garantice una protecci\u00f3n alta. La segunda: aplicar suficiente cantidad y hacerlo antes de la exposici\u00f3n. Y la tercera, no olvidarlo\u2026 nunca.<\/span><\/p>\n<p><span style=\"font-weight: 400\">La gama <a href=\"https:\/\/agradocosmetic.com\/pt\/agrado-sun-care\/\" target=\"_blank\" rel=\"noopener\">Eu gosto de protetor solar<\/a> est\u00e1 pensada para acompa\u00f1arte durante todo el verano, con opciones c\u00f3modas, eficaces y adaptadas a diferentes necesidades: desde protectores faciales ligeros hasta formatos resistentes al agua y al sudor, perfectos para d\u00edas de playa o actividad al aire libre .<\/span><\/p>\n<p><span style=\"font-weight: 400\">Recuerda: protegerte no significa renunciar al sol, sino disfrutarlo de forma responsable.<\/span><\/p>\n<p><span style=\"font-weight: 400\">Este verano, haz del protector solar tu mejor aliado. Tu piel lo notar\u00e1\u2026 hoy y siempre.<\/span><\/p>","protected":false},"excerpt":{"rendered":"<p>Con la llegada del buen tiempo, hay un imprescindible que no puede faltar en tu neceser: la protecci\u00f3n solar. Antes de lanzarte a tomar el sol, es importante tener claras algunas bases. La primera: elegir el SPF adecuado. Para el d\u00eda a d\u00eda y exposiciones prolongadas, lo ideal es un SPF 50 que garantice una [&hellip;]<\/p>\n","protected":false},"author":11,"featured_media":36017,"comment_status":"closed","ping_status":"closed","sticky":false,"template":"","format":"standard","meta":{"footnotes":"","_wp_rev_ctl_limit":""},"categories":[531],"tags":[962,740,126,225,317,410,230,321],"class_list":["post-36024","post","type-post","status-publish","format-standard","has-post-thumbnail","hentry","category-solar-en","tag-guia-basica","tag-agrado-sun-care","tag-agrado","tag-proteccion","tag-proteccion-solar","tag-protector-solar","tag-spf","tag-verano"],"yoast_head":"<!-- This site is optimized with the Yoast SEO plugin v28.3 - https:\/\/yoast.com\/product\/yoast-seo-wordpress\/ -->\n<title>Gu\u00eda b\u00e1sica de protecci\u00f3n solar: todo lo que necesitas saber antes del verano - Agrado<\/title>\n<meta name=\"robots\" content=\"index, follow, max-snippet:-1, max-image-preview:large, max-video-preview:-1\" \/>\n<link rel=\"canonical\" href=\"https:\/\/agradocosmetic.com\/pt\/guia-basica-de-proteccion-solar-todo-lo-que-necesitas-saber-antes-del-verano\/\" \/>\n<meta property=\"og:locale\" content=\"pt_PT\" \/>\n<meta property=\"og:type\" content=\"article\" \/>\n<meta property=\"og:title\" content=\"Gu\u00eda b\u00e1sica de protecci\u00f3n solar: todo lo que necesitas saber antes del verano - Agrado\" \/>\n<meta property=\"og:description\" content=\"Con la llegada del buen tiempo, hay un imprescindible que no puede faltar en tu neceser: la protecci\u00f3n solar. Antes de lanzarte a tomar el sol, es importante tener claras algunas bases. La primera: elegir el SPF adecuado. Para el d\u00eda a d\u00eda y exposiciones prolongadas, lo ideal es un SPF 50 que garantice una [&hellip;]\" \/>\n<meta property=\"og:url\" content=\"https:\/\/agradocosmetic.com\/pt\/guia-basica-de-proteccion-solar-todo-lo-que-necesitas-saber-antes-del-verano\/\" \/>\n<meta property=\"og:site_name\" content=\"Agrado\" \/>\n<meta property=\"article:published_time\" content=\"2026-05-22T08:00:51+00:00\" \/>\n<meta property=\"article:modified_time\" content=\"2026-08-31T18:48:04+00:00\" \/>\n<meta property=\"og:image\" content=\"https:\/\/agradocosmetic.com\/wp-content\/uploads\/2026\/08\/MAYO-26-2.jpg\" \/>\n\t<meta property=\"og:image:width\" content=\"1140\" \/>\n\t<meta property=\"og:image:height\" content=\"600\" \/>\n\t<meta property=\"og:image:type\" content=\"image\/jpeg\" \/>\n<meta name=\"author\" content=\"carmen\" \/>\n<meta name=\"twitter:card\" content=\"summary_large_image\" \/>\n<meta name=\"twitter:label1\" content=\"Escrito por\" \/>\n\t<meta name=\"twitter:data1\" content=\"carmen\" \/>\n\t<meta name=\"twitter:label2\" content=\"Tempo estimado de leitura\" \/>\n\t<meta name=\"twitter:data2\" content=\"1 minuto\" \/>\n<script type=\"application\/ld+json\" class=\"yoast-schema-graph\">{\"@context\":\"https:\\\/\\\/schema.org\",\"@graph\":[{\"@type\":\"Article\",\"@id\":\"https:\\\/\\\/agradocosmetic.com\\\/guia-basica-de-proteccion-solar-todo-lo-que-necesitas-saber-antes-del-verano\\\/#article\",\"isPartOf\":{\"@id\":\"https:\\\/\\\/agradocosmetic.com\\\/guia-basica-de-proteccion-solar-todo-lo-que-necesitas-saber-antes-del-verano\\\/\"},\"author\":{\"name\":\"carmen\",\"@id\":\"https:\\\/\\\/agradocosmetic.com\\\/#\\\/schema\\\/person\\\/59124921013b50f80959d84fc7219096\"},\"headline\":\"Gu\u00eda b\u00e1sica de protecci\u00f3n solar: todo lo que necesitas saber antes del verano\",\"datePublished\":\"2026-05-22T08:00:51+00:00\",\"dateModified\":\"2026-08-31T18:48:04+00:00\",\"mainEntityOfPage\":{\"@id\":\"https:\\\/\\\/agradocosmetic.com\\\/guia-basica-de-proteccion-solar-todo-lo-que-necesitas-saber-antes-del-verano\\\/\"},\"wordCount\":169,\"publisher\":{\"@id\":\"https:\\\/\\\/agradocosmetic.com\\\/#organization\"},\"image\":{\"@id\":\"https:\\\/\\\/agradocosmetic.com\\\/guia-basica-de-proteccion-solar-todo-lo-que-necesitas-saber-antes-del-verano\\\/#primaryimage\"},\"thumbnailUrl\":\"https:\\\/\\\/agradocosmetic.com\\\/wp-content\\\/uploads\\\/2026\\\/08\\\/MAYO-26-2.jpg\",\"keywords\":[\"gu\u00eda b\u00e1sica\",\"agrado sun care\",\"agrado\",\"proteccion\",\"proteccion solar\",\"protector solar\",\"spf\",\"verano\"],\"articleSection\":[\"Solar\"],\"inLanguage\":\"pt-PT\"},{\"@type\":\"WebPage\",\"@id\":\"https:\\\/\\\/agradocosmetic.com\\\/guia-basica-de-proteccion-solar-todo-lo-que-necesitas-saber-antes-del-verano\\\/\",\"url\":\"https:\\\/\\\/agradocosmetic.com\\\/guia-basica-de-proteccion-solar-todo-lo-que-necesitas-saber-antes-del-verano\\\/\",\"name\":\"Gu\u00eda b\u00e1sica de protecci\u00f3n solar: todo lo que necesitas saber antes del verano - Agrado\",\"isPartOf\":{\"@id\":\"https:\\\/\\\/agradocosmetic.com\\\/#website\"},\"primaryImageOfPage\":{\"@id\":\"https:\\\/\\\/agradocosmetic.com\\\/guia-basica-de-proteccion-solar-todo-lo-que-necesitas-saber-antes-del-verano\\\/#primaryimage\"},\"image\":{\"@id\":\"https:\\\/\\\/agradocosmetic.com\\\/guia-basica-de-proteccion-solar-todo-lo-que-necesitas-saber-antes-del-verano\\\/#primaryimage\"},\"thumbnailUrl\":\"https:\\\/\\\/agradocosmetic.com\\\/wp-content\\\/uploads\\\/2026\\\/08\\\/MAYO-26-2.jpg\",\"datePublished\":\"2026-05-22T08:00:51+00:00\",\"dateModified\":\"2026-08-31T18:48:04+00:00\",\"breadcrumb\":{\"@id\":\"https:\\\/\\\/agradocosmetic.com\\\/guia-basica-de-proteccion-solar-todo-lo-que-necesitas-saber-antes-del-verano\\\/#breadcrumb\"},\"inLanguage\":\"pt-PT\",\"potentialAction\":[{\"@type\":\"ReadAction\",\"target\":[\"https:\\\/\\\/agradocosmetic.com\\\/guia-basica-de-proteccion-solar-todo-lo-que-necesitas-saber-antes-del-verano\\\/\"]}]},{\"@type\":\"ImageObject\",\"inLanguage\":\"pt-PT\",\"@id\":\"https:\\\/\\\/agradocosmetic.com\\\/guia-basica-de-proteccion-solar-todo-lo-que-necesitas-saber-antes-del-verano\\\/#primaryimage\",\"url\":\"https:\\\/\\\/agradocosmetic.com\\\/wp-content\\\/uploads\\\/2026\\\/08\\\/MAYO-26-2.jpg\",\"contentUrl\":\"https:\\\/\\\/agradocosmetic.com\\\/wp-content\\\/uploads\\\/2026\\\/08\\\/MAYO-26-2.jpg\",\"width\":1140,\"height\":600,\"caption\":\"gu\u00eda de protecci\u00f3n solar\"},{\"@type\":\"BreadcrumbList\",\"@id\":\"https:\\\/\\\/agradocosmetic.com\\\/guia-basica-de-proteccion-solar-todo-lo-que-necesitas-saber-antes-del-verano\\\/#breadcrumb\",\"itemListElement\":[{\"@type\":\"ListItem\",\"position\":1,\"name\":\"Portada\",\"item\":\"https:\\\/\\\/agradocosmetic.com\\\/\"},{\"@type\":\"ListItem\",\"position\":2,\"name\":\"Gu\u00eda b\u00e1sica de protecci\u00f3n solar: todo lo que necesitas saber antes del verano\"}]},{\"@type\":\"WebSite\",\"@id\":\"https:\\\/\\\/agradocosmetic.com\\\/#website\",\"url\":\"https:\\\/\\\/agradocosmetic.com\\\/\",\"name\":\"Agrado\",\"description\":\"Cosmetic\",\"publisher\":{\"@id\":\"https:\\\/\\\/agradocosmetic.com\\\/#organization\"},\"potentialAction\":[{\"@type\":\"SearchAction\",\"target\":{\"@type\":\"EntryPoint\",\"urlTemplate\":\"https:\\\/\\\/agradocosmetic.com\\\/?s={search_term_string}\"},\"query-input\":{\"@type\":\"PropertyValueSpecification\",\"valueRequired\":true,\"valueName\":\"search_term_string\"}}],\"inLanguage\":\"pt-PT\"},{\"@type\":\"Organization\",\"@id\":\"https:\\\/\\\/agradocosmetic.com\\\/#organization\",\"name\":\"Agrado\",\"url\":\"https:\\\/\\\/agradocosmetic.com\\\/\",\"logo\":{\"@type\":\"ImageObject\",\"inLanguage\":\"pt-PT\",\"@id\":\"https:\\\/\\\/agradocosmetic.com\\\/#\\\/schema\\\/logo\\\/image\\\/\",\"url\":\"https:\\\/\\\/agradocosmetic.com\\\/wp-content\\\/uploads\\\/2023\\\/07\\\/LOGO-AGRADO-WEB-01.png\",\"contentUrl\":\"https:\\\/\\\/agradocosmetic.com\\\/wp-content\\\/uploads\\\/2023\\\/07\\\/LOGO-AGRADO-WEB-01.png\",\"width\":1632,\"height\":300,\"caption\":\"Agrado\"},\"image\":{\"@id\":\"https:\\\/\\\/agradocosmetic.com\\\/#\\\/schema\\\/logo\\\/image\\\/\"}},{\"@type\":\"Person\",\"@id\":\"https:\\\/\\\/agradocosmetic.com\\\/#\\\/schema\\\/person\\\/59124921013b50f80959d84fc7219096\",\"name\":\"carmen\",\"image\":{\"@type\":\"ImageObject\",\"inLanguage\":\"pt-PT\",\"@id\":\"https:\\\/\\\/secure.gravatar.com\\\/avatar\\\/2036bf58c019bb0a3f94937a2ed7cab76ae6ebe239f705f7c62ea5c48f93531f?s=96&d=mm&r=g\",\"url\":\"https:\\\/\\\/secure.gravatar.com\\\/avatar\\\/2036bf58c019bb0a3f94937a2ed7cab76ae6ebe239f705f7c62ea5c48f93531f?s=96&d=mm&r=g\",\"contentUrl\":\"https:\\\/\\\/secure.gravatar.com\\\/avatar\\\/2036bf58c019bb0a3f94937a2ed7cab76ae6ebe239f705f7c62ea5c48f93531f?s=96&d=mm&r=g\",\"caption\":\"carmen\"}}]}<\/script>\n<!-- \/ Yoast SEO plugin. -->","yoast_head_json":{"title":"Gu\u00eda b\u00e1sica de protecci\u00f3n solar: todo lo que necesitas saber antes del verano - Agrado","robots":{"index":"index","follow":"follow","max-snippet":"max-snippet:-1","max-image-preview":"max-image-preview:large","max-video-preview":"max-video-preview:-1"},"canonical":"https:\/\/agradocosmetic.com\/pt\/guia-basica-de-proteccion-solar-todo-lo-que-necesitas-saber-antes-del-verano\/","og_locale":"pt_PT","og_type":"article","og_title":"Gu\u00eda b\u00e1sica de protecci\u00f3n solar: todo lo que necesitas saber antes del verano - Agrado","og_description":"Con la llegada del buen tiempo, hay un imprescindible que no puede faltar en tu neceser: la protecci\u00f3n solar. Antes de lanzarte a tomar el sol, es importante tener claras algunas bases. La primera: elegir el SPF adecuado. Para el d\u00eda a d\u00eda y exposiciones prolongadas, lo ideal es un SPF 50 que garantice una [&hellip;]","og_url":"https:\/\/agradocosmetic.com\/pt\/guia-basica-de-proteccion-solar-todo-lo-que-necesitas-saber-antes-del-verano\/","og_site_name":"Agrado","article_published_time":"2026-05-22T08:00:51+00:00","article_modified_time":"2026-08-31T18:48:04+00:00","og_image":[{"width":1140,"height":600,"url":"https:\/\/agradocosmetic.com\/wp-content\/uploads\/2026\/08\/MAYO-26-2.jpg","type":"image\/jpeg"}],"author":"carmen","twitter_card":"summary_large_image","twitter_misc":{"Escrito por":"carmen","Tempo estimado de leitura":"1 minuto"},"schema":{"@context":"https:\/\/schema.org","@graph":[{"@type":"Article","@id":"https:\/\/agradocosmetic.com\/guia-basica-de-proteccion-solar-todo-lo-que-necesitas-saber-antes-del-verano\/#article","isPartOf":{"@id":"https:\/\/agradocosmetic.com\/guia-basica-de-proteccion-solar-todo-lo-que-necesitas-saber-antes-del-verano\/"},"author":{"name":"carmen","@id":"https:\/\/agradocosmetic.com\/#\/schema\/person\/59124921013b50f80959d84fc7219096"},"headline":"Gu\u00eda b\u00e1sica de protecci\u00f3n solar: todo lo que necesitas saber antes del verano","datePublished":"2026-05-22T08:00:51+00:00","dateModified":"2026-08-31T18:48:04+00:00","mainEntityOfPage":{"@id":"https:\/\/agradocosmetic.com\/guia-basica-de-proteccion-solar-todo-lo-que-necesitas-saber-antes-del-verano\/"},"wordCount":169,"publisher":{"@id":"https:\/\/agradocosmetic.com\/#organization"},"image":{"@id":"https:\/\/agradocosmetic.com\/guia-basica-de-proteccion-solar-todo-lo-que-necesitas-saber-antes-del-verano\/#primaryimage"},"thumbnailUrl":"https:\/\/agradocosmetic.com\/wp-content\/uploads\/2026\/08\/MAYO-26-2.jpg","keywords":["gu\u00eda b\u00e1sica","agrado sun care","agrado","proteccion","proteccion solar","protector solar","spf","verano"],"articleSection":["Solar"],"inLanguage":"pt-PT"},{"@type":"WebPage","@id":"https:\/\/agradocosmetic.com\/guia-basica-de-proteccion-solar-todo-lo-que-necesitas-saber-antes-del-verano\/","url":"https:\/\/agradocosmetic.com\/guia-basica-de-proteccion-solar-todo-lo-que-necesitas-saber-antes-del-verano\/","name":"Gu\u00eda b\u00e1sica de protecci\u00f3n solar: todo lo que necesitas saber antes del verano - Agrado","isPartOf":{"@id":"https:\/\/agradocosmetic.com\/#website"},"primaryImageOfPage":{"@id":"https:\/\/agradocosmetic.com\/guia-basica-de-proteccion-solar-todo-lo-que-necesitas-saber-antes-del-verano\/#primaryimage"},"image":{"@id":"https:\/\/agradocosmetic.com\/guia-basica-de-proteccion-solar-todo-lo-que-necesitas-saber-antes-del-verano\/#primaryimage"},"thumbnailUrl":"https:\/\/agradocosmetic.com\/wp-content\/uploads\/2026\/08\/MAYO-26-2.jpg","datePublished":"2026-05-22T08:00:51+00:00","dateModified":"2026-08-31T18:48:04+00:00","breadcrumb":{"@id":"https:\/\/agradocosmetic.com\/guia-basica-de-proteccion-solar-todo-lo-que-necesitas-saber-antes-del-verano\/#breadcrumb"},"inLanguage":"pt-PT","potentialAction":[{"@type":"ReadAction","target":["https:\/\/agradocosmetic.com\/guia-basica-de-proteccion-solar-todo-lo-que-necesitas-saber-antes-del-verano\/"]}]},{"@type":"ImageObject","inLanguage":"pt-PT","@id":"https:\/\/agradocosmetic.com\/guia-basica-de-proteccion-solar-todo-lo-que-necesitas-saber-antes-del-verano\/#primaryimage","url":"https:\/\/agradocosmetic.com\/wp-content\/uploads\/2026\/08\/MAYO-26-2.jpg","contentUrl":"https:\/\/agradocosmetic.com\/wp-content\/uploads\/2026\/08\/MAYO-26-2.jpg","width":1140,"height":600,"caption":"gu\u00eda de protecci\u00f3n solar"},{"@type":"BreadcrumbList","@id":"https:\/\/agradocosmetic.com\/guia-basica-de-proteccion-solar-todo-lo-que-necesitas-saber-antes-del-verano\/#breadcrumb","itemListElement":[{"@type":"ListItem","position":1,"name":"Portada","item":"https:\/\/agradocosmetic.com\/"},{"@type":"ListItem","position":2,"name":"Gu\u00eda b\u00e1sica de protecci\u00f3n solar: todo lo que necesitas saber antes del verano"}]},{"@type":"WebSite","@id":"https:\/\/agradocosmetic.com\/#website","url":"https:\/\/agradocosmetic.com\/","name":"Gosto","description":"Cosm\u00e9tico","publisher":{"@id":"https:\/\/agradocosmetic.com\/#organization"},"potentialAction":[{"@type":"SearchAction","target":{"@type":"EntryPoint","urlTemplate":"https:\/\/agradocosmetic.com\/?s={search_term_string}"},"query-input":{"@type":"PropertyValueSpecification","valueRequired":true,"valueName":"search_term_string"}}],"inLanguage":"pt-PT"},{"@type":"Organization","@id":"https:\/\/agradocosmetic.com\/#organization","name":"Gosto","url":"https:\/\/agradocosmetic.com\/","logo":{"@type":"ImageObject","inLanguage":"pt-PT","@id":"https:\/\/agradocosmetic.com\/#\/schema\/logo\/image\/","url":"https:\/\/agradocosmetic.com\/wp-content\/uploads\/2023\/07\/LOGO-AGRADO-WEB-01.png","contentUrl":"https:\/\/agradocosmetic.com\/wp-content\/uploads\/2023\/07\/LOGO-AGRADO-WEB-01.png","width":1632,"height":300,"caption":"Agrado"},"image":{"@id":"https:\/\/agradocosmetic.com\/#\/schema\/logo\/image\/"}},{"@type":"Person","@id":"https:\/\/agradocosmetic.com\/#\/schema\/person\/59124921013b50f80959d84fc7219096","name":"Carmem","image":{"@type":"ImageObject","inLanguage":"pt-PT","@id":"https:\/\/secure.gravatar.com\/avatar\/2036bf58c019bb0a3f94937a2ed7cab76ae6ebe239f705f7c62ea5c48f93531f?s=96&d=mm&r=g","url":"https:\/\/secure.gravatar.com\/avatar\/2036bf58c019bb0a3f94937a2ed7cab76ae6ebe239f705f7c62ea5c48f93531f?s=96&d=mm&r=g","contentUrl":"https:\/\/secure.gravatar.com\/avatar\/2036bf58c019bb0a3f94937a2ed7cab76ae6ebe239f705f7c62ea5c48f93531f?s=96&d=mm&r=g","caption":"carmen"}}]}},"_links":{"self":[{"href":"https:\/\/agradocosmetic.com\/pt\/wp-json\/wp\/v2\/posts\/36024","targetHints":{"allow":["GET"]}}],"collection":[{"href":"https:\/\/agradocosmetic.com\/pt\/wp-json\/wp\/v2\/posts"}],"about":[{"href":"https:\/\/agradocosmetic.com\/pt\/wp-json\/wp\/v2\/types\/post"}],"author":[{"embeddable":true,"href":"https:\/\/agradocosmetic.com\/pt\/wp-json\/wp\/v2\/users\/11"}],"replies":[{"embeddable":true,"href":"https:\/\/agradocosmetic.com\/pt\/wp-json\/wp\/v2\/comments?post=36024"}],"version-history":[{"count":1,"href":"https:\/\/agradocosmetic.com\/pt\/wp-json\/wp\/v2\/posts\/36024\/revisions"}],"predecessor-version":[{"id":36025,"href":"https:\/\/agradocosmetic.com\/pt\/wp-json\/wp\/v2\/posts\/36024\/revisions\/36025"}],"wp:featuredmedia":[{"embeddable":true,"href":"https:\/\/agradocosmetic.com\/pt\/wp-json\/wp\/v2\/media\/36017"}],"wp:attachment":[{"href":"https:\/\/agradocosmetic.com\/pt\/wp-json\/wp\/v2\/media?parent=36024"}],"wp:term":[{"taxonomy":"category","embeddable":true,"href":"https:\/\/agradocosmetic.com\/pt\/wp-json\/wp\/v2\/categories?post=36024"},{"taxonomy":"post_tag","embeddable":true,"href":"https:\/\/agradocosmetic.com\/pt\/wp-json\/wp\/v2\/tags?post=36024"}],"curies":[{"name":"wp","href":"https:\/\/api.w.org\/{rel}","templated":true}]}}