{"id":4539,"date":"2019-08-02T12:58:37","date_gmt":"2019-08-02T11:58:37","guid":{"rendered":"https:\/\/www.agradocosmetic.com\/?p=4539"},"modified":"2023-11-18T16:58:55","modified_gmt":"2023-11-18T16:58:55","slug":"14-cosas-que-puedes-hacer-para-proteger-la-piel-del-sol","status":"publish","type":"post","link":"https:\/\/agradocosmetic.com\/pt\/14-cosas-que-puedes-hacer-para-proteger-la-piel-del-sol\/","title":{"rendered":"14 coisas que voc\u00ea pode fazer para proteger sua pele do sol"},"content":{"rendered":"<p>Proteger a pele do sol \u00e9 uma tarefa que pode ser bastante tediosa, e \u00e9 poss\u00edvel que, com a correria e as distra\u00e7\u00f5es do dia a dia, possamos deixar de lado alguns cuidados.\u00a0<\/p>\r\n\r\n\r\n\r\n<p>\u00c9 por isso que apresentamos a voc\u00ea um\u00a0<em>lista de controle<\/em><em>\u00a0<\/em>de 15 coisas a fazer e evitar para manter sua pele segura e saud\u00e1vel. Voc\u00ea est\u00e1 pronto para testar seus conhecimentos? Venha!\u00a0<\/p>\r\n\r\n\r\n\r\n<h3 class=\"wp-block-heading\"><em>Lista de controle<\/em> para proteger a pele do sol<\/h3>\r\n\r\n\r\n\r\n<h4 class=\"wp-block-heading\">1. Evite tomar sol nos hor\u00e1rios de pico<\/h4>\r\n\r\n\r\n\r\n<p>Ano ap\u00f3s ano, a m\u00eddia nos bombardeia sobre o perigo de tomar sol entre meio-dia e 16h. Isso porque, nessas horas, a radia\u00e7\u00e3o \u00e9 forte demais para ser considerado seguro tomar sol sem se queimar. Portanto, organize o seu dia para evitar se expor diretamente ao sol nesses hor\u00e1rios.\u00a0<\/p>\r\n\r\n\r\n\r\n<h4 class=\"wp-block-heading\">2. O sol tamb\u00e9m espreita a sombra\u00a0<\/h4>\r\n\r\n\r\n\r\n<p>Voc\u00ea sabia que tamb\u00e9m pode se queimar na sombra? Assim \u00e9! Embora a radia\u00e7\u00e3o ultravioleta seja protegida apenas pelo 50%, esses raios ainda s\u00e3o capazes de queimar a pele.<\/p>\r\n\r\n\r\n\r\n<h4 class=\"wp-block-heading\">3. Seja proativo!\u00a0\u00a0<\/h4>\r\n\r\n\r\n\r\n<p>Lembre-se que, antes de se expor ao sol, voc\u00ea deve ter aplicado o protetor solar meia hora antes para que fa\u00e7a efeito e proteja adequadamente.\u00a0<\/p>\r\n\r\n\r\n\r\n<p>Al\u00e9m disso, voc\u00ea tamb\u00e9m deve controlar o tempo que passa exposto ao sol; \u00e9 recomendado aplicar protetor solar a cada duas horas. Ent\u00e3o fique de olho no rel\u00f3gio!\u00a0<\/p>\r\n\r\n\r\n\r\n<h4 class=\"wp-block-heading\">4. Fator solar adequado<\/h4>\r\n\r\n\r\n\r\n<p>Cada pessoa \u00e9 diferente e a sua pele tamb\u00e9m. Da mesma forma que voc\u00ea deve levar em considera\u00e7\u00e3o o tempo de exposi\u00e7\u00e3o, voc\u00ea deve saber qual o melhor produto para sua pele. Voc\u00ea n\u00e3o est\u00e1 claro? Na postagem\u00a0<a href=\"\/pt\/?p=3494\" target=\"_blank\" rel=\"noreferrer noopener\">\u201cO que \u00e9 FPS e do que sua pele precisa?\u201d<\/a>\u00a0N\u00f3s explicamos para voc\u00ea.\u00a0\u00a0<\/p>\r\n\r\n\r\n\r\n<h4 class=\"wp-block-heading\">5. Voc\u00ea aplicou corretamente?<\/h4>\r\n\r\n\r\n\r\n<p>Um dos erros que costumamos cometer \u00e9 n\u00e3o aplicar creme suficiente. A quantidade ideal \u00e9 de 35 gramas para o corpo todo, ou seja, cerca de 6 colheres de caf\u00e9.<\/p>\r\n\r\n\r\n\r\n<h4 class=\"wp-block-heading\">6. O protetor solar expira!<\/h4>\r\n\r\n\r\n\r\n<p>Ou pelo menos perde a efic\u00e1cia e, consequentemente, o seu \u00edndice de prote\u00e7\u00e3o \u00e9 reduzido de um ano para o outro. Isso acontece devido \u00e0 oxida\u00e7\u00e3o, ent\u00e3o se voc\u00ea notar que seu creme mudou de cor, cheiro ou textura, \u00e9 hora de comprar um novo creme.\u00a0\u00a0<\/p>\r\n\r\n\r\n\r\n<h4 class=\"wp-block-heading\">7. Se voc\u00ea se queimou, \u00e9 hora de descansar!<\/h4>\r\n\r\n\r\n\r\n<p>Isso mesmo, se voc\u00ea esteve muito exposto ao sol, os especialistas recomendam n\u00e3o nos expor ao sol at\u00e9 que as queimaduras tenham cicatrizado.\u00a0<\/p>\r\n\r\n\r\n\r\n<h4 class=\"wp-block-heading\">8. Obtenha um bronzeado natural<\/h4>\r\n\r\n\r\n\r\n<p>N\u00e3o se esque\u00e7a de tirar a maquiagem e n\u00e3o passar perfume quando for tomar sol, pois pode ficar com manchas na pele.\u00a0<\/p>\r\n\r\n\r\n\r\n<h4 class=\"wp-block-heading\">9. Pele saud\u00e1vel \u00e9 pele que bronzeia melhor<\/h4>\r\n\r\n\r\n\r\n<p>Mantenha a pele hidratada antes mesmo de se expor ao sol.\u00a0<\/p>\r\n\r\n\r\n\r\n<h4 class=\"wp-block-heading\">10. Proteja-se por dentro<\/h4>\r\n\r\n\r\n\r\n<p>Proteger a pele n\u00e3o \u00e9 s\u00f3 uma quest\u00e3o de cremes, \u00e9 tamb\u00e9m uma quest\u00e3o de nutri\u00e7\u00e3o. Para que a sua pele fique saud\u00e1vel, os especialistas recomendam consumir frutas, vegetais e cereais frescos, pois s\u00e3o alimentos com alto teor de fibras e antioxidantes.\u00a0\u00a0<\/p>\r\n\r\n\r\n\r\n<h4 class=\"wp-block-heading\">11. A roupa tamb\u00e9m protege!<\/h4>\r\n\r\n\r\n\r\n<p>Mas aten\u00e7\u00e3o, nem todos os tecidos s\u00e3o igualmente eficientes na prote\u00e7\u00e3o contra os raios solares. Poli\u00e9ster e rayon s\u00e3o tecidos adequados, pois n\u00e3o permitem a passagem de tantos raios quanto outros tecidos, como seda ou algod\u00e3o. Al\u00e9m disso, tamb\u00e9m \u00e9 preciso levar em considera\u00e7\u00e3o a cor, a densidade das fibras e a espessura.\u00a0\u00a0<\/p>\r\n\r\n\r\n\r\n<h4 class=\"wp-block-heading\">12. E a cabe\u00e7a?<\/h4>\r\n\r\n\r\n\r\n<p>Muitas vezes esquecemos que o couro cabeludo tamb\u00e9m \u00e9 pele. Portanto, devemos nos proteger cobrindo a cabe\u00e7a com chap\u00e9u ou bon\u00e9.\u00a0\u00a0<\/p>\r\n\r\n\r\n\r\n<h4 class=\"wp-block-heading\">13. Cada parte com seu creme<\/h4>\r\n\r\n\r\n\r\n<p>Nem toda a pele do nosso corpo \u00e9 igual. A pele do rosto, por exemplo, \u00e9 mais fina e porosa e, portanto, mais sens\u00edvel. Por isso devemos proteg\u00ea-lo com cremes especialmente criados para isso. O mesmo acontece com os l\u00e1bios, pesco\u00e7o, decote e orelhas. N\u00e3o os negligencie!\u00a0<\/p>\r\n\r\n\r\n\r\n<h4 class=\"wp-block-heading\">14. Adicione alguns \u00f3culos de sol ao seu <em>roupa<\/em>\u00a0<\/h4>\r\n\r\n\r\n\r\n<p>Os danos na c\u00f3rnea e na retina multiplicam-se com a chegada do ver\u00e3o e passamos mais tempo ao ar livre aproveitando o bom tempo e o sol. Pegue alguns \u00f3culos de sol! Certifique-se de que sejam aprovados e bloqueiem entre 99 e 100% de radia\u00e7\u00e3o ultravioleta.\u00a0\u00a0<\/p>\r\n\r\n\r\n\r\n<h4 class=\"wp-block-heading\"><strong>Os lotes para garotas espertas de Agrado<\/strong>\u202f\u00a0<\/h4>\r\n\r\n\r\n\r\n<p>O alcance de <a href=\"\/pt\/?page_id=3481\">Protetores solares Agrado<\/a> Foi concebido para proteger a pele da radia\u00e7\u00e3o solar desde o primeiro dia de exposi\u00e7\u00e3o. Nossos protetores solares est\u00e3o preparados para proteger sua pele do sol com uma <strong>ampla gama de produtos<\/strong>. Desde o <a href=\"\/pt\/?p=3567\">\u00d3leo Protetor Solar 8SPF, 10SPF e 20SPF<\/a>, que recomendamos completar com a gama de protetores <a href=\"\/pt\/?p=1814\">N\u00e9voa seca solar 15SPF, 30SPF ou 50SPF<\/a>, \u00e0s mais novas f\u00f3rmulas para proteger seu rosto, como <a href=\"\/pt\/?p=3558\">Mousse Facial ou N\u00e9voa Facial<\/a>. Por outro lado, se o que procura \u00e9 hidratar e recuperar a pele ap\u00f3s o banho de sol, n\u00e3o pode perder o <a href=\"\/pt\/?p=1837\">P\u00f3s Solar Hidrocalmante e Aloe Vera<\/a>.\u00a0<\/p>\r\n\r\n\r\n\r\n<p>Na Agrado tamb\u00e9m pensamos nos mais pequenos e para eles voc\u00ea tamb\u00e9m encontra o protetor <a href=\"\/pt\/?p=3578\">N\u00e9voa Seca Solar 50SPF e 50+FPS<\/a> para peles sens\u00edveis.\u00a0<\/p>\r\n\r\n\r\n\r\n<p>Al\u00e9m disso, os protetores solares Agrado possuem f\u00f3rmula espec\u00edfica de prote\u00e7\u00e3o de amplo espectro, protegendo a pele dos raios UVA e tamb\u00e9m dos raios UVB, os mais nocivos \u00e0 pele.\u00a0<\/p>\r\n\r\n\r\n\r\n<p>Neste ver\u00e3o solte o cabelo, n\u00e3o se preocupe com tudo menos com a pele. Siga todos os nossos conselhos em #solaresparachicaslistas.\u00a0<\/p>\r\n\r\n\r\n\r\n<p>Entra em <a href=\"https:\/\/agradocosmetic.com\/pt\/\">www.solaresparachicaslistas.com<\/a>, conhe\u00e7a a nossa gama de parcelas para 2019 e descubra muitas surpresas que prepar\u00e1mos.\u00a0<\/p>","protected":false},"excerpt":{"rendered":"<p>Proteger la piel del sol es una tarea que puede llegar a ser bastante tediosa, y puede que, con las prisas y los despistes del d\u00eda a d\u00eda, se nos pase por alto alguna precauci\u00f3n.\u00a0 Por eso\u00a0te presentamos un\u00a0checklist\u00a0de\u00a015\u00a0cosas a hacer y a evitar para mantener tu piel sana y salva. \u00bfEst\u00e1s preparada para poner [&hellip;]<\/p>\n","protected":false},"author":9,"featured_media":21406,"comment_status":"open","ping_status":"closed","sticky":false,"template":"","format":"standard","meta":{"footnotes":"","_wp_rev_ctl_limit":""},"categories":[116,1],"tags":[126,137,276,277],"class_list":["post-4539","post","type-post","status-publish","format-standard","has-post-thumbnail","hentry","category-solar","category-todos","tag-agrado","tag-agradocosmetic","tag-protectores-solares","tag-solaresparachicaslistas"],"yoast_head":"<!-- This site is optimized with the Yoast SEO plugin v27.4 - https:\/\/yoast.com\/product\/yoast-seo-wordpress\/ -->\n<title>14 cosas que puedes hacer para proteger la piel del sol - Agrado<\/title>\n<meta name=\"robots\" content=\"index, follow, max-snippet:-1, max-image-preview:large, max-video-preview:-1\" \/>\n<link rel=\"canonical\" href=\"https:\/\/agradocosmetic.com\/pt\/14-cosas-que-puedes-hacer-para-proteger-la-piel-del-sol\/\" \/>\n<meta property=\"og:locale\" content=\"pt_PT\" \/>\n<meta property=\"og:type\" content=\"article\" \/>\n<meta property=\"og:title\" content=\"14 cosas que puedes hacer para proteger la piel del sol - Agrado\" \/>\n<meta property=\"og:description\" content=\"Proteger la piel del sol es una tarea que puede llegar a ser bastante tediosa, y puede que, con las prisas y los despistes del d\u00eda a d\u00eda, se nos pase por alto alguna precauci\u00f3n.\u00a0 Por eso\u00a0te presentamos un\u00a0checklist\u00a0de\u00a015\u00a0cosas a hacer y a evitar para mantener tu piel sana y salva. \u00bfEst\u00e1s preparada para poner [&hellip;]\" \/>\n<meta property=\"og:url\" content=\"https:\/\/agradocosmetic.com\/pt\/14-cosas-que-puedes-hacer-para-proteger-la-piel-del-sol\/\" \/>\n<meta property=\"og:site_name\" content=\"Agrado\" \/>\n<meta property=\"article:published_time\" content=\"2019-08-02T11:58:37+00:00\" \/>\n<meta property=\"article:modified_time\" content=\"2023-11-18T16:58:55+00:00\" \/>\n<meta property=\"og:image\" content=\"https:\/\/agradocosmetic.com\/wp-content\/uploads\/2019\/08\/proteger-piel-sol-agrado.jpg\" \/>\n\t<meta property=\"og:image:width\" content=\"1200\" \/>\n\t<meta property=\"og:image:height\" content=\"800\" \/>\n\t<meta property=\"og:image:type\" content=\"image\/jpeg\" \/>\n<meta name=\"author\" content=\"agradocosmetic\" \/>\n<meta name=\"twitter:card\" content=\"summary_large_image\" \/>\n<meta name=\"twitter:label1\" content=\"Escrito por\" \/>\n\t<meta name=\"twitter:data1\" content=\"agradocosmetic\" \/>\n\t<meta name=\"twitter:label2\" content=\"Tempo estimado de leitura\" \/>\n\t<meta name=\"twitter:data2\" content=\"5 minutos\" \/>\n<script type=\"application\/ld+json\" class=\"yoast-schema-graph\">{\"@context\":\"https:\\\/\\\/schema.org\",\"@graph\":[{\"@type\":\"Article\",\"@id\":\"https:\\\/\\\/agradocosmetic.com\\\/14-cosas-que-puedes-hacer-para-proteger-la-piel-del-sol\\\/#article\",\"isPartOf\":{\"@id\":\"https:\\\/\\\/agradocosmetic.com\\\/14-cosas-que-puedes-hacer-para-proteger-la-piel-del-sol\\\/\"},\"author\":{\"name\":\"agradocosmetic\",\"@id\":\"https:\\\/\\\/agradocosmetic.com\\\/#\\\/schema\\\/person\\\/732e8d396022e25f9340196f83d6789d\"},\"headline\":\"14 cosas que puedes hacer para proteger la piel del sol\",\"datePublished\":\"2019-08-02T11:58:37+00:00\",\"dateModified\":\"2023-11-18T16:58:55+00:00\",\"mainEntityOfPage\":{\"@id\":\"https:\\\/\\\/agradocosmetic.com\\\/14-cosas-que-puedes-hacer-para-proteger-la-piel-del-sol\\\/\"},\"wordCount\":998,\"commentCount\":0,\"publisher\":{\"@id\":\"https:\\\/\\\/agradocosmetic.com\\\/#organization\"},\"image\":{\"@id\":\"https:\\\/\\\/agradocosmetic.com\\\/14-cosas-que-puedes-hacer-para-proteger-la-piel-del-sol\\\/#primaryimage\"},\"thumbnailUrl\":\"https:\\\/\\\/agradocosmetic.com\\\/wp-content\\\/uploads\\\/2019\\\/08\\\/proteger-piel-sol-agrado.jpg\",\"keywords\":[\"agrado\",\"agradocosmetic\",\"protectores solares\",\"solaresparachicaslistas\"],\"articleSection\":[\"Solar\",\"Todos\"],\"inLanguage\":\"pt-PT\",\"potentialAction\":[{\"@type\":\"CommentAction\",\"name\":\"Comment\",\"target\":[\"https:\\\/\\\/agradocosmetic.com\\\/14-cosas-que-puedes-hacer-para-proteger-la-piel-del-sol\\\/#respond\"]}]},{\"@type\":\"WebPage\",\"@id\":\"https:\\\/\\\/agradocosmetic.com\\\/14-cosas-que-puedes-hacer-para-proteger-la-piel-del-sol\\\/\",\"url\":\"https:\\\/\\\/agradocosmetic.com\\\/14-cosas-que-puedes-hacer-para-proteger-la-piel-del-sol\\\/\",\"name\":\"14 cosas que puedes hacer para proteger la piel del sol - Agrado\",\"isPartOf\":{\"@id\":\"https:\\\/\\\/agradocosmetic.com\\\/#website\"},\"primaryImageOfPage\":{\"@id\":\"https:\\\/\\\/agradocosmetic.com\\\/14-cosas-que-puedes-hacer-para-proteger-la-piel-del-sol\\\/#primaryimage\"},\"image\":{\"@id\":\"https:\\\/\\\/agradocosmetic.com\\\/14-cosas-que-puedes-hacer-para-proteger-la-piel-del-sol\\\/#primaryimage\"},\"thumbnailUrl\":\"https:\\\/\\\/agradocosmetic.com\\\/wp-content\\\/uploads\\\/2019\\\/08\\\/proteger-piel-sol-agrado.jpg\",\"datePublished\":\"2019-08-02T11:58:37+00:00\",\"dateModified\":\"2023-11-18T16:58:55+00:00\",\"breadcrumb\":{\"@id\":\"https:\\\/\\\/agradocosmetic.com\\\/14-cosas-que-puedes-hacer-para-proteger-la-piel-del-sol\\\/#breadcrumb\"},\"inLanguage\":\"pt-PT\",\"potentialAction\":[{\"@type\":\"ReadAction\",\"target\":[\"https:\\\/\\\/agradocosmetic.com\\\/14-cosas-que-puedes-hacer-para-proteger-la-piel-del-sol\\\/\"]}]},{\"@type\":\"ImageObject\",\"inLanguage\":\"pt-PT\",\"@id\":\"https:\\\/\\\/agradocosmetic.com\\\/14-cosas-que-puedes-hacer-para-proteger-la-piel-del-sol\\\/#primaryimage\",\"url\":\"https:\\\/\\\/agradocosmetic.com\\\/wp-content\\\/uploads\\\/2019\\\/08\\\/proteger-piel-sol-agrado.jpg\",\"contentUrl\":\"https:\\\/\\\/agradocosmetic.com\\\/wp-content\\\/uploads\\\/2019\\\/08\\\/proteger-piel-sol-agrado.jpg\",\"width\":1200,\"height\":800},{\"@type\":\"BreadcrumbList\",\"@id\":\"https:\\\/\\\/agradocosmetic.com\\\/14-cosas-que-puedes-hacer-para-proteger-la-piel-del-sol\\\/#breadcrumb\",\"itemListElement\":[{\"@type\":\"ListItem\",\"position\":1,\"name\":\"Portada\",\"item\":\"https:\\\/\\\/agradocosmetic.com\\\/\"},{\"@type\":\"ListItem\",\"position\":2,\"name\":\"14 cosas que puedes hacer para proteger la piel del sol\"}]},{\"@type\":\"WebSite\",\"@id\":\"https:\\\/\\\/agradocosmetic.com\\\/#website\",\"url\":\"https:\\\/\\\/agradocosmetic.com\\\/\",\"name\":\"Agrado\",\"description\":\"Cosmetic\",\"publisher\":{\"@id\":\"https:\\\/\\\/agradocosmetic.com\\\/#organization\"},\"potentialAction\":[{\"@type\":\"SearchAction\",\"target\":{\"@type\":\"EntryPoint\",\"urlTemplate\":\"https:\\\/\\\/agradocosmetic.com\\\/?s={search_term_string}\"},\"query-input\":{\"@type\":\"PropertyValueSpecification\",\"valueRequired\":true,\"valueName\":\"search_term_string\"}}],\"inLanguage\":\"pt-PT\"},{\"@type\":\"Organization\",\"@id\":\"https:\\\/\\\/agradocosmetic.com\\\/#organization\",\"name\":\"Agrado\",\"url\":\"https:\\\/\\\/agradocosmetic.com\\\/\",\"logo\":{\"@type\":\"ImageObject\",\"inLanguage\":\"pt-PT\",\"@id\":\"https:\\\/\\\/agradocosmetic.com\\\/#\\\/schema\\\/logo\\\/image\\\/\",\"url\":\"https:\\\/\\\/agradocosmetic.com\\\/wp-content\\\/uploads\\\/2023\\\/07\\\/LOGO-AGRADO-WEB-01.png\",\"contentUrl\":\"https:\\\/\\\/agradocosmetic.com\\\/wp-content\\\/uploads\\\/2023\\\/07\\\/LOGO-AGRADO-WEB-01.png\",\"width\":1632,\"height\":300,\"caption\":\"Agrado\"},\"image\":{\"@id\":\"https:\\\/\\\/agradocosmetic.com\\\/#\\\/schema\\\/logo\\\/image\\\/\"}},{\"@type\":\"Person\",\"@id\":\"https:\\\/\\\/agradocosmetic.com\\\/#\\\/schema\\\/person\\\/732e8d396022e25f9340196f83d6789d\",\"name\":\"agradocosmetic\",\"image\":{\"@type\":\"ImageObject\",\"inLanguage\":\"pt-PT\",\"@id\":\"https:\\\/\\\/secure.gravatar.com\\\/avatar\\\/c6003e45301182b7e125463fcbec403b1980909c12edf09098526b9a15e779c0?s=96&d=mm&r=g\",\"url\":\"https:\\\/\\\/secure.gravatar.com\\\/avatar\\\/c6003e45301182b7e125463fcbec403b1980909c12edf09098526b9a15e779c0?s=96&d=mm&r=g\",\"contentUrl\":\"https:\\\/\\\/secure.gravatar.com\\\/avatar\\\/c6003e45301182b7e125463fcbec403b1980909c12edf09098526b9a15e779c0?s=96&d=mm&r=g\",\"caption\":\"agradocosmetic\"}}]}<\/script>\n<!-- \/ Yoast SEO plugin. -->","yoast_head_json":{"title":"14 cosas que puedes hacer para proteger la piel del sol - Agrado","robots":{"index":"index","follow":"follow","max-snippet":"max-snippet:-1","max-image-preview":"max-image-preview:large","max-video-preview":"max-video-preview:-1"},"canonical":"https:\/\/agradocosmetic.com\/pt\/14-cosas-que-puedes-hacer-para-proteger-la-piel-del-sol\/","og_locale":"pt_PT","og_type":"article","og_title":"14 cosas que puedes hacer para proteger la piel del sol - Agrado","og_description":"Proteger la piel del sol es una tarea que puede llegar a ser bastante tediosa, y puede que, con las prisas y los despistes del d\u00eda a d\u00eda, se nos pase por alto alguna precauci\u00f3n.\u00a0 Por eso\u00a0te presentamos un\u00a0checklist\u00a0de\u00a015\u00a0cosas a hacer y a evitar para mantener tu piel sana y salva. \u00bfEst\u00e1s preparada para poner [&hellip;]","og_url":"https:\/\/agradocosmetic.com\/pt\/14-cosas-que-puedes-hacer-para-proteger-la-piel-del-sol\/","og_site_name":"Agrado","article_published_time":"2019-08-02T11:58:37+00:00","article_modified_time":"2023-11-18T16:58:55+00:00","og_image":[{"width":1200,"height":800,"url":"https:\/\/agradocosmetic.com\/wp-content\/uploads\/2019\/08\/proteger-piel-sol-agrado.jpg","type":"image\/jpeg"}],"author":"agradocosmetic","twitter_card":"summary_large_image","twitter_misc":{"Escrito por":"agradocosmetic","Tempo estimado de leitura":"5 minutos"},"schema":{"@context":"https:\/\/schema.org","@graph":[{"@type":"Article","@id":"https:\/\/agradocosmetic.com\/14-cosas-que-puedes-hacer-para-proteger-la-piel-del-sol\/#article","isPartOf":{"@id":"https:\/\/agradocosmetic.com\/14-cosas-que-puedes-hacer-para-proteger-la-piel-del-sol\/"},"author":{"name":"agradocosmetic","@id":"https:\/\/agradocosmetic.com\/#\/schema\/person\/732e8d396022e25f9340196f83d6789d"},"headline":"14 cosas que puedes hacer para proteger la piel del sol","datePublished":"2019-08-02T11:58:37+00:00","dateModified":"2023-11-18T16:58:55+00:00","mainEntityOfPage":{"@id":"https:\/\/agradocosmetic.com\/14-cosas-que-puedes-hacer-para-proteger-la-piel-del-sol\/"},"wordCount":998,"commentCount":0,"publisher":{"@id":"https:\/\/agradocosmetic.com\/#organization"},"image":{"@id":"https:\/\/agradocosmetic.com\/14-cosas-que-puedes-hacer-para-proteger-la-piel-del-sol\/#primaryimage"},"thumbnailUrl":"https:\/\/agradocosmetic.com\/wp-content\/uploads\/2019\/08\/proteger-piel-sol-agrado.jpg","keywords":["agrado","agradocosmetic","protectores solares","solaresparachicaslistas"],"articleSection":["Solar","Todos"],"inLanguage":"pt-PT","potentialAction":[{"@type":"CommentAction","name":"Comment","target":["https:\/\/agradocosmetic.com\/14-cosas-que-puedes-hacer-para-proteger-la-piel-del-sol\/#respond"]}]},{"@type":"WebPage","@id":"https:\/\/agradocosmetic.com\/14-cosas-que-puedes-hacer-para-proteger-la-piel-del-sol\/","url":"https:\/\/agradocosmetic.com\/14-cosas-que-puedes-hacer-para-proteger-la-piel-del-sol\/","name":"14 cosas que puedes hacer para proteger la piel del sol - Agrado","isPartOf":{"@id":"https:\/\/agradocosmetic.com\/#website"},"primaryImageOfPage":{"@id":"https:\/\/agradocosmetic.com\/14-cosas-que-puedes-hacer-para-proteger-la-piel-del-sol\/#primaryimage"},"image":{"@id":"https:\/\/agradocosmetic.com\/14-cosas-que-puedes-hacer-para-proteger-la-piel-del-sol\/#primaryimage"},"thumbnailUrl":"https:\/\/agradocosmetic.com\/wp-content\/uploads\/2019\/08\/proteger-piel-sol-agrado.jpg","datePublished":"2019-08-02T11:58:37+00:00","dateModified":"2023-11-18T16:58:55+00:00","breadcrumb":{"@id":"https:\/\/agradocosmetic.com\/14-cosas-que-puedes-hacer-para-proteger-la-piel-del-sol\/#breadcrumb"},"inLanguage":"pt-PT","potentialAction":[{"@type":"ReadAction","target":["https:\/\/agradocosmetic.com\/14-cosas-que-puedes-hacer-para-proteger-la-piel-del-sol\/"]}]},{"@type":"ImageObject","inLanguage":"pt-PT","@id":"https:\/\/agradocosmetic.com\/14-cosas-que-puedes-hacer-para-proteger-la-piel-del-sol\/#primaryimage","url":"https:\/\/agradocosmetic.com\/wp-content\/uploads\/2019\/08\/proteger-piel-sol-agrado.jpg","contentUrl":"https:\/\/agradocosmetic.com\/wp-content\/uploads\/2019\/08\/proteger-piel-sol-agrado.jpg","width":1200,"height":800},{"@type":"BreadcrumbList","@id":"https:\/\/agradocosmetic.com\/14-cosas-que-puedes-hacer-para-proteger-la-piel-del-sol\/#breadcrumb","itemListElement":[{"@type":"ListItem","position":1,"name":"Portada","item":"https:\/\/agradocosmetic.com\/"},{"@type":"ListItem","position":2,"name":"14 cosas que puedes hacer para proteger la piel del sol"}]},{"@type":"WebSite","@id":"https:\/\/agradocosmetic.com\/#website","url":"https:\/\/agradocosmetic.com\/","name":"Gosto","description":"Cosm\u00e9tico","publisher":{"@id":"https:\/\/agradocosmetic.com\/#organization"},"potentialAction":[{"@type":"SearchAction","target":{"@type":"EntryPoint","urlTemplate":"https:\/\/agradocosmetic.com\/?s={search_term_string}"},"query-input":{"@type":"PropertyValueSpecification","valueRequired":true,"valueName":"search_term_string"}}],"inLanguage":"pt-PT"},{"@type":"Organization","@id":"https:\/\/agradocosmetic.com\/#organization","name":"Gosto","url":"https:\/\/agradocosmetic.com\/","logo":{"@type":"ImageObject","inLanguage":"pt-PT","@id":"https:\/\/agradocosmetic.com\/#\/schema\/logo\/image\/","url":"https:\/\/agradocosmetic.com\/wp-content\/uploads\/2023\/07\/LOGO-AGRADO-WEB-01.png","contentUrl":"https:\/\/agradocosmetic.com\/wp-content\/uploads\/2023\/07\/LOGO-AGRADO-WEB-01.png","width":1632,"height":300,"caption":"Agrado"},"image":{"@id":"https:\/\/agradocosmetic.com\/#\/schema\/logo\/image\/"}},{"@type":"Person","@id":"https:\/\/agradocosmetic.com\/#\/schema\/person\/732e8d396022e25f9340196f83d6789d","name":"agradocosm\u00e9tico","image":{"@type":"ImageObject","inLanguage":"pt-PT","@id":"https:\/\/secure.gravatar.com\/avatar\/c6003e45301182b7e125463fcbec403b1980909c12edf09098526b9a15e779c0?s=96&d=mm&r=g","url":"https:\/\/secure.gravatar.com\/avatar\/c6003e45301182b7e125463fcbec403b1980909c12edf09098526b9a15e779c0?s=96&d=mm&r=g","contentUrl":"https:\/\/secure.gravatar.com\/avatar\/c6003e45301182b7e125463fcbec403b1980909c12edf09098526b9a15e779c0?s=96&d=mm&r=g","caption":"agradocosmetic"}}]}},"_links":{"self":[{"href":"https:\/\/agradocosmetic.com\/pt\/wp-json\/wp\/v2\/posts\/4539","targetHints":{"allow":["GET"]}}],"collection":[{"href":"https:\/\/agradocosmetic.com\/pt\/wp-json\/wp\/v2\/posts"}],"about":[{"href":"https:\/\/agradocosmetic.com\/pt\/wp-json\/wp\/v2\/types\/post"}],"author":[{"embeddable":true,"href":"https:\/\/agradocosmetic.com\/pt\/wp-json\/wp\/v2\/users\/9"}],"replies":[{"embeddable":true,"href":"https:\/\/agradocosmetic.com\/pt\/wp-json\/wp\/v2\/comments?post=4539"}],"version-history":[{"count":1,"href":"https:\/\/agradocosmetic.com\/pt\/wp-json\/wp\/v2\/posts\/4539\/revisions"}],"predecessor-version":[{"id":21407,"href":"https:\/\/agradocosmetic.com\/pt\/wp-json\/wp\/v2\/posts\/4539\/revisions\/21407"}],"wp:featuredmedia":[{"embeddable":true,"href":"https:\/\/agradocosmetic.com\/pt\/wp-json\/wp\/v2\/media\/21406"}],"wp:attachment":[{"href":"https:\/\/agradocosmetic.com\/pt\/wp-json\/wp\/v2\/media?parent=4539"}],"wp:term":[{"taxonomy":"category","embeddable":true,"href":"https:\/\/agradocosmetic.com\/pt\/wp-json\/wp\/v2\/categories?post=4539"},{"taxonomy":"post_tag","embeddable":true,"href":"https:\/\/agradocosmetic.com\/pt\/wp-json\/wp\/v2\/tags?post=4539"}],"curies":[{"name":"wp","href":"https:\/\/api.w.org\/{rel}","templated":true}]}}