{"id":5728,"date":"2019-11-04T10:20:57","date_gmt":"2019-11-04T09:20:57","guid":{"rendered":"https:\/\/www.agradocosmetic.com\/?p=5728"},"modified":"2023-11-18T16:58:55","modified_gmt":"2023-11-18T16:58:55","slug":"aprende-a-cuidar-tus-manos-en-invierno","status":"publish","type":"post","link":"https:\/\/agradocosmetic.com\/pt\/aprende-a-cuidar-tus-manos-en-invierno\/","title":{"rendered":"Aprenda a cuidar das m\u00e3os no inverno"},"content":{"rendered":"<p>No frio, a pele sofre, fica seca e \u00e0s vezes racha. A pele das m\u00e3os \u00e9 uma \u00e1rea do corpo que deve ser tratada com especial aten\u00e7\u00e3o, pois est\u00e3o sempre expostas ao frio, chuva ou neve.<\/p>\r\n\r\n\r\n\r\n<p>Da Agrado Cosmetic recomendamos que voc\u00ea use nosso <a href=\"\/pt\/?p=487\">Creme de M\u00e3os Concentrado com glicerina.<\/a><\/p>\r\n\r\n\r\n\r\n<p><strong>O que \u00e9 glicerina?<\/strong><\/p>\r\n\r\n\r\n\r\n<p>A glicerina \u00e9 um \u00e1lcool l\u00edquido usado em cosm\u00e9ticos para fazer produtos como sabonetes e cremes. Este composto ajuda a melhorar a hidrata\u00e7\u00e3o da nossa pele, promovendo a reten\u00e7\u00e3o da hidrata\u00e7\u00e3o e tamb\u00e9m proporcionando um efeito calmante.<\/p>\r\n\r\n\r\n\r\n<p>A glicerina \u00e9 encontrada em todos os tipos de \u00f3leos, gorduras animais ou vegetais, desde que associadas a outros \u00e1cidos graxos como o oleico ou o estrelado. Portanto, \u00e9 um componente totalmente natural e necess\u00e1rio para garantir uma pele hidratada e cuidada.<\/p>\r\n\r\n\r\n\r\n<p><strong>Quais peles s\u00e3o adequadas para glicerina?<\/strong><\/p>\r\n\r\n\r\n\r\n<p>Esse componente \u00e9 comum em cremes e sabonetes e, em geral, n\u00e3o possui contraindica\u00e7\u00f5es. Portanto, \u00e9 adequado para todos os tipos de pele. \u00c9 verdade que naqueles que s\u00e3o especialmente sens\u00edveis e delicados, como os at\u00f3picos, tem um efeito muito positivo. J\u00e1 que este tipo de pele sofre de eczema, ressecamento e coceira. Um creme com glicerina ajuda a aliviar esses sintomas e proporciona sensa\u00e7\u00e3o de calma, maciez e hidrata\u00e7\u00e3o \u00e0 pele.<\/p>\r\n\r\n\r\n\r\n<p><strong>Que usos voc\u00ea pode dar ao Creme de M\u00e3os Concentrado com Glicerina da Agrado Cosmetic, al\u00e9m das m\u00e3os?<\/strong><\/p>\r\n\r\n\r\n\r\n<p>Damos-lhe alguns truques que pode come\u00e7ar a aplicar na sua rotina de cuidados com o corpo, com este creme superhidratante.<\/p>\r\n\r\n\r\n\r\n<ol class=\"wp-block-list\">\r\n<li>Claro, as m\u00e3os. Voc\u00ea notar\u00e1 como eles ficam macios e hidratados por mais tempo.<\/li>\r\n<li>Calcanhares rachados. Aplique um pouco deste creme \u00e0 noite e voc\u00ea notar\u00e1 como eles ficam mais macios.<\/li>\r\n<li>D\u00ea aos joelhos e cotovelos uma apar\u00eancia mais suave. Ao sair do banho, seque bem a regi\u00e3o e aplique o Creme para M\u00e3os Concreto com Glicerina, voc\u00ea notar\u00e1 como essas \u00e1reas amolecem.<\/li>\r\n<li>Super truque! Aplique um pouco deste creme de glicerina nas pernas ap\u00f3s o barbear para fechar os poros, suavizar a vermelhid\u00e3o e aliviar a dor. Infal\u00edvel.<\/li>\r\n<\/ol>\r\n\r\n\r\n\r\n<p>Estamos ansiosos para ouvir sobre sua experi\u00eancia com o Creme para as M\u00e3os Agrado Cosm\u00e9tico com Glicerina. Envie sua opini\u00e3o para <a href=\"https:\/\/www.instagram.com\/agradocosmetic\/\">hist\u00f3rias<\/a>!<\/p>","protected":false},"excerpt":{"rendered":"<p>Con el fr\u00edo la piel se resiente, se reseca y a veces se cuartea. La piel de las manos es una zona del cuerpo que hay que tratar con especial atenci\u00f3n, ya que siempre est\u00e1n expuestas al fr\u00edo, la lluvia o la nieve. Desde Agrado Cosmetic te recomendamos usar nuestra Crema de Manos Concentrada con [&hellip;]<\/p>\n","protected":false},"author":9,"featured_media":21396,"comment_status":"open","ping_status":"closed","sticky":false,"template":"","format":"standard","meta":{"footnotes":"","_wp_rev_ctl_limit":""},"categories":[149,1],"tags":[286,287,157,288],"class_list":["post-5728","post","type-post","status-publish","format-standard","has-post-thumbnail","hentry","category-corporal","category-todos","tag-crema-de-manos","tag-glicerina","tag-invierno","tag-manos"],"yoast_head":"<!-- This site is optimized with the Yoast SEO plugin v27.4 - https:\/\/yoast.com\/product\/yoast-seo-wordpress\/ -->\n<title>Aprende a cuidar tus manos en invierno - Agrado<\/title>\n<meta name=\"robots\" content=\"index, follow, max-snippet:-1, max-image-preview:large, max-video-preview:-1\" \/>\n<link rel=\"canonical\" href=\"https:\/\/agradocosmetic.com\/pt\/aprende-a-cuidar-tus-manos-en-invierno\/\" \/>\n<meta property=\"og:locale\" content=\"pt_PT\" \/>\n<meta property=\"og:type\" content=\"article\" \/>\n<meta property=\"og:title\" content=\"Aprende a cuidar tus manos en invierno - Agrado\" \/>\n<meta property=\"og:description\" content=\"Con el fr\u00edo la piel se resiente, se reseca y a veces se cuartea. La piel de las manos es una zona del cuerpo que hay que tratar con especial atenci\u00f3n, ya que siempre est\u00e1n expuestas al fr\u00edo, la lluvia o la nieve. Desde Agrado Cosmetic te recomendamos usar nuestra Crema de Manos Concentrada con [&hellip;]\" \/>\n<meta property=\"og:url\" content=\"https:\/\/agradocosmetic.com\/pt\/aprende-a-cuidar-tus-manos-en-invierno\/\" \/>\n<meta property=\"og:site_name\" content=\"Agrado\" \/>\n<meta property=\"article:published_time\" content=\"2019-11-04T09:20:57+00:00\" \/>\n<meta property=\"article:modified_time\" content=\"2023-11-18T16:58:55+00:00\" \/>\n<meta property=\"og:image\" content=\"https:\/\/agradocosmetic.com\/wp-content\/uploads\/2019\/11\/cuidar-manos-invierno-agrado.jpg\" \/>\n\t<meta property=\"og:image:width\" content=\"1200\" \/>\n\t<meta property=\"og:image:height\" content=\"800\" \/>\n\t<meta property=\"og:image:type\" content=\"image\/jpeg\" \/>\n<meta name=\"author\" content=\"agradocosmetic\" \/>\n<meta name=\"twitter:card\" content=\"summary_large_image\" \/>\n<meta name=\"twitter:label1\" content=\"Escrito por\" \/>\n\t<meta name=\"twitter:data1\" content=\"agradocosmetic\" \/>\n\t<meta name=\"twitter:label2\" content=\"Tempo estimado de leitura\" \/>\n\t<meta name=\"twitter:data2\" content=\"2 minutos\" \/>\n<script type=\"application\/ld+json\" class=\"yoast-schema-graph\">{\"@context\":\"https:\\\/\\\/schema.org\",\"@graph\":[{\"@type\":\"Article\",\"@id\":\"https:\\\/\\\/agradocosmetic.com\\\/aprende-a-cuidar-tus-manos-en-invierno\\\/#article\",\"isPartOf\":{\"@id\":\"https:\\\/\\\/agradocosmetic.com\\\/aprende-a-cuidar-tus-manos-en-invierno\\\/\"},\"author\":{\"name\":\"agradocosmetic\",\"@id\":\"https:\\\/\\\/agradocosmetic.com\\\/#\\\/schema\\\/person\\\/732e8d396022e25f9340196f83d6789d\"},\"headline\":\"Aprende a cuidar tus manos en invierno\",\"datePublished\":\"2019-11-04T09:20:57+00:00\",\"dateModified\":\"2023-11-18T16:58:55+00:00\",\"mainEntityOfPage\":{\"@id\":\"https:\\\/\\\/agradocosmetic.com\\\/aprende-a-cuidar-tus-manos-en-invierno\\\/\"},\"wordCount\":419,\"commentCount\":0,\"publisher\":{\"@id\":\"https:\\\/\\\/agradocosmetic.com\\\/#organization\"},\"image\":{\"@id\":\"https:\\\/\\\/agradocosmetic.com\\\/aprende-a-cuidar-tus-manos-en-invierno\\\/#primaryimage\"},\"thumbnailUrl\":\"https:\\\/\\\/agradocosmetic.com\\\/wp-content\\\/uploads\\\/2019\\\/11\\\/cuidar-manos-invierno-agrado.jpg\",\"keywords\":[\"crema de manos\",\"glicerina\",\"invierno\",\"manos\"],\"articleSection\":[\"Corporal\",\"Todos\"],\"inLanguage\":\"pt-PT\",\"potentialAction\":[{\"@type\":\"CommentAction\",\"name\":\"Comment\",\"target\":[\"https:\\\/\\\/agradocosmetic.com\\\/aprende-a-cuidar-tus-manos-en-invierno\\\/#respond\"]}]},{\"@type\":\"WebPage\",\"@id\":\"https:\\\/\\\/agradocosmetic.com\\\/aprende-a-cuidar-tus-manos-en-invierno\\\/\",\"url\":\"https:\\\/\\\/agradocosmetic.com\\\/aprende-a-cuidar-tus-manos-en-invierno\\\/\",\"name\":\"Aprende a cuidar tus manos en invierno - Agrado\",\"isPartOf\":{\"@id\":\"https:\\\/\\\/agradocosmetic.com\\\/#website\"},\"primaryImageOfPage\":{\"@id\":\"https:\\\/\\\/agradocosmetic.com\\\/aprende-a-cuidar-tus-manos-en-invierno\\\/#primaryimage\"},\"image\":{\"@id\":\"https:\\\/\\\/agradocosmetic.com\\\/aprende-a-cuidar-tus-manos-en-invierno\\\/#primaryimage\"},\"thumbnailUrl\":\"https:\\\/\\\/agradocosmetic.com\\\/wp-content\\\/uploads\\\/2019\\\/11\\\/cuidar-manos-invierno-agrado.jpg\",\"datePublished\":\"2019-11-04T09:20:57+00:00\",\"dateModified\":\"2023-11-18T16:58:55+00:00\",\"breadcrumb\":{\"@id\":\"https:\\\/\\\/agradocosmetic.com\\\/aprende-a-cuidar-tus-manos-en-invierno\\\/#breadcrumb\"},\"inLanguage\":\"pt-PT\",\"potentialAction\":[{\"@type\":\"ReadAction\",\"target\":[\"https:\\\/\\\/agradocosmetic.com\\\/aprende-a-cuidar-tus-manos-en-invierno\\\/\"]}]},{\"@type\":\"ImageObject\",\"inLanguage\":\"pt-PT\",\"@id\":\"https:\\\/\\\/agradocosmetic.com\\\/aprende-a-cuidar-tus-manos-en-invierno\\\/#primaryimage\",\"url\":\"https:\\\/\\\/agradocosmetic.com\\\/wp-content\\\/uploads\\\/2019\\\/11\\\/cuidar-manos-invierno-agrado.jpg\",\"contentUrl\":\"https:\\\/\\\/agradocosmetic.com\\\/wp-content\\\/uploads\\\/2019\\\/11\\\/cuidar-manos-invierno-agrado.jpg\",\"width\":1200,\"height\":800},{\"@type\":\"BreadcrumbList\",\"@id\":\"https:\\\/\\\/agradocosmetic.com\\\/aprende-a-cuidar-tus-manos-en-invierno\\\/#breadcrumb\",\"itemListElement\":[{\"@type\":\"ListItem\",\"position\":1,\"name\":\"Portada\",\"item\":\"https:\\\/\\\/agradocosmetic.com\\\/\"},{\"@type\":\"ListItem\",\"position\":2,\"name\":\"Aprende a cuidar tus manos en invierno\"}]},{\"@type\":\"WebSite\",\"@id\":\"https:\\\/\\\/agradocosmetic.com\\\/#website\",\"url\":\"https:\\\/\\\/agradocosmetic.com\\\/\",\"name\":\"Agrado\",\"description\":\"Cosmetic\",\"publisher\":{\"@id\":\"https:\\\/\\\/agradocosmetic.com\\\/#organization\"},\"potentialAction\":[{\"@type\":\"SearchAction\",\"target\":{\"@type\":\"EntryPoint\",\"urlTemplate\":\"https:\\\/\\\/agradocosmetic.com\\\/?s={search_term_string}\"},\"query-input\":{\"@type\":\"PropertyValueSpecification\",\"valueRequired\":true,\"valueName\":\"search_term_string\"}}],\"inLanguage\":\"pt-PT\"},{\"@type\":\"Organization\",\"@id\":\"https:\\\/\\\/agradocosmetic.com\\\/#organization\",\"name\":\"Agrado\",\"url\":\"https:\\\/\\\/agradocosmetic.com\\\/\",\"logo\":{\"@type\":\"ImageObject\",\"inLanguage\":\"pt-PT\",\"@id\":\"https:\\\/\\\/agradocosmetic.com\\\/#\\\/schema\\\/logo\\\/image\\\/\",\"url\":\"https:\\\/\\\/agradocosmetic.com\\\/wp-content\\\/uploads\\\/2023\\\/07\\\/LOGO-AGRADO-WEB-01.png\",\"contentUrl\":\"https:\\\/\\\/agradocosmetic.com\\\/wp-content\\\/uploads\\\/2023\\\/07\\\/LOGO-AGRADO-WEB-01.png\",\"width\":1632,\"height\":300,\"caption\":\"Agrado\"},\"image\":{\"@id\":\"https:\\\/\\\/agradocosmetic.com\\\/#\\\/schema\\\/logo\\\/image\\\/\"}},{\"@type\":\"Person\",\"@id\":\"https:\\\/\\\/agradocosmetic.com\\\/#\\\/schema\\\/person\\\/732e8d396022e25f9340196f83d6789d\",\"name\":\"agradocosmetic\",\"image\":{\"@type\":\"ImageObject\",\"inLanguage\":\"pt-PT\",\"@id\":\"https:\\\/\\\/secure.gravatar.com\\\/avatar\\\/c6003e45301182b7e125463fcbec403b1980909c12edf09098526b9a15e779c0?s=96&d=mm&r=g\",\"url\":\"https:\\\/\\\/secure.gravatar.com\\\/avatar\\\/c6003e45301182b7e125463fcbec403b1980909c12edf09098526b9a15e779c0?s=96&d=mm&r=g\",\"contentUrl\":\"https:\\\/\\\/secure.gravatar.com\\\/avatar\\\/c6003e45301182b7e125463fcbec403b1980909c12edf09098526b9a15e779c0?s=96&d=mm&r=g\",\"caption\":\"agradocosmetic\"}}]}<\/script>\n<!-- \/ Yoast SEO plugin. -->","yoast_head_json":{"title":"Aprende a cuidar tus manos en invierno - Agrado","robots":{"index":"index","follow":"follow","max-snippet":"max-snippet:-1","max-image-preview":"max-image-preview:large","max-video-preview":"max-video-preview:-1"},"canonical":"https:\/\/agradocosmetic.com\/pt\/aprende-a-cuidar-tus-manos-en-invierno\/","og_locale":"pt_PT","og_type":"article","og_title":"Aprende a cuidar tus manos en invierno - Agrado","og_description":"Con el fr\u00edo la piel se resiente, se reseca y a veces se cuartea. La piel de las manos es una zona del cuerpo que hay que tratar con especial atenci\u00f3n, ya que siempre est\u00e1n expuestas al fr\u00edo, la lluvia o la nieve. Desde Agrado Cosmetic te recomendamos usar nuestra Crema de Manos Concentrada con [&hellip;]","og_url":"https:\/\/agradocosmetic.com\/pt\/aprende-a-cuidar-tus-manos-en-invierno\/","og_site_name":"Agrado","article_published_time":"2019-11-04T09:20:57+00:00","article_modified_time":"2023-11-18T16:58:55+00:00","og_image":[{"width":1200,"height":800,"url":"https:\/\/agradocosmetic.com\/wp-content\/uploads\/2019\/11\/cuidar-manos-invierno-agrado.jpg","type":"image\/jpeg"}],"author":"agradocosmetic","twitter_card":"summary_large_image","twitter_misc":{"Escrito por":"agradocosmetic","Tempo estimado de leitura":"2 minutos"},"schema":{"@context":"https:\/\/schema.org","@graph":[{"@type":"Article","@id":"https:\/\/agradocosmetic.com\/aprende-a-cuidar-tus-manos-en-invierno\/#article","isPartOf":{"@id":"https:\/\/agradocosmetic.com\/aprende-a-cuidar-tus-manos-en-invierno\/"},"author":{"name":"agradocosmetic","@id":"https:\/\/agradocosmetic.com\/#\/schema\/person\/732e8d396022e25f9340196f83d6789d"},"headline":"Aprende a cuidar tus manos en invierno","datePublished":"2019-11-04T09:20:57+00:00","dateModified":"2023-11-18T16:58:55+00:00","mainEntityOfPage":{"@id":"https:\/\/agradocosmetic.com\/aprende-a-cuidar-tus-manos-en-invierno\/"},"wordCount":419,"commentCount":0,"publisher":{"@id":"https:\/\/agradocosmetic.com\/#organization"},"image":{"@id":"https:\/\/agradocosmetic.com\/aprende-a-cuidar-tus-manos-en-invierno\/#primaryimage"},"thumbnailUrl":"https:\/\/agradocosmetic.com\/wp-content\/uploads\/2019\/11\/cuidar-manos-invierno-agrado.jpg","keywords":["crema de manos","glicerina","invierno","manos"],"articleSection":["Corporal","Todos"],"inLanguage":"pt-PT","potentialAction":[{"@type":"CommentAction","name":"Comment","target":["https:\/\/agradocosmetic.com\/aprende-a-cuidar-tus-manos-en-invierno\/#respond"]}]},{"@type":"WebPage","@id":"https:\/\/agradocosmetic.com\/aprende-a-cuidar-tus-manos-en-invierno\/","url":"https:\/\/agradocosmetic.com\/aprende-a-cuidar-tus-manos-en-invierno\/","name":"Aprende a cuidar tus manos en invierno - Agrado","isPartOf":{"@id":"https:\/\/agradocosmetic.com\/#website"},"primaryImageOfPage":{"@id":"https:\/\/agradocosmetic.com\/aprende-a-cuidar-tus-manos-en-invierno\/#primaryimage"},"image":{"@id":"https:\/\/agradocosmetic.com\/aprende-a-cuidar-tus-manos-en-invierno\/#primaryimage"},"thumbnailUrl":"https:\/\/agradocosmetic.com\/wp-content\/uploads\/2019\/11\/cuidar-manos-invierno-agrado.jpg","datePublished":"2019-11-04T09:20:57+00:00","dateModified":"2023-11-18T16:58:55+00:00","breadcrumb":{"@id":"https:\/\/agradocosmetic.com\/aprende-a-cuidar-tus-manos-en-invierno\/#breadcrumb"},"inLanguage":"pt-PT","potentialAction":[{"@type":"ReadAction","target":["https:\/\/agradocosmetic.com\/aprende-a-cuidar-tus-manos-en-invierno\/"]}]},{"@type":"ImageObject","inLanguage":"pt-PT","@id":"https:\/\/agradocosmetic.com\/aprende-a-cuidar-tus-manos-en-invierno\/#primaryimage","url":"https:\/\/agradocosmetic.com\/wp-content\/uploads\/2019\/11\/cuidar-manos-invierno-agrado.jpg","contentUrl":"https:\/\/agradocosmetic.com\/wp-content\/uploads\/2019\/11\/cuidar-manos-invierno-agrado.jpg","width":1200,"height":800},{"@type":"BreadcrumbList","@id":"https:\/\/agradocosmetic.com\/aprende-a-cuidar-tus-manos-en-invierno\/#breadcrumb","itemListElement":[{"@type":"ListItem","position":1,"name":"Portada","item":"https:\/\/agradocosmetic.com\/"},{"@type":"ListItem","position":2,"name":"Aprende a cuidar tus manos en invierno"}]},{"@type":"WebSite","@id":"https:\/\/agradocosmetic.com\/#website","url":"https:\/\/agradocosmetic.com\/","name":"Gosto","description":"Cosm\u00e9tico","publisher":{"@id":"https:\/\/agradocosmetic.com\/#organization"},"potentialAction":[{"@type":"SearchAction","target":{"@type":"EntryPoint","urlTemplate":"https:\/\/agradocosmetic.com\/?s={search_term_string}"},"query-input":{"@type":"PropertyValueSpecification","valueRequired":true,"valueName":"search_term_string"}}],"inLanguage":"pt-PT"},{"@type":"Organization","@id":"https:\/\/agradocosmetic.com\/#organization","name":"Gosto","url":"https:\/\/agradocosmetic.com\/","logo":{"@type":"ImageObject","inLanguage":"pt-PT","@id":"https:\/\/agradocosmetic.com\/#\/schema\/logo\/image\/","url":"https:\/\/agradocosmetic.com\/wp-content\/uploads\/2023\/07\/LOGO-AGRADO-WEB-01.png","contentUrl":"https:\/\/agradocosmetic.com\/wp-content\/uploads\/2023\/07\/LOGO-AGRADO-WEB-01.png","width":1632,"height":300,"caption":"Agrado"},"image":{"@id":"https:\/\/agradocosmetic.com\/#\/schema\/logo\/image\/"}},{"@type":"Person","@id":"https:\/\/agradocosmetic.com\/#\/schema\/person\/732e8d396022e25f9340196f83d6789d","name":"agradocosm\u00e9tico","image":{"@type":"ImageObject","inLanguage":"pt-PT","@id":"https:\/\/secure.gravatar.com\/avatar\/c6003e45301182b7e125463fcbec403b1980909c12edf09098526b9a15e779c0?s=96&d=mm&r=g","url":"https:\/\/secure.gravatar.com\/avatar\/c6003e45301182b7e125463fcbec403b1980909c12edf09098526b9a15e779c0?s=96&d=mm&r=g","contentUrl":"https:\/\/secure.gravatar.com\/avatar\/c6003e45301182b7e125463fcbec403b1980909c12edf09098526b9a15e779c0?s=96&d=mm&r=g","caption":"agradocosmetic"}}]}},"_links":{"self":[{"href":"https:\/\/agradocosmetic.com\/pt\/wp-json\/wp\/v2\/posts\/5728","targetHints":{"allow":["GET"]}}],"collection":[{"href":"https:\/\/agradocosmetic.com\/pt\/wp-json\/wp\/v2\/posts"}],"about":[{"href":"https:\/\/agradocosmetic.com\/pt\/wp-json\/wp\/v2\/types\/post"}],"author":[{"embeddable":true,"href":"https:\/\/agradocosmetic.com\/pt\/wp-json\/wp\/v2\/users\/9"}],"replies":[{"embeddable":true,"href":"https:\/\/agradocosmetic.com\/pt\/wp-json\/wp\/v2\/comments?post=5728"}],"version-history":[{"count":1,"href":"https:\/\/agradocosmetic.com\/pt\/wp-json\/wp\/v2\/posts\/5728\/revisions"}],"predecessor-version":[{"id":21397,"href":"https:\/\/agradocosmetic.com\/pt\/wp-json\/wp\/v2\/posts\/5728\/revisions\/21397"}],"wp:featuredmedia":[{"embeddable":true,"href":"https:\/\/agradocosmetic.com\/pt\/wp-json\/wp\/v2\/media\/21396"}],"wp:attachment":[{"href":"https:\/\/agradocosmetic.com\/pt\/wp-json\/wp\/v2\/media?parent=5728"}],"wp:term":[{"taxonomy":"category","embeddable":true,"href":"https:\/\/agradocosmetic.com\/pt\/wp-json\/wp\/v2\/categories?post=5728"},{"taxonomy":"post_tag","embeddable":true,"href":"https:\/\/agradocosmetic.com\/pt\/wp-json\/wp\/v2\/tags?post=5728"}],"curies":[{"name":"wp","href":"https:\/\/api.w.org\/{rel}","templated":true}]}}