{"id":7148,"date":"2020-02-17T09:57:14","date_gmt":"2020-02-17T08:57:14","guid":{"rendered":"https:\/\/www.agradocosmetic.com\/?p=7148"},"modified":"2023-11-18T16:58:54","modified_gmt":"2023-11-18T16:58:54","slug":"como-cuidar-pelo-graso","status":"publish","type":"post","link":"https:\/\/agradocosmetic.com\/pt\/como-cuidar-pelo-graso\/","title":{"rendered":"Como cuidar de cabelos oleosos"},"content":{"rendered":"<p>Todos sabemos que a pele seca e a pele oleosa necessitam de produtos diferentes, mas e o cabelo? Por igual! Se voc\u00ea ainda n\u00e3o sabe como cuidar dos cabelos oleosos, anote as dicas a seguir para regular a oleosidade e diminuir aquele efeito liso que tanto pesa.<\/p>\r\n\r\n\r\n\r\n<ol class=\"wp-block-list\">\r\n<li><strong>Use um shampoo que regule a oleosidade<\/strong>. O sebo nos capilares \u00e9 o culpado daquela sensa\u00e7\u00e3o oleosa que deixa os cabelos pesados e reduz seu volume e movimento. O excesso d\u00e1 aspecto de cabelo sujo, por isso \u00e9 necess\u00e1rio usar o <a href=\"\/pt\/?p=643\" target=\"_blank\" rel=\"noreferrer noopener\" aria-label=\" (abre em uma nova aba)\">Shampoo para uso frequente de cabelos oleosos<\/a>, que atua como regulador de sebo e adstringente.\u00a0<\/li>\r\n<li><strong>Lave o cabelo suavemente com \u00e1gua morna<\/strong>. \u00c9 importante ativar a circula\u00e7\u00e3o com uma massagem sem esfregar muito e abrir a cut\u00edcula com \u00e1gua morna, o que permitir\u00e1 eliminar o excesso de oleosidade e res\u00edduos.<\/li>\r\n<li><strong>Limite a lavagem.<\/strong> O uso excessivo de produtos no dia a dia tamb\u00e9m prejudica os cabelos oleosos. Espace-os o m\u00e1ximo poss\u00edvel, pelo menos a cada 2-3 dias.<\/li>\r\n<li><strong>Evite usar produtos de fixa\u00e7\u00e3o, desembara\u00e7adores ou s\u00e9runs.<\/strong> E se precisar, opte por aqueles especiais para cabelos oleosos, como o <a href=\"\/pt\/?p=685\" target=\"_blank\" rel=\"noreferrer noopener\" aria-label=\" (abre em uma nova aba)\">Creme Suavizante Condicionador<\/a> de Agrado, e aplique somente do meio para as pontas.<\/li>\r\n<li><strong>N\u00e3o toque muito no seu cabelo.<\/strong> Parece \u00f3bvio, mas quanto mais tocamos no cabelo, mais sujo e oleoso ele fica. Principalmente a \u00e1rea da franja. \u00c9 hora de eliminar esse h\u00e1bito para manter os cabelos mais bonitos. Uma dica extra que voc\u00ea provavelmente n\u00e3o sabia!<\/li>\r\n<\/ol>\r\n\r\n\r\n\r\n<p>Esperamos que essas dicas para cuidar dos cabelos oleosos ajudem voc\u00ea a manter seu cabelo lindo por mais tempo. Lembre-se de que cada um \u00e9 importante e o ajudar\u00e1 a alcan\u00e7ar os resultados que voc\u00ea precisa. Se voc\u00ea tiver mais d\u00favidas sobre cuidados com o cabelo ou corpo, n\u00e3o hesite em nos escrever! Estamos muito perto de voc\u00ea, no Facebook e no Instagram.<\/p>","protected":false},"excerpt":{"rendered":"<p>Todxs somos conscientes de que una piel seca y una piel grasa necesitan productos diferentes pero, \u00bfy el cabello? \u00a1Pues igual! Si todav\u00eda no sabes c\u00f3mo cuidar el pelo graso, anota los siguientes tips para regular la grasa y reducir ese efecto lacio que tanto te agobia. Usa un champ\u00fa que regule la grasa. El [&hellip;]<\/p>\n","protected":false},"author":9,"featured_media":21382,"comment_status":"open","ping_status":"closed","sticky":false,"template":"","format":"standard","meta":{"footnotes":"","_wp_rev_ctl_limit":""},"categories":[128,1],"tags":[245,306,129,307,308,309,219],"class_list":["post-7148","post","type-post","status-publish","format-standard","has-post-thumbnail","hentry","category-capilar","category-todos","tag-cabello","tag-cabello-graso","tag-capilar","tag-consejos","tag-pelazo","tag-pelo-graso","tag-tips"],"yoast_head":"<!-- This site is optimized with the Yoast SEO plugin v27.4 - https:\/\/yoast.com\/product\/yoast-seo-wordpress\/ -->\n<title>C\u00f3mo cuidar el pelo graso: consejos - Agrado Cosmetic<\/title>\n<meta name=\"description\" content=\"Cuidar el pelo graso de una forma espec\u00edfica es necesario para reducir la producci\u00f3n de grasa y lucir pelazo. \u00a1Toma nota de nuestros tips!\" \/>\n<meta name=\"robots\" content=\"index, follow, max-snippet:-1, max-image-preview:large, max-video-preview:-1\" \/>\n<link rel=\"canonical\" href=\"https:\/\/agradocosmetic.com\/pt\/como-cuidar-pelo-graso\/\" \/>\n<meta property=\"og:locale\" content=\"pt_PT\" \/>\n<meta property=\"og:type\" content=\"article\" \/>\n<meta property=\"og:title\" content=\"C\u00f3mo cuidar el pelo graso: consejos - Agrado Cosmetic\" \/>\n<meta property=\"og:description\" content=\"Cuidar el pelo graso de una forma espec\u00edfica es necesario para reducir la producci\u00f3n de grasa y lucir pelazo. \u00a1Toma nota de nuestros tips!\" \/>\n<meta property=\"og:url\" content=\"https:\/\/agradocosmetic.com\/pt\/como-cuidar-pelo-graso\/\" \/>\n<meta property=\"og:site_name\" content=\"Agrado\" \/>\n<meta property=\"article:published_time\" content=\"2020-02-17T08:57:14+00:00\" \/>\n<meta property=\"article:modified_time\" content=\"2023-11-18T16:58:54+00:00\" \/>\n<meta property=\"og:image\" content=\"https:\/\/agradocosmetic.com\/wp-content\/uploads\/2020\/02\/cuidar-pelo-graso-agrado.jpg\" \/>\n\t<meta property=\"og:image:width\" content=\"1200\" \/>\n\t<meta property=\"og:image:height\" content=\"800\" \/>\n\t<meta property=\"og:image:type\" content=\"image\/jpeg\" \/>\n<meta name=\"author\" content=\"agradocosmetic\" \/>\n<meta name=\"twitter:card\" content=\"summary_large_image\" \/>\n<meta name=\"twitter:label1\" content=\"Escrito por\" \/>\n\t<meta name=\"twitter:data1\" content=\"agradocosmetic\" \/>\n\t<meta name=\"twitter:label2\" content=\"Tempo estimado de leitura\" \/>\n\t<meta name=\"twitter:data2\" content=\"2 minutos\" \/>\n<script type=\"application\/ld+json\" class=\"yoast-schema-graph\">{\"@context\":\"https:\\\/\\\/schema.org\",\"@graph\":[{\"@type\":\"Article\",\"@id\":\"https:\\\/\\\/agradocosmetic.com\\\/como-cuidar-pelo-graso\\\/#article\",\"isPartOf\":{\"@id\":\"https:\\\/\\\/agradocosmetic.com\\\/como-cuidar-pelo-graso\\\/\"},\"author\":{\"name\":\"agradocosmetic\",\"@id\":\"https:\\\/\\\/agradocosmetic.com\\\/#\\\/schema\\\/person\\\/732e8d396022e25f9340196f83d6789d\"},\"headline\":\"C\u00f3mo cuidar el pelo graso\",\"datePublished\":\"2020-02-17T08:57:14+00:00\",\"dateModified\":\"2023-11-18T16:58:54+00:00\",\"mainEntityOfPage\":{\"@id\":\"https:\\\/\\\/agradocosmetic.com\\\/como-cuidar-pelo-graso\\\/\"},\"wordCount\":328,\"commentCount\":0,\"publisher\":{\"@id\":\"https:\\\/\\\/agradocosmetic.com\\\/#organization\"},\"image\":{\"@id\":\"https:\\\/\\\/agradocosmetic.com\\\/como-cuidar-pelo-graso\\\/#primaryimage\"},\"thumbnailUrl\":\"https:\\\/\\\/agradocosmetic.com\\\/wp-content\\\/uploads\\\/2020\\\/02\\\/cuidar-pelo-graso-agrado.jpg\",\"keywords\":[\"cabello\",\"cabello graso\",\"capilar\",\"consejos\",\"pelazo\",\"pelo graso\",\"tips\"],\"articleSection\":[\"Capilar\",\"Todos\"],\"inLanguage\":\"pt-PT\",\"potentialAction\":[{\"@type\":\"CommentAction\",\"name\":\"Comment\",\"target\":[\"https:\\\/\\\/agradocosmetic.com\\\/como-cuidar-pelo-graso\\\/#respond\"]}]},{\"@type\":\"WebPage\",\"@id\":\"https:\\\/\\\/agradocosmetic.com\\\/como-cuidar-pelo-graso\\\/\",\"url\":\"https:\\\/\\\/agradocosmetic.com\\\/como-cuidar-pelo-graso\\\/\",\"name\":\"C\u00f3mo cuidar el pelo graso: consejos - Agrado Cosmetic\",\"isPartOf\":{\"@id\":\"https:\\\/\\\/agradocosmetic.com\\\/#website\"},\"primaryImageOfPage\":{\"@id\":\"https:\\\/\\\/agradocosmetic.com\\\/como-cuidar-pelo-graso\\\/#primaryimage\"},\"image\":{\"@id\":\"https:\\\/\\\/agradocosmetic.com\\\/como-cuidar-pelo-graso\\\/#primaryimage\"},\"thumbnailUrl\":\"https:\\\/\\\/agradocosmetic.com\\\/wp-content\\\/uploads\\\/2020\\\/02\\\/cuidar-pelo-graso-agrado.jpg\",\"datePublished\":\"2020-02-17T08:57:14+00:00\",\"dateModified\":\"2023-11-18T16:58:54+00:00\",\"description\":\"Cuidar el pelo graso de una forma espec\u00edfica es necesario para reducir la producci\u00f3n de grasa y lucir pelazo. \u00a1Toma nota de nuestros tips!\",\"breadcrumb\":{\"@id\":\"https:\\\/\\\/agradocosmetic.com\\\/como-cuidar-pelo-graso\\\/#breadcrumb\"},\"inLanguage\":\"pt-PT\",\"potentialAction\":[{\"@type\":\"ReadAction\",\"target\":[\"https:\\\/\\\/agradocosmetic.com\\\/como-cuidar-pelo-graso\\\/\"]}]},{\"@type\":\"ImageObject\",\"inLanguage\":\"pt-PT\",\"@id\":\"https:\\\/\\\/agradocosmetic.com\\\/como-cuidar-pelo-graso\\\/#primaryimage\",\"url\":\"https:\\\/\\\/agradocosmetic.com\\\/wp-content\\\/uploads\\\/2020\\\/02\\\/cuidar-pelo-graso-agrado.jpg\",\"contentUrl\":\"https:\\\/\\\/agradocosmetic.com\\\/wp-content\\\/uploads\\\/2020\\\/02\\\/cuidar-pelo-graso-agrado.jpg\",\"width\":1200,\"height\":800},{\"@type\":\"BreadcrumbList\",\"@id\":\"https:\\\/\\\/agradocosmetic.com\\\/como-cuidar-pelo-graso\\\/#breadcrumb\",\"itemListElement\":[{\"@type\":\"ListItem\",\"position\":1,\"name\":\"Portada\",\"item\":\"https:\\\/\\\/agradocosmetic.com\\\/\"},{\"@type\":\"ListItem\",\"position\":2,\"name\":\"C\u00f3mo cuidar el pelo graso\"}]},{\"@type\":\"WebSite\",\"@id\":\"https:\\\/\\\/agradocosmetic.com\\\/#website\",\"url\":\"https:\\\/\\\/agradocosmetic.com\\\/\",\"name\":\"Agrado\",\"description\":\"Cosmetic\",\"publisher\":{\"@id\":\"https:\\\/\\\/agradocosmetic.com\\\/#organization\"},\"potentialAction\":[{\"@type\":\"SearchAction\",\"target\":{\"@type\":\"EntryPoint\",\"urlTemplate\":\"https:\\\/\\\/agradocosmetic.com\\\/?s={search_term_string}\"},\"query-input\":{\"@type\":\"PropertyValueSpecification\",\"valueRequired\":true,\"valueName\":\"search_term_string\"}}],\"inLanguage\":\"pt-PT\"},{\"@type\":\"Organization\",\"@id\":\"https:\\\/\\\/agradocosmetic.com\\\/#organization\",\"name\":\"Agrado\",\"url\":\"https:\\\/\\\/agradocosmetic.com\\\/\",\"logo\":{\"@type\":\"ImageObject\",\"inLanguage\":\"pt-PT\",\"@id\":\"https:\\\/\\\/agradocosmetic.com\\\/#\\\/schema\\\/logo\\\/image\\\/\",\"url\":\"https:\\\/\\\/agradocosmetic.com\\\/wp-content\\\/uploads\\\/2023\\\/07\\\/LOGO-AGRADO-WEB-01.png\",\"contentUrl\":\"https:\\\/\\\/agradocosmetic.com\\\/wp-content\\\/uploads\\\/2023\\\/07\\\/LOGO-AGRADO-WEB-01.png\",\"width\":1632,\"height\":300,\"caption\":\"Agrado\"},\"image\":{\"@id\":\"https:\\\/\\\/agradocosmetic.com\\\/#\\\/schema\\\/logo\\\/image\\\/\"}},{\"@type\":\"Person\",\"@id\":\"https:\\\/\\\/agradocosmetic.com\\\/#\\\/schema\\\/person\\\/732e8d396022e25f9340196f83d6789d\",\"name\":\"agradocosmetic\",\"image\":{\"@type\":\"ImageObject\",\"inLanguage\":\"pt-PT\",\"@id\":\"https:\\\/\\\/secure.gravatar.com\\\/avatar\\\/c6003e45301182b7e125463fcbec403b1980909c12edf09098526b9a15e779c0?s=96&d=mm&r=g\",\"url\":\"https:\\\/\\\/secure.gravatar.com\\\/avatar\\\/c6003e45301182b7e125463fcbec403b1980909c12edf09098526b9a15e779c0?s=96&d=mm&r=g\",\"contentUrl\":\"https:\\\/\\\/secure.gravatar.com\\\/avatar\\\/c6003e45301182b7e125463fcbec403b1980909c12edf09098526b9a15e779c0?s=96&d=mm&r=g\",\"caption\":\"agradocosmetic\"}}]}<\/script>\n<!-- \/ Yoast SEO plugin. -->","yoast_head_json":{"title":"Como cuidar de cabelos oleosos: dicas - Agrado Cosmetic","description":"Cuidar dos cabelos oleosos de maneira espec\u00edfica \u00e9 essencial para reduzir a produ\u00e7\u00e3o de \u00f3leo e conquistar fios deslumbrantes. Anote nossas dicas!","robots":{"index":"index","follow":"follow","max-snippet":"max-snippet:-1","max-image-preview":"max-image-preview:large","max-video-preview":"max-video-preview:-1"},"canonical":"https:\/\/agradocosmetic.com\/pt\/como-cuidar-pelo-graso\/","og_locale":"pt_PT","og_type":"article","og_title":"C\u00f3mo cuidar el pelo graso: consejos - Agrado Cosmetic","og_description":"Cuidar el pelo graso de una forma espec\u00edfica es necesario para reducir la producci\u00f3n de grasa y lucir pelazo. \u00a1Toma nota de nuestros tips!","og_url":"https:\/\/agradocosmetic.com\/pt\/como-cuidar-pelo-graso\/","og_site_name":"Agrado","article_published_time":"2020-02-17T08:57:14+00:00","article_modified_time":"2023-11-18T16:58:54+00:00","og_image":[{"width":1200,"height":800,"url":"https:\/\/agradocosmetic.com\/wp-content\/uploads\/2020\/02\/cuidar-pelo-graso-agrado.jpg","type":"image\/jpeg"}],"author":"agradocosmetic","twitter_card":"summary_large_image","twitter_misc":{"Escrito por":"agradocosmetic","Tempo estimado de leitura":"2 minutos"},"schema":{"@context":"https:\/\/schema.org","@graph":[{"@type":"Article","@id":"https:\/\/agradocosmetic.com\/como-cuidar-pelo-graso\/#article","isPartOf":{"@id":"https:\/\/agradocosmetic.com\/como-cuidar-pelo-graso\/"},"author":{"name":"agradocosmetic","@id":"https:\/\/agradocosmetic.com\/#\/schema\/person\/732e8d396022e25f9340196f83d6789d"},"headline":"C\u00f3mo cuidar el pelo graso","datePublished":"2020-02-17T08:57:14+00:00","dateModified":"2023-11-18T16:58:54+00:00","mainEntityOfPage":{"@id":"https:\/\/agradocosmetic.com\/como-cuidar-pelo-graso\/"},"wordCount":328,"commentCount":0,"publisher":{"@id":"https:\/\/agradocosmetic.com\/#organization"},"image":{"@id":"https:\/\/agradocosmetic.com\/como-cuidar-pelo-graso\/#primaryimage"},"thumbnailUrl":"https:\/\/agradocosmetic.com\/wp-content\/uploads\/2020\/02\/cuidar-pelo-graso-agrado.jpg","keywords":["cabello","cabello graso","capilar","consejos","pelazo","pelo graso","tips"],"articleSection":["Capilar","Todos"],"inLanguage":"pt-PT","potentialAction":[{"@type":"CommentAction","name":"Comment","target":["https:\/\/agradocosmetic.com\/como-cuidar-pelo-graso\/#respond"]}]},{"@type":"WebPage","@id":"https:\/\/agradocosmetic.com\/como-cuidar-pelo-graso\/","url":"https:\/\/agradocosmetic.com\/como-cuidar-pelo-graso\/","name":"Como cuidar de cabelos oleosos: dicas - Agrado Cosmetic","isPartOf":{"@id":"https:\/\/agradocosmetic.com\/#website"},"primaryImageOfPage":{"@id":"https:\/\/agradocosmetic.com\/como-cuidar-pelo-graso\/#primaryimage"},"image":{"@id":"https:\/\/agradocosmetic.com\/como-cuidar-pelo-graso\/#primaryimage"},"thumbnailUrl":"https:\/\/agradocosmetic.com\/wp-content\/uploads\/2020\/02\/cuidar-pelo-graso-agrado.jpg","datePublished":"2020-02-17T08:57:14+00:00","dateModified":"2023-11-18T16:58:54+00:00","description":"Cuidar dos cabelos oleosos de maneira espec\u00edfica \u00e9 essencial para reduzir a produ\u00e7\u00e3o de \u00f3leo e conquistar fios deslumbrantes. Anote nossas dicas!","breadcrumb":{"@id":"https:\/\/agradocosmetic.com\/como-cuidar-pelo-graso\/#breadcrumb"},"inLanguage":"pt-PT","potentialAction":[{"@type":"ReadAction","target":["https:\/\/agradocosmetic.com\/como-cuidar-pelo-graso\/"]}]},{"@type":"ImageObject","inLanguage":"pt-PT","@id":"https:\/\/agradocosmetic.com\/como-cuidar-pelo-graso\/#primaryimage","url":"https:\/\/agradocosmetic.com\/wp-content\/uploads\/2020\/02\/cuidar-pelo-graso-agrado.jpg","contentUrl":"https:\/\/agradocosmetic.com\/wp-content\/uploads\/2020\/02\/cuidar-pelo-graso-agrado.jpg","width":1200,"height":800},{"@type":"BreadcrumbList","@id":"https:\/\/agradocosmetic.com\/como-cuidar-pelo-graso\/#breadcrumb","itemListElement":[{"@type":"ListItem","position":1,"name":"Portada","item":"https:\/\/agradocosmetic.com\/"},{"@type":"ListItem","position":2,"name":"C\u00f3mo cuidar el pelo graso"}]},{"@type":"WebSite","@id":"https:\/\/agradocosmetic.com\/#website","url":"https:\/\/agradocosmetic.com\/","name":"Gosto","description":"Cosm\u00e9tico","publisher":{"@id":"https:\/\/agradocosmetic.com\/#organization"},"potentialAction":[{"@type":"SearchAction","target":{"@type":"EntryPoint","urlTemplate":"https:\/\/agradocosmetic.com\/?s={search_term_string}"},"query-input":{"@type":"PropertyValueSpecification","valueRequired":true,"valueName":"search_term_string"}}],"inLanguage":"pt-PT"},{"@type":"Organization","@id":"https:\/\/agradocosmetic.com\/#organization","name":"Gosto","url":"https:\/\/agradocosmetic.com\/","logo":{"@type":"ImageObject","inLanguage":"pt-PT","@id":"https:\/\/agradocosmetic.com\/#\/schema\/logo\/image\/","url":"https:\/\/agradocosmetic.com\/wp-content\/uploads\/2023\/07\/LOGO-AGRADO-WEB-01.png","contentUrl":"https:\/\/agradocosmetic.com\/wp-content\/uploads\/2023\/07\/LOGO-AGRADO-WEB-01.png","width":1632,"height":300,"caption":"Agrado"},"image":{"@id":"https:\/\/agradocosmetic.com\/#\/schema\/logo\/image\/"}},{"@type":"Person","@id":"https:\/\/agradocosmetic.com\/#\/schema\/person\/732e8d396022e25f9340196f83d6789d","name":"agradocosm\u00e9tico","image":{"@type":"ImageObject","inLanguage":"pt-PT","@id":"https:\/\/secure.gravatar.com\/avatar\/c6003e45301182b7e125463fcbec403b1980909c12edf09098526b9a15e779c0?s=96&d=mm&r=g","url":"https:\/\/secure.gravatar.com\/avatar\/c6003e45301182b7e125463fcbec403b1980909c12edf09098526b9a15e779c0?s=96&d=mm&r=g","contentUrl":"https:\/\/secure.gravatar.com\/avatar\/c6003e45301182b7e125463fcbec403b1980909c12edf09098526b9a15e779c0?s=96&d=mm&r=g","caption":"agradocosmetic"}}]}},"_links":{"self":[{"href":"https:\/\/agradocosmetic.com\/pt\/wp-json\/wp\/v2\/posts\/7148","targetHints":{"allow":["GET"]}}],"collection":[{"href":"https:\/\/agradocosmetic.com\/pt\/wp-json\/wp\/v2\/posts"}],"about":[{"href":"https:\/\/agradocosmetic.com\/pt\/wp-json\/wp\/v2\/types\/post"}],"author":[{"embeddable":true,"href":"https:\/\/agradocosmetic.com\/pt\/wp-json\/wp\/v2\/users\/9"}],"replies":[{"embeddable":true,"href":"https:\/\/agradocosmetic.com\/pt\/wp-json\/wp\/v2\/comments?post=7148"}],"version-history":[{"count":1,"href":"https:\/\/agradocosmetic.com\/pt\/wp-json\/wp\/v2\/posts\/7148\/revisions"}],"predecessor-version":[{"id":21383,"href":"https:\/\/agradocosmetic.com\/pt\/wp-json\/wp\/v2\/posts\/7148\/revisions\/21383"}],"wp:featuredmedia":[{"embeddable":true,"href":"https:\/\/agradocosmetic.com\/pt\/wp-json\/wp\/v2\/media\/21382"}],"wp:attachment":[{"href":"https:\/\/agradocosmetic.com\/pt\/wp-json\/wp\/v2\/media?parent=7148"}],"wp:term":[{"taxonomy":"category","embeddable":true,"href":"https:\/\/agradocosmetic.com\/pt\/wp-json\/wp\/v2\/categories?post=7148"},{"taxonomy":"post_tag","embeddable":true,"href":"https:\/\/agradocosmetic.com\/pt\/wp-json\/wp\/v2\/tags?post=7148"}],"curies":[{"name":"wp","href":"https:\/\/api.w.org\/{rel}","templated":true}]}}