{"id":9264,"date":"2020-05-15T08:41:26","date_gmt":"2020-05-15T07:41:26","guid":{"rendered":"https:\/\/www.agradocosmetic.com\/?p=9264"},"modified":"2023-11-18T16:58:54","modified_gmt":"2023-11-18T16:58:54","slug":"como-preparar-tu-piel-para-el-verano","status":"publish","type":"post","link":"https:\/\/agradocosmetic.com\/pt\/como-preparar-tu-piel-para-el-verano\/","title":{"rendered":"Como preparar a pele para o ver\u00e3o"},"content":{"rendered":"<p>A \u00e9poca mais esperada do ano aproxima-se e, embora com a incerteza das circunst\u00e2ncias atuais, este ano continua a ser igualmente importante preparar a pele para o bom tempo, a exposi\u00e7\u00e3o solar e a nata\u00e7\u00e3o. N\u00e3o se esque\u00e7a de nenhum destes passos e obtenha um bronzeado mais bonito, saud\u00e1vel e duradouro.\u00a0<\/p>\r\n\r\n\r\n\r\n<ul class=\"wp-block-list\">\r\n<li>Limpeza facial constante<\/li>\r\n<\/ul>\r\n\r\n\r\n\r\n<p>Embora possa parecer \u00f3bvio, a limpeza da pele \u00e9 parte fundamental da nossa rotina, ainda mais se quisermos preparar a pele para uma exposi\u00e7\u00e3o moderada ao sol. \u00c9 importante lavar o rosto duas vezes ao dia, de manh\u00e3 e \u00e0 noite, com seu limpador preferido. Seja consistente e sua pele ficar\u00e1 radiante e com res\u00edduos. Experimente aplicar nosso <a href=\"\/pt\/?p=463\">t\u00f4nico facial <\/a>ap\u00f3s a limpeza e os resultados ser\u00e3o ainda melhores.\u00a0<\/p>\r\n\r\n\r\n\r\n<p>&nbsp;<\/p>\r\n\r\n\r\n\r\n<ul class=\"wp-block-list\">\r\n<li>Esfolia\u00e7\u00e3o duas vezes por semana<\/li>\r\n<\/ul>\r\n\r\n\r\n\r\n<p>Antes de se expor ao sol \u00e9 muito importante esfoliar a pele e retirar todas as impurezas e c\u00e9lulas mortas. Aplique seu esfoliante preferido, espalhando com uma massagem suave, depois retire e aplique um hidratante adequado. Escolha produtos n\u00e3o abrasivos ou opte por um <a href=\"https:\/\/www.telva.com\/belleza\/album\/2020\/03\/03\/5e5ec42901a2f1546a8b45f1.html\">esfoliante caseiro<\/a> \u00e0 base de caf\u00e9 ou a\u00e7\u00facar. Lembre-se de esfoliar o rosto e o corpo pelo menos uma vez por semana para preparar perfeitamente a pele!<\/p>\r\n\r\n\r\n\r\n<ul class=\"wp-block-list\">\r\n<li>Maior hidrata\u00e7\u00e3o<\/li>\r\n<\/ul>\r\n\r\n\r\n\r\n<p>Esta \u00e9, sem d\u00favida, uma parte essencial se o que pretendemos \u00e9 um bronzeado bonito e duradouro. Com os poros agora limpos, a pele ficar\u00e1 mais receptiva aos agentes hidratantes. N\u00e3o se esque\u00e7a de aplic\u00e1-lo no rosto e no corpo pelo menos duas vezes ao dia para obter uma apar\u00eancia saud\u00e1vel e profundamente nutrida. Fa\u00e7a isso de m\u00e3os dadas com nosso <a href=\"\/pt\/?categoria-producto=corporal\/crema-y-locion\">cremes, \u00f3leos e lo\u00e7\u00f5es corporais<\/a> de Agrado para desfrutar do melhor resultado e aroma na sua pele.\u00a0<\/p>\r\n\r\n\r\n\r\n<p>&nbsp;<\/p>\r\n\r\n\r\n\r\n<ul class=\"wp-block-list\">\r\n<li>Depila\u00e7\u00e3o\u00a0<\/li>\r\n<\/ul>\r\n\r\n\r\n\r\n<p>Nesta \u00e9poca do ano tendemos a fazer a barba com mais frequ\u00eancia, por isso \u00e9 mais importante faz\u00ea-lo da maneira correta. Ap\u00f3s a depila\u00e7\u00e3o, lembre-se de n\u00e3o expor essas \u00e1reas ao sol por 24 horas. Desta forma evitaremos poss\u00edveis irrita\u00e7\u00f5es e queimaduras na pele. Com os restantes m\u00e9todos de depila\u00e7\u00e3o, que n\u00e3o incluem laser, basta acalmar a pele com um <a href=\"\/pt\/?p=203\">gel de aloe vera<\/a>.<\/p>\r\n\r\n\r\n\r\n<p>&nbsp;<\/p>\r\n\r\n\r\n\r\n<ul class=\"wp-block-list\">\r\n<li>Fotoprotetores e bronzeadores\u00a0<\/li>\r\n<\/ul>\r\n\r\n\r\n\r\n<p>E chegamos \u00e0 parte final e mais importante. \u00c9 fundamental proteger a nossa pele antes de nos expormos ao sol, pois evitaremos queimaduras, aparecimento de manchas e envelhecimento precoce. Todos os dias, aplique nosso <a href=\"\/pt\/?p=3560\">Mousse Facial Solar<\/a> aceno <a href=\"\/pt\/?linea=solares\">N\u00e9voa Facial<\/a> FPS50 para proteger o rosto, lembre-se que voc\u00ea pode reaplicar este \u00faltimo at\u00e9 mesmo por cima da maquiagem.\u00a0<\/p>\r\n\r\n\r\n\r\n<p>Antes de longas exposi\u00e7\u00f5es, n\u00e3o se esque\u00e7a de aplicar protetor solar no rosto e no corpo 30 minutos antes. Uma vez exposto, reaplique a prote\u00e7\u00e3o a cada 2 horas ou ap\u00f3s cada mergulho na piscina ou praia. A consist\u00eancia \u00e9 t\u00e3o importante quanto escolher bons produtos de prote\u00e7\u00e3o, escolha aquele que melhor se adapta \u00e0 sua pele entre todos os nossos <a href=\"\/pt\/?linea=solares\">gama solar<\/a>.\u00a0<\/p>\r\n\r\n\r\n\r\n<p>&nbsp;<\/p>\r\n\r\n\r\n\r\n<p>E j\u00e1 estamos recebendo o sol com cautela e com a pele perfeita! Prepare a sua pele para o ver\u00e3o seguindo estes passos e garantimos que o seu bronzeado ficar\u00e1 mais bonito do que nunca.<\/p>","protected":false},"excerpt":{"rendered":"<p>Se acerca la \u00e9poca m\u00e1s esperada del a\u00f1o y, aunque con la incertidumbre de las circunstancias actuales, este a\u00f1o sigue siendo igual de importante preparar tu piel para el buen tiempo, la exposici\u00f3n solar y los chapuzones. No olvides ninguno de estos pasos y consigue el bronceado m\u00e1s bonito, saludable y duradero.\u00a0 Limpieza facial constante [&hellip;]<\/p>\n","protected":false},"author":9,"featured_media":21370,"comment_status":"open","ping_status":"closed","sticky":false,"template":"","format":"standard","meta":{"footnotes":"","_wp_rev_ctl_limit":""},"categories":[149,119,118,116,1],"tags":[],"class_list":["post-9264","post","type-post","status-publish","format-standard","has-post-thumbnail","hentry","category-corporal","category-facial","category-lifestyle","category-solar","category-todos"],"yoast_head":"<!-- This site is optimized with the Yoast SEO plugin v27.4 - https:\/\/yoast.com\/product\/yoast-seo-wordpress\/ -->\n<title>C\u00f3mo preparar tu piel para el verano - Agrado<\/title>\n<meta name=\"description\" content=\"Empieza ya a preparar tu piel para el verano con estos sencillos gestos que te ayudar\u00e1n a conseguir un bronceado bonito y saludable.\" \/>\n<meta name=\"robots\" content=\"index, follow, max-snippet:-1, max-image-preview:large, max-video-preview:-1\" \/>\n<link rel=\"canonical\" href=\"https:\/\/agradocosmetic.com\/pt\/como-preparar-tu-piel-para-el-verano\/\" \/>\n<meta property=\"og:locale\" content=\"pt_PT\" \/>\n<meta property=\"og:type\" content=\"article\" \/>\n<meta property=\"og:title\" content=\"C\u00f3mo preparar tu piel para el verano - Agrado\" \/>\n<meta property=\"og:description\" content=\"Empieza ya a preparar tu piel para el verano con estos sencillos gestos que te ayudar\u00e1n a conseguir un bronceado bonito y saludable.\" \/>\n<meta property=\"og:url\" content=\"https:\/\/agradocosmetic.com\/pt\/como-preparar-tu-piel-para-el-verano\/\" \/>\n<meta property=\"og:site_name\" content=\"Agrado\" \/>\n<meta property=\"article:published_time\" content=\"2020-05-15T07:41:26+00:00\" \/>\n<meta property=\"article:modified_time\" content=\"2023-11-18T16:58:54+00:00\" \/>\n<meta property=\"og:image\" content=\"https:\/\/agradocosmetic.com\/wp-content\/uploads\/2020\/05\/preparar-piel-verano-agrado.jpg\" \/>\n\t<meta property=\"og:image:width\" content=\"1200\" \/>\n\t<meta property=\"og:image:height\" content=\"800\" \/>\n\t<meta property=\"og:image:type\" content=\"image\/jpeg\" \/>\n<meta name=\"author\" content=\"agradocosmetic\" \/>\n<meta name=\"twitter:card\" content=\"summary_large_image\" \/>\n<meta name=\"twitter:label1\" content=\"Escrito por\" \/>\n\t<meta name=\"twitter:data1\" content=\"agradocosmetic\" \/>\n\t<meta name=\"twitter:label2\" content=\"Tempo estimado de leitura\" \/>\n\t<meta name=\"twitter:data2\" content=\"3 minutos\" \/>\n<script type=\"application\/ld+json\" class=\"yoast-schema-graph\">{\"@context\":\"https:\\\/\\\/schema.org\",\"@graph\":[{\"@type\":\"Article\",\"@id\":\"https:\\\/\\\/agradocosmetic.com\\\/como-preparar-tu-piel-para-el-verano\\\/#article\",\"isPartOf\":{\"@id\":\"https:\\\/\\\/agradocosmetic.com\\\/como-preparar-tu-piel-para-el-verano\\\/\"},\"author\":{\"name\":\"agradocosmetic\",\"@id\":\"https:\\\/\\\/agradocosmetic.com\\\/#\\\/schema\\\/person\\\/732e8d396022e25f9340196f83d6789d\"},\"headline\":\"C\u00f3mo preparar tu piel para el verano\",\"datePublished\":\"2020-05-15T07:41:26+00:00\",\"dateModified\":\"2023-11-18T16:58:54+00:00\",\"mainEntityOfPage\":{\"@id\":\"https:\\\/\\\/agradocosmetic.com\\\/como-preparar-tu-piel-para-el-verano\\\/\"},\"wordCount\":554,\"commentCount\":0,\"publisher\":{\"@id\":\"https:\\\/\\\/agradocosmetic.com\\\/#organization\"},\"image\":{\"@id\":\"https:\\\/\\\/agradocosmetic.com\\\/como-preparar-tu-piel-para-el-verano\\\/#primaryimage\"},\"thumbnailUrl\":\"https:\\\/\\\/agradocosmetic.com\\\/wp-content\\\/uploads\\\/2020\\\/05\\\/preparar-piel-verano-agrado.jpg\",\"articleSection\":[\"Corporal\",\"Facial\",\"Lifestyle\",\"Solar\",\"Todos\"],\"inLanguage\":\"pt-PT\",\"potentialAction\":[{\"@type\":\"CommentAction\",\"name\":\"Comment\",\"target\":[\"https:\\\/\\\/agradocosmetic.com\\\/como-preparar-tu-piel-para-el-verano\\\/#respond\"]}]},{\"@type\":\"WebPage\",\"@id\":\"https:\\\/\\\/agradocosmetic.com\\\/como-preparar-tu-piel-para-el-verano\\\/\",\"url\":\"https:\\\/\\\/agradocosmetic.com\\\/como-preparar-tu-piel-para-el-verano\\\/\",\"name\":\"C\u00f3mo preparar tu piel para el verano - Agrado\",\"isPartOf\":{\"@id\":\"https:\\\/\\\/agradocosmetic.com\\\/#website\"},\"primaryImageOfPage\":{\"@id\":\"https:\\\/\\\/agradocosmetic.com\\\/como-preparar-tu-piel-para-el-verano\\\/#primaryimage\"},\"image\":{\"@id\":\"https:\\\/\\\/agradocosmetic.com\\\/como-preparar-tu-piel-para-el-verano\\\/#primaryimage\"},\"thumbnailUrl\":\"https:\\\/\\\/agradocosmetic.com\\\/wp-content\\\/uploads\\\/2020\\\/05\\\/preparar-piel-verano-agrado.jpg\",\"datePublished\":\"2020-05-15T07:41:26+00:00\",\"dateModified\":\"2023-11-18T16:58:54+00:00\",\"description\":\"Empieza ya a preparar tu piel para el verano con estos sencillos gestos que te ayudar\u00e1n a conseguir un bronceado bonito y saludable.\",\"breadcrumb\":{\"@id\":\"https:\\\/\\\/agradocosmetic.com\\\/como-preparar-tu-piel-para-el-verano\\\/#breadcrumb\"},\"inLanguage\":\"pt-PT\",\"potentialAction\":[{\"@type\":\"ReadAction\",\"target\":[\"https:\\\/\\\/agradocosmetic.com\\\/como-preparar-tu-piel-para-el-verano\\\/\"]}]},{\"@type\":\"ImageObject\",\"inLanguage\":\"pt-PT\",\"@id\":\"https:\\\/\\\/agradocosmetic.com\\\/como-preparar-tu-piel-para-el-verano\\\/#primaryimage\",\"url\":\"https:\\\/\\\/agradocosmetic.com\\\/wp-content\\\/uploads\\\/2020\\\/05\\\/preparar-piel-verano-agrado.jpg\",\"contentUrl\":\"https:\\\/\\\/agradocosmetic.com\\\/wp-content\\\/uploads\\\/2020\\\/05\\\/preparar-piel-verano-agrado.jpg\",\"width\":1200,\"height\":800},{\"@type\":\"BreadcrumbList\",\"@id\":\"https:\\\/\\\/agradocosmetic.com\\\/como-preparar-tu-piel-para-el-verano\\\/#breadcrumb\",\"itemListElement\":[{\"@type\":\"ListItem\",\"position\":1,\"name\":\"Portada\",\"item\":\"https:\\\/\\\/agradocosmetic.com\\\/\"},{\"@type\":\"ListItem\",\"position\":2,\"name\":\"C\u00f3mo preparar tu piel para el verano\"}]},{\"@type\":\"WebSite\",\"@id\":\"https:\\\/\\\/agradocosmetic.com\\\/#website\",\"url\":\"https:\\\/\\\/agradocosmetic.com\\\/\",\"name\":\"Agrado\",\"description\":\"Cosmetic\",\"publisher\":{\"@id\":\"https:\\\/\\\/agradocosmetic.com\\\/#organization\"},\"potentialAction\":[{\"@type\":\"SearchAction\",\"target\":{\"@type\":\"EntryPoint\",\"urlTemplate\":\"https:\\\/\\\/agradocosmetic.com\\\/?s={search_term_string}\"},\"query-input\":{\"@type\":\"PropertyValueSpecification\",\"valueRequired\":true,\"valueName\":\"search_term_string\"}}],\"inLanguage\":\"pt-PT\"},{\"@type\":\"Organization\",\"@id\":\"https:\\\/\\\/agradocosmetic.com\\\/#organization\",\"name\":\"Agrado\",\"url\":\"https:\\\/\\\/agradocosmetic.com\\\/\",\"logo\":{\"@type\":\"ImageObject\",\"inLanguage\":\"pt-PT\",\"@id\":\"https:\\\/\\\/agradocosmetic.com\\\/#\\\/schema\\\/logo\\\/image\\\/\",\"url\":\"https:\\\/\\\/agradocosmetic.com\\\/wp-content\\\/uploads\\\/2023\\\/07\\\/LOGO-AGRADO-WEB-01.png\",\"contentUrl\":\"https:\\\/\\\/agradocosmetic.com\\\/wp-content\\\/uploads\\\/2023\\\/07\\\/LOGO-AGRADO-WEB-01.png\",\"width\":1632,\"height\":300,\"caption\":\"Agrado\"},\"image\":{\"@id\":\"https:\\\/\\\/agradocosmetic.com\\\/#\\\/schema\\\/logo\\\/image\\\/\"}},{\"@type\":\"Person\",\"@id\":\"https:\\\/\\\/agradocosmetic.com\\\/#\\\/schema\\\/person\\\/732e8d396022e25f9340196f83d6789d\",\"name\":\"agradocosmetic\",\"image\":{\"@type\":\"ImageObject\",\"inLanguage\":\"pt-PT\",\"@id\":\"https:\\\/\\\/secure.gravatar.com\\\/avatar\\\/c6003e45301182b7e125463fcbec403b1980909c12edf09098526b9a15e779c0?s=96&d=mm&r=g\",\"url\":\"https:\\\/\\\/secure.gravatar.com\\\/avatar\\\/c6003e45301182b7e125463fcbec403b1980909c12edf09098526b9a15e779c0?s=96&d=mm&r=g\",\"contentUrl\":\"https:\\\/\\\/secure.gravatar.com\\\/avatar\\\/c6003e45301182b7e125463fcbec403b1980909c12edf09098526b9a15e779c0?s=96&d=mm&r=g\",\"caption\":\"agradocosmetic\"}}]}<\/script>\n<!-- \/ Yoast SEO plugin. -->","yoast_head_json":{"title":"C\u00f3mo preparar tu piel para el verano - Agrado","description":"Empieza ya a preparar tu piel para el verano con estos sencillos gestos que te ayudar\u00e1n a conseguir un bronceado bonito y saludable.","robots":{"index":"index","follow":"follow","max-snippet":"max-snippet:-1","max-image-preview":"max-image-preview:large","max-video-preview":"max-video-preview:-1"},"canonical":"https:\/\/agradocosmetic.com\/pt\/como-preparar-tu-piel-para-el-verano\/","og_locale":"pt_PT","og_type":"article","og_title":"C\u00f3mo preparar tu piel para el verano - Agrado","og_description":"Empieza ya a preparar tu piel para el verano con estos sencillos gestos que te ayudar\u00e1n a conseguir un bronceado bonito y saludable.","og_url":"https:\/\/agradocosmetic.com\/pt\/como-preparar-tu-piel-para-el-verano\/","og_site_name":"Agrado","article_published_time":"2020-05-15T07:41:26+00:00","article_modified_time":"2023-11-18T16:58:54+00:00","og_image":[{"width":1200,"height":800,"url":"https:\/\/agradocosmetic.com\/wp-content\/uploads\/2020\/05\/preparar-piel-verano-agrado.jpg","type":"image\/jpeg"}],"author":"agradocosmetic","twitter_card":"summary_large_image","twitter_misc":{"Escrito por":"agradocosmetic","Tempo estimado de leitura":"3 minutos"},"schema":{"@context":"https:\/\/schema.org","@graph":[{"@type":"Article","@id":"https:\/\/agradocosmetic.com\/como-preparar-tu-piel-para-el-verano\/#article","isPartOf":{"@id":"https:\/\/agradocosmetic.com\/como-preparar-tu-piel-para-el-verano\/"},"author":{"name":"agradocosmetic","@id":"https:\/\/agradocosmetic.com\/#\/schema\/person\/732e8d396022e25f9340196f83d6789d"},"headline":"C\u00f3mo preparar tu piel para el verano","datePublished":"2020-05-15T07:41:26+00:00","dateModified":"2023-11-18T16:58:54+00:00","mainEntityOfPage":{"@id":"https:\/\/agradocosmetic.com\/como-preparar-tu-piel-para-el-verano\/"},"wordCount":554,"commentCount":0,"publisher":{"@id":"https:\/\/agradocosmetic.com\/#organization"},"image":{"@id":"https:\/\/agradocosmetic.com\/como-preparar-tu-piel-para-el-verano\/#primaryimage"},"thumbnailUrl":"https:\/\/agradocosmetic.com\/wp-content\/uploads\/2020\/05\/preparar-piel-verano-agrado.jpg","articleSection":["Corporal","Facial","Lifestyle","Solar","Todos"],"inLanguage":"pt-PT","potentialAction":[{"@type":"CommentAction","name":"Comment","target":["https:\/\/agradocosmetic.com\/como-preparar-tu-piel-para-el-verano\/#respond"]}]},{"@type":"WebPage","@id":"https:\/\/agradocosmetic.com\/como-preparar-tu-piel-para-el-verano\/","url":"https:\/\/agradocosmetic.com\/como-preparar-tu-piel-para-el-verano\/","name":"C\u00f3mo preparar tu piel para el verano - Agrado","isPartOf":{"@id":"https:\/\/agradocosmetic.com\/#website"},"primaryImageOfPage":{"@id":"https:\/\/agradocosmetic.com\/como-preparar-tu-piel-para-el-verano\/#primaryimage"},"image":{"@id":"https:\/\/agradocosmetic.com\/como-preparar-tu-piel-para-el-verano\/#primaryimage"},"thumbnailUrl":"https:\/\/agradocosmetic.com\/wp-content\/uploads\/2020\/05\/preparar-piel-verano-agrado.jpg","datePublished":"2020-05-15T07:41:26+00:00","dateModified":"2023-11-18T16:58:54+00:00","description":"Empieza ya a preparar tu piel para el verano con estos sencillos gestos que te ayudar\u00e1n a conseguir un bronceado bonito y saludable.","breadcrumb":{"@id":"https:\/\/agradocosmetic.com\/como-preparar-tu-piel-para-el-verano\/#breadcrumb"},"inLanguage":"pt-PT","potentialAction":[{"@type":"ReadAction","target":["https:\/\/agradocosmetic.com\/como-preparar-tu-piel-para-el-verano\/"]}]},{"@type":"ImageObject","inLanguage":"pt-PT","@id":"https:\/\/agradocosmetic.com\/como-preparar-tu-piel-para-el-verano\/#primaryimage","url":"https:\/\/agradocosmetic.com\/wp-content\/uploads\/2020\/05\/preparar-piel-verano-agrado.jpg","contentUrl":"https:\/\/agradocosmetic.com\/wp-content\/uploads\/2020\/05\/preparar-piel-verano-agrado.jpg","width":1200,"height":800},{"@type":"BreadcrumbList","@id":"https:\/\/agradocosmetic.com\/como-preparar-tu-piel-para-el-verano\/#breadcrumb","itemListElement":[{"@type":"ListItem","position":1,"name":"Portada","item":"https:\/\/agradocosmetic.com\/"},{"@type":"ListItem","position":2,"name":"C\u00f3mo preparar tu piel para el verano"}]},{"@type":"WebSite","@id":"https:\/\/agradocosmetic.com\/#website","url":"https:\/\/agradocosmetic.com\/","name":"Gosto","description":"Cosm\u00e9tico","publisher":{"@id":"https:\/\/agradocosmetic.com\/#organization"},"potentialAction":[{"@type":"SearchAction","target":{"@type":"EntryPoint","urlTemplate":"https:\/\/agradocosmetic.com\/?s={search_term_string}"},"query-input":{"@type":"PropertyValueSpecification","valueRequired":true,"valueName":"search_term_string"}}],"inLanguage":"pt-PT"},{"@type":"Organization","@id":"https:\/\/agradocosmetic.com\/#organization","name":"Gosto","url":"https:\/\/agradocosmetic.com\/","logo":{"@type":"ImageObject","inLanguage":"pt-PT","@id":"https:\/\/agradocosmetic.com\/#\/schema\/logo\/image\/","url":"https:\/\/agradocosmetic.com\/wp-content\/uploads\/2023\/07\/LOGO-AGRADO-WEB-01.png","contentUrl":"https:\/\/agradocosmetic.com\/wp-content\/uploads\/2023\/07\/LOGO-AGRADO-WEB-01.png","width":1632,"height":300,"caption":"Agrado"},"image":{"@id":"https:\/\/agradocosmetic.com\/#\/schema\/logo\/image\/"}},{"@type":"Person","@id":"https:\/\/agradocosmetic.com\/#\/schema\/person\/732e8d396022e25f9340196f83d6789d","name":"agradocosm\u00e9tico","image":{"@type":"ImageObject","inLanguage":"pt-PT","@id":"https:\/\/secure.gravatar.com\/avatar\/c6003e45301182b7e125463fcbec403b1980909c12edf09098526b9a15e779c0?s=96&d=mm&r=g","url":"https:\/\/secure.gravatar.com\/avatar\/c6003e45301182b7e125463fcbec403b1980909c12edf09098526b9a15e779c0?s=96&d=mm&r=g","contentUrl":"https:\/\/secure.gravatar.com\/avatar\/c6003e45301182b7e125463fcbec403b1980909c12edf09098526b9a15e779c0?s=96&d=mm&r=g","caption":"agradocosmetic"}}]}},"_links":{"self":[{"href":"https:\/\/agradocosmetic.com\/pt\/wp-json\/wp\/v2\/posts\/9264","targetHints":{"allow":["GET"]}}],"collection":[{"href":"https:\/\/agradocosmetic.com\/pt\/wp-json\/wp\/v2\/posts"}],"about":[{"href":"https:\/\/agradocosmetic.com\/pt\/wp-json\/wp\/v2\/types\/post"}],"author":[{"embeddable":true,"href":"https:\/\/agradocosmetic.com\/pt\/wp-json\/wp\/v2\/users\/9"}],"replies":[{"embeddable":true,"href":"https:\/\/agradocosmetic.com\/pt\/wp-json\/wp\/v2\/comments?post=9264"}],"version-history":[{"count":1,"href":"https:\/\/agradocosmetic.com\/pt\/wp-json\/wp\/v2\/posts\/9264\/revisions"}],"predecessor-version":[{"id":21371,"href":"https:\/\/agradocosmetic.com\/pt\/wp-json\/wp\/v2\/posts\/9264\/revisions\/21371"}],"wp:featuredmedia":[{"embeddable":true,"href":"https:\/\/agradocosmetic.com\/pt\/wp-json\/wp\/v2\/media\/21370"}],"wp:attachment":[{"href":"https:\/\/agradocosmetic.com\/pt\/wp-json\/wp\/v2\/media?parent=9264"}],"wp:term":[{"taxonomy":"category","embeddable":true,"href":"https:\/\/agradocosmetic.com\/pt\/wp-json\/wp\/v2\/categories?post=9264"},{"taxonomy":"post_tag","embeddable":true,"href":"https:\/\/agradocosmetic.com\/pt\/wp-json\/wp\/v2\/tags?post=9264"}],"curies":[{"name":"wp","href":"https:\/\/api.w.org\/{rel}","templated":true}]}}